{"id":177098,"date":"2025-12-29T23:15:16","date_gmt":"2025-12-29T23:15:16","guid":{"rendered":"https:\/\/www.europesays.com\/pl\/177098\/"},"modified":"2025-12-29T23:15:16","modified_gmt":"2025-12-29T23:15:16","slug":"slaska-policja-rozbila-grupe-przestepcza-prowadzlila-agencje-towarzyska-w-tychach","status":"publish","type":"post","link":"https:\/\/www.europesays.com\/pl\/177098\/","title":{"rendered":"\u015al\u0105ska policja rozbi\u0142a grup\u0119 przest\u0119pcz\u0105. Prowadzli\u0142a agencj\u0119 towarzysk\u0105 w Tychach"},"content":{"rendered":"<p class=\"ods-c-paragraph \">S\u0142u\u017cby prowadzi\u0142y dzia\u0142ania w ramach \u015bledztwa nadzorowanego przez Prokuratur\u0119 Okr\u0119gow\u0105 w Gliwicach. Jak ustalili \u015bledczy, grupa dzia\u0142a\u0142a co najmniej od czterech lat, prowadz\u0105c w Tychach agencj\u0119 towarzysk\u0105. Zatrudnione tam kobiety \u015bwiadczy\u0142y us\u0142ugi seksualne, jednak wi\u0119kszo\u015b\u0107 zarobionych pieni\u0119dzy trafia\u0142a do w\u0142a\u015bcicieli lokalu oraz do wsp\u00f3\u0142pracuj\u0105cych z nimi taks\u00f3wkarzy, kt\u00f3rzy dowozili klient\u00f3w.<\/p>\n<p>Dalszy ci\u0105g artyku\u0142u pod materia\u0142em wideo<\/p>\n<p> Jak d\u0142ugo dzia\u0142a\u0142a grupa przest\u0119pcza? <\/p>\n<p> Ile os\u00f3b zosta\u0142o zatrzymanych? <\/p>\n<p> Jakie dzia\u0142ania prowadzi\u0142y s\u0142u\u017cby? <\/p>\n<p> Jakie kary gro\u017c\u0105 zatrzymanym? <\/p>\n<p>  \u015al\u0105scy funkcjonariusze rozbili grup\u0119 przest\u0119pcz\u0105. Prowadzi\u0142a agencj\u0119 towarzysk\u0105 w Tychach<\/p>\n<p class=\"ods-c-paragraph \">\u015al\u0105ska policja przekaza\u0142a, \u017ce w\u015br\u00f3d zatrzymanych znalaz\u0142y si\u0119 trzy kobiety w wieku 24, 25 i 29 lat oraz trzech m\u0119\u017cczyzn w wieku 31, 46 oraz 58 lat. Byli to m.in. w\u0142a\u015bciciele agencji, mened\u017cerka, ochroniarz oraz taks\u00f3wkarz. Podejrzanym zarzucono nie tylko udzia\u0142 w zorganizowanej grupie przest\u0119pczej, ale te\u017c pranie brudnych pieni\u0119dzy oraz dokonanie rozboju na jednym z klient\u00f3w lokalu.<\/p>\n<p class=\"ods-c-paragraph \">Podczas przeszuka\u0144 policjanci zabezpieczyli telefony kom\u00f3rkowe, laptopy, dokumentacj\u0119 rozliczeniow\u0105, kas\u0119 fiskaln\u0105 oraz got\u00f3wk\u0119 \u2014 ponad 21 tys. z\u0142 i walut\u0119 obc\u0105. Zebrany materia\u0142 dowodowy, w tym zeznania \u015bwiadk\u00f3w i wyniki ogl\u0119dzin, potwierdzi\u0142 skal\u0119 nielegalnej dzia\u0142alno\u015bci.<\/p>\n<p class=\"ods-c-paragraph \">Decyzj\u0105 s\u0105du troje podejrzanych, tj. 24-letnia kobieta oraz m\u0119\u017cczy\u017ani w wieku 31 i 58 lat, trafili do tymczasowego aresztu na trzy miesi\u0105ce. Wobec pozosta\u0142ych zastosowano \u015brodki wolno\u015bciowe, takie jak doz\u00f3r policyjny, por\u0119czenia maj\u0105tkowe, zakaz opuszczania kraju oraz kontaktowania si\u0119 mi\u0119dzy sob\u0105. Zatrzymanym grozi kara do 10 lat pozbawienia wolno\u015bci, a \u015bledczy podkre\u015blaj\u0105, \u017ce sprawa ma charakter rozwojowy.<\/p>\n","protected":false},"excerpt":{"rendered":"S\u0142u\u017cby prowadzi\u0142y dzia\u0142ania w ramach \u015bledztwa nadzorowanego przez Prokuratur\u0119 Okr\u0119gow\u0105 w Gliwicach. Jak ustalili \u015bledczy, grupa dzia\u0142a\u0142a co&hellip;\n","protected":false},"author":2,"featured_media":177099,"comment_status":"","ping_status":"","sticky":false,"template":"","format":"standard","meta":{"footnotes":""},"categories":[12],"tags":[32,33,36,37,27,4320,49,34,35,28,31,48,25,46,42,38,414,40,39,41,47,1886,29,30,5113,26,1299],"class_list":{"0":"post-177098","1":"post","2":"type-post","3":"status-publish","4":"format-standard","5":"has-post-thumbnail","7":"category-polska","8":"tag-breaking-news","9":"tag-breakingnews","10":"tag-featured-news","11":"tag-featurednews","12":"tag-headlines","13":"tag-katowice","14":"tag-kraj","15":"tag-latest-news","16":"tag-latestnews","17":"tag-naglowki","18":"tag-najwazniejsze-artykuly","19":"tag-nat_styl","20":"tag-news","21":"tag-omp","22":"tag-pl","23":"tag-poland","24":"tag-policja","25":"tag-polish","26":"tag-polska","27":"tag-polski","28":"tag-screening_general","29":"tag-slask_slazacy_wojewodztwo_slaskie","30":"tag-top-stories","31":"tag-topstories","32":"tag-tychy","33":"tag-wiadomosci","34":"tag-zatrzymanie"},"share_on_mastodon":{"url":"https:\/\/pubeurope.com\/@pl\/115805403439627456","error":""},"_links":{"self":[{"href":"https:\/\/www.europesays.com\/pl\/wp-json\/wp\/v2\/posts\/177098","targetHints":{"allow":["GET"]}}],"collection":[{"href":"https:\/\/www.europesays.com\/pl\/wp-json\/wp\/v2\/posts"}],"about":[{"href":"https:\/\/www.europesays.com\/pl\/wp-json\/wp\/v2\/types\/post"}],"author":[{"embeddable":true,"href":"https:\/\/www.europesays.com\/pl\/wp-json\/wp\/v2\/users\/2"}],"replies":[{"embeddable":true,"href":"https:\/\/www.europesays.com\/pl\/wp-json\/wp\/v2\/comments?post=177098"}],"version-history":[{"count":0,"href":"https:\/\/www.europesays.com\/pl\/wp-json\/wp\/v2\/posts\/177098\/revisions"}],"wp:featuredmedia":[{"embeddable":true,"href":"https:\/\/www.europesays.com\/pl\/wp-json\/wp\/v2\/media\/177099"}],"wp:attachment":[{"href":"https:\/\/www.europesays.com\/pl\/wp-json\/wp\/v2\/media?parent=177098"}],"wp:term":[{"taxonomy":"category","embeddable":true,"href":"https:\/\/www.europesays.com\/pl\/wp-json\/wp\/v2\/categories?post=177098"},{"taxonomy":"post_tag","embeddable":true,"href":"https:\/\/www.europesays.com\/pl\/wp-json\/wp\/v2\/tags?post=177098"}],"curies":[{"name":"wp","href":"https:\/\/api.w.org\/{rel}","templated":true}]}}