{"id":177120,"date":"2025-12-29T23:28:08","date_gmt":"2025-12-29T23:28:08","guid":{"rendered":"https:\/\/www.europesays.com\/pl\/177120\/"},"modified":"2025-12-29T23:28:08","modified_gmt":"2025-12-29T23:28:08","slug":"usa-zaatakowaly-port-w-wenezueli-donald-trump-potwierdza","status":"publish","type":"post","link":"https:\/\/www.europesays.com\/pl\/177120\/","title":{"rendered":"USA zaatakowa\u0142y port w Wenezueli. Donald Trump potwierdza"},"content":{"rendered":"<p>W poniedzia\u0142ek 29 grudnia prezydent USA Donald Trump zosta\u0142 zapytany o\u00a0swoje s\u0142owa z\u00a0pi\u0105tkowego wywiadu dla nowojorskiego radia WABC. Prezydent sugerowa\u0142 wtedy, \u017ce 24 grudnia Stany Zjednoczone przeprowadzi\u0142y atak przeciwko &#8222;du\u017cej instalacji&#8221; w\u00a0Wenezueli. <\/p>\n<p>Dino chce mie\u0107 stacje. Ekspert m\u00f3wi, ile powinno kosztowa\u0107 paliwo <\/p>\n<p>Trump potwierdzi\u0142, \u017ce tak jego administracja dokona\u0142a ataku. \u2013\u00a0Dosz\u0142o do du\u017cej eksplozji w\u00a0obszarze dok\u00f3w, gdzie oni \u0142aduj\u0105 swoje \u0142odzie narkotykami \u2013 powiedzia\u0142 Trump. To pierwszy przypadek potwierdzonego ataku USA na terytorium Wenezueli. Ameryka\u0144ska marynarka wojenna utrzymuje blokad\u0119 wok\u00f3\u0142 kraju. <\/p>\n<p>Trump nie zdradzi\u0142 jednak szczeg\u00f3\u0142\u00f3w dotycz\u0105cych miejsca, czasu ani metody ataku. W\u00a0pi\u0105tkowym wywiadzie m\u00f3wi\u0142, \u017ce instalacje te zosta\u0142y &#8222;po prostu wysadzone&#8221;. \u2013\u00a0Nie wiem, czy czytali\u015bcie, czy widzieli\u015bcie \u2013\u00a0maj\u0105 du\u017c\u0105 fabryk\u0119 albo du\u017cy zak\u0142ad (&#8230;) sk\u0105d wychodz\u0105 statki \u2013\u00a0m\u00f3wi\u0142 prezydent w\u00a0programie. \u2013\u00a0Dwie noce temu to rozwalili\u015bmy. Wi\u0119c uderzyli\u015bmy w\u00a0nich bardzo mocno \u2013\u00a0doda\u0142.<\/p>\n<p>The New York Times, powo\u0142uj\u0105c si\u0119 na anonimowe \u017ar\u00f3d\u0142a w\u00a0administracji Trumpa, przekaza\u0142, \u017ce zaatakowany obiekt zosta\u0142 uznany przez ameryka\u0144skie wojsko za miejsce wytwarzania narkotyk\u00f3w. Trump powiedzia\u0142, \u017ce rozmawia\u0142 z\u00a0przyw\u00f3dc\u0105 Wenezueli Nicolasem Maduro &#8222;do\u015b\u0107 niedawno&#8221;, lecz &#8222;niewiele z\u00a0tego wynik\u0142o&#8221;. <\/p>\n<p>Prezydent USA pr\u00f3buje wymusi\u0107 na Maduro ust\u0105pienie ze swojego stanowiska. Wed\u0142ug doniesie\u0144 ameryka\u0144skich medi\u00f3w, Trump mia\u0142 zaproponowa\u0107 Maduro bezpieczny wyjazd do kraju trzeciego, lecz dyktator za\u017c\u0105da\u0142 dodatkowo amnestii dla siebie i\u00a0swojego otoczenia. <\/p>\n<p>\u0179r\u00f3d\u0142o: PAP \/\u00a0WP \/\u00a0The Guardian<\/p>\n","protected":false},"excerpt":{"rendered":"W poniedzia\u0142ek 29 grudnia prezydent USA Donald Trump zosta\u0142 zapytany o\u00a0swoje s\u0142owa z\u00a0pi\u0105tkowego wywiadu dla nowojorskiego radia WABC.&hellip;\n","protected":false},"author":2,"featured_media":177121,"comment_status":"","ping_status":"","sticky":false,"template":"","format":"standard","meta":{"footnotes":""},"categories":[14],"tags":[32,33,27,34,35,28,31,25,40,41,80,29,30,26,82,83,84],"class_list":{"0":"post-177120","1":"post","2":"type-post","3":"status-publish","4":"format-standard","5":"has-post-thumbnail","7":"category-swiat","8":"tag-breaking-news","9":"tag-breakingnews","10":"tag-headlines","11":"tag-latest-news","12":"tag-latestnews","13":"tag-naglowki","14":"tag-najwazniejsze-artykuly","15":"tag-news","16":"tag-polish","17":"tag-polski","18":"tag-swiat","19":"tag-top-stories","20":"tag-topstories","21":"tag-wiadomosci","22":"tag-world","23":"tag-world-news","24":"tag-worldnews"},"share_on_mastodon":{"url":"https:\/\/pubeurope.com\/@pl\/115805454560618309","error":""},"_links":{"self":[{"href":"https:\/\/www.europesays.com\/pl\/wp-json\/wp\/v2\/posts\/177120","targetHints":{"allow":["GET"]}}],"collection":[{"href":"https:\/\/www.europesays.com\/pl\/wp-json\/wp\/v2\/posts"}],"about":[{"href":"https:\/\/www.europesays.com\/pl\/wp-json\/wp\/v2\/types\/post"}],"author":[{"embeddable":true,"href":"https:\/\/www.europesays.com\/pl\/wp-json\/wp\/v2\/users\/2"}],"replies":[{"embeddable":true,"href":"https:\/\/www.europesays.com\/pl\/wp-json\/wp\/v2\/comments?post=177120"}],"version-history":[{"count":0,"href":"https:\/\/www.europesays.com\/pl\/wp-json\/wp\/v2\/posts\/177120\/revisions"}],"wp:featuredmedia":[{"embeddable":true,"href":"https:\/\/www.europesays.com\/pl\/wp-json\/wp\/v2\/media\/177121"}],"wp:attachment":[{"href":"https:\/\/www.europesays.com\/pl\/wp-json\/wp\/v2\/media?parent=177120"}],"wp:term":[{"taxonomy":"category","embeddable":true,"href":"https:\/\/www.europesays.com\/pl\/wp-json\/wp\/v2\/categories?post=177120"},{"taxonomy":"post_tag","embeddable":true,"href":"https:\/\/www.europesays.com\/pl\/wp-json\/wp\/v2\/tags?post=177120"}],"curies":[{"name":"wp","href":"https:\/\/api.w.org\/{rel}","templated":true}]}}