{"id":177128,"date":"2025-12-29T23:32:07","date_gmt":"2025-12-29T23:32:07","guid":{"rendered":"https:\/\/www.europesays.com\/pl\/177128\/"},"modified":"2025-12-29T23:32:07","modified_gmt":"2025-12-29T23:32:07","slug":"internauci-zarzucili-zonie-kopczynskiego-smutek-na-slubie-nie-bylo-do-smiechu-2","status":"publish","type":"post","link":"https:\/\/www.europesays.com\/pl\/177128\/","title":{"rendered":"Internauci zarzucili \u017conie Kopczy\u0144skiego &#8222;smutek&#8221; na \u015blubie. &#8222;Nie by\u0142o do \u015bmiechu&#8221;"},"content":{"rendered":"<p class=\"ods-c-paragraph \">Po publikacji zdj\u0119\u0107 z uroczysto\u015bci w mediach spo\u0142eczno\u015bciowych, internauci zwr\u00f3cili uwag\u0119 na widoczny brak u\u015bmiechu na twarzy panny m\u0142odej. W sieci pojawi\u0142y si\u0119 nieprzychylne komentarze, a niekt\u00f3rzy u\u017cytkownicy pr\u00f3bowali doszukiwa\u0107 si\u0119 ukrytych problem\u00f3w.<\/p>\n<p class=\"ods-c-paragraph \"><a href=\"https:\/\/kultura.onet.pl\/jacek-kopczynski\" id=\"8f621f51-5c5e-4a3d-a371-6761641c0ddb\" rel=\"nofollow noopener\" target=\"_blank\">Jacek Kopczy\u0144ski<\/a> postanowi\u0142 zabra\u0107 g\u0142os i na swoim Instagramie opublikowa\u0142 odezw\u0119 skierowan\u0105 do komentuj\u0105cych. \u2014 Zamie\u015bcili\u015bmy kilka zdj\u0119\u0107 z naszego \u015blubu po to, \u017ceby podzieli\u0107 si\u0119 z wami t\u0105 w sumie radosn\u0105 chwil\u0105. Taka powinna by\u0107. Dostali\u015bmy mn\u00f3stwo komentarzy, \u017ce moja \u017cona, Agnieszka, jest smutna, wynios\u0142a, sztywna \u2014 przyzna\u0142 Kopczy\u0144ski.<\/p>\n<p>Dalszy ci\u0105g artyku\u0142u pod materia\u0142em wideo<\/p>\n<p> Dlaczego \u017cona Kopczy\u0144skiego wygl\u0105da\u0142a na smutn\u0105 na \u015blubie? <\/p>\n<p> Co wydarzy\u0142o si\u0119 na kr\u00f3tko przed \u015blubem Kopczy\u0144skiego? <\/p>\n<p> Jak Jacek Kopczy\u0144ski zareagowa\u0142 na krytyk\u0119 internauut\u00f3w? <\/p>\n<p> Dlaczego Kopczy\u0144ski zablokowa\u0142 mo\u017cliwo\u015b\u0107 komentowania na swoim nagraniu? <\/p>\n<p>     Zarzucili jego \u017conie &#8222;smutek&#8221; na \u015blubie. &#8222;By\u0142o jej przykro&#8221;<\/p>\n<p class=\"ods-c-paragraph \">W swoim wpisie aktor wyja\u015bni\u0142, \u017ce pow\u00f3d zachowania \u017cony by\u0142 wyj\u0105tkowo trudny.<\/p>\n<p class=\"ods-c-paragraph \">\u2014 Cztery godziny przed \u015blubem dowiedzieli\u015bmy si\u0119, \u017ce m\u00f3j ojciec, kt\u00f3ry kocha\u0142 mnie, ja go kocha\u0142em przez 43 lata mojego \u017cycia&#8230; Ojciec, ojczym w zasadzie, bardzo \u017ale si\u0119 poczu\u0142, wi\u0119c jak wiecie, nie by\u0142o nam do \u015bmiechu \u2014 t\u0142umaczy\u0142.<\/p>\n<blockquote class=\"ods-o-quota\">\n<p class=\"ods-o-quota__paragraph\">Agnieszka jest bardzo uczuciow\u0105 osob\u0105, by\u0142a po prostu smutna i ca\u0142y czas my\u015bla\u0142a o tym, czy jest dobrze, czy \u017ale. Niestety, podczas przyj\u0119cia weselnego dowiedzieli\u015bmy si\u0119, \u017ce zmar\u0142. Wi\u0119c sami rozumiecie, \u017ce nie by\u0142o jej do \u015bmiechu. A nie jest tak dobr\u0105 aktork\u0105, \u017ceby przykrywa\u0107 to wszystko u\u015bmiechem. Po prostu by\u0142o jej przykro i smutno, ale to by\u0142 nasz dzie\u0144, wi\u0119c robili\u015bmy, co mogli\u015bmy<\/p>\n<\/blockquote>\n<p class=\"ods-c-paragraph \">\u2014 doda\u0142 Kopczy\u0144ski.<\/p>\n<p class=\"ods-c-paragraph \">Na zako\u0144czenie nagrania aktor zaapelowa\u0142 do internaut\u00f3w o rozwag\u0119 i pow\u015bci\u0105gliwo\u015b\u0107 w komentowaniu cudzych zdj\u0119\u0107. \u2014 Dzi\u0119kujemy wszystkim, kt\u00f3rzy daj\u0105 nam dobre rady, ale pomy\u015blcie, \u017ce czasami co\u015b si\u0119 dzieje, o czym nie wiecie, wi\u0119c mo\u017ce warto si\u0119 zastanowi\u0107 \u2014 podsumowa\u0142.<\/p>\n<p class=\"ods-c-paragraph \">Kopczy\u0144ski zdecydowa\u0142 si\u0119 r\u00f3wnie\u017c zablokowa\u0107 mo\u017cliwo\u015b\u0107 komentowania nagrania.<\/p>\n<p class=\"ods-c-paragraph \">Zobacz te\u017c: <\/p>\n","protected":false},"excerpt":{"rendered":"Po publikacji zdj\u0119\u0107 z uroczysto\u015bci w mediach spo\u0142eczno\u015bciowych, internauci zwr\u00f3cili uwag\u0119 na widoczny brak u\u015bmiechu na twarzy panny&hellip;\n","protected":false},"author":2,"featured_media":177129,"comment_status":"","ping_status":"","sticky":false,"template":"","format":"standard","meta":{"footnotes":""},"categories":[22],"tags":[1942,122,18930,1154,48,46,42,38,40,39,41,123,47],"class_list":{"0":"post-177128","1":"post","2":"type-post","3":"status-publish","4":"format-standard","5":"has-post-thumbnail","7":"category-rozrywka","8":"tag-celebryci","9":"tag-entertainment","10":"tag-jacek_kopczynski","11":"tag-media_spolecznosciowe","12":"tag-nat_styl","13":"tag-omp","14":"tag-pl","15":"tag-poland","16":"tag-polish","17":"tag-polska","18":"tag-polski","19":"tag-rozrywka","20":"tag-screening_general"},"share_on_mastodon":{"url":"https:\/\/pubeurope.com\/@pl\/115805470261466385","error":""},"_links":{"self":[{"href":"https:\/\/www.europesays.com\/pl\/wp-json\/wp\/v2\/posts\/177128","targetHints":{"allow":["GET"]}}],"collection":[{"href":"https:\/\/www.europesays.com\/pl\/wp-json\/wp\/v2\/posts"}],"about":[{"href":"https:\/\/www.europesays.com\/pl\/wp-json\/wp\/v2\/types\/post"}],"author":[{"embeddable":true,"href":"https:\/\/www.europesays.com\/pl\/wp-json\/wp\/v2\/users\/2"}],"replies":[{"embeddable":true,"href":"https:\/\/www.europesays.com\/pl\/wp-json\/wp\/v2\/comments?post=177128"}],"version-history":[{"count":0,"href":"https:\/\/www.europesays.com\/pl\/wp-json\/wp\/v2\/posts\/177128\/revisions"}],"wp:featuredmedia":[{"embeddable":true,"href":"https:\/\/www.europesays.com\/pl\/wp-json\/wp\/v2\/media\/177129"}],"wp:attachment":[{"href":"https:\/\/www.europesays.com\/pl\/wp-json\/wp\/v2\/media?parent=177128"}],"wp:term":[{"taxonomy":"category","embeddable":true,"href":"https:\/\/www.europesays.com\/pl\/wp-json\/wp\/v2\/categories?post=177128"},{"taxonomy":"post_tag","embeddable":true,"href":"https:\/\/www.europesays.com\/pl\/wp-json\/wp\/v2\/tags?post=177128"}],"curies":[{"name":"wp","href":"https:\/\/api.w.org\/{rel}","templated":true}]}}