{"id":177132,"date":"2025-12-29T23:35:10","date_gmt":"2025-12-29T23:35:10","guid":{"rendered":"https:\/\/www.europesays.com\/pl\/177132\/"},"modified":"2025-12-29T23:35:10","modified_gmt":"2025-12-29T23:35:10","slug":"rozmowa-trump-nawrocki-minister-ujawnil-szczegoly","status":"publish","type":"post","link":"https:\/\/www.europesays.com\/pl\/177132\/","title":{"rendered":"Rozmowa Trump-Nawrocki. Minister ujawni\u0142 szczeg\u00f3\u0142y"},"content":{"rendered":"<p>W niedziel\u0119 w rezydencji Mar-a-Lago Donald Trump spotka\u0142 si\u0119 z Wo\u0142odymyrem Ze\u0142enskim, by om\u00f3wi\u0107 plan pokojowy dla Ukrainy. Po zako\u0144czeniu szczytu prezydent USA wzi\u0105\u0142 udzia\u0142 w wideokonferencji, na kt\u00f3rej Polsk\u0119 reprezentowa\u0142 prezydent Karol Nawrocki.<\/p>\n<p>\u00a0<\/p>\n<p>&#8211; Karol Nawrocki przekonywa\u0142 ameryka\u0144skiego przyw\u00f3dc\u0119 Donalda Trumpa, \u017ce Rosja nie dotrzymuje um\u00f3w i \u017ce nie mo\u017cna ufa\u0107 W\u0142adimirowi Putinowi &#8211; przekaza\u0142 Marcin Przydacz.<\/p>\n<p>\u00a0<\/p>\n<p>ZOBACZ: <a href=\"https:\/\/www.polsatnews.pl\/wiadomosc\/2025-12-28\/nawrocki-uczestniczyl-w-rozmowie-z-przywodcami-donald-trump-potwierdza\/\" target=\"_blank\" rel=\"noopener noreferrer nofollow\">Nawrocki uczestniczy\u0142 w rozmowie z przyw\u00f3dcami. Donald Trump potwierdza<\/a><\/p>\n<p>\u00a0<\/p>\n<p>&#8211; Nie nale\u017cy ufa\u0107 W\u0142adimirowi Putinowi, to zosta\u0142o powiedziane wprost &#8211; doda\u0142 wsp\u00f3\u0142pracownik prezydenta Nawrockiego.<\/p>\n<p>\u00a0<\/p>\n<p>W ocenie Przydacza polski prezydent mo\u017ce odegra\u0107 wa\u017cn\u0105 rol\u0119 w rozmowach ameryka\u0144sko-rosyjskich.<\/p>\n<p>\u00a0<\/p>\n<p>&#8211; Im wi\u0119cej zaufanych ludzi, takich, kt\u00f3rych Donald Trump w jakim\u015b sensie lubi, szanuje, chce z nimi rozmawia\u0107, b\u0119dzie przedstawia\u0107 t\u0119 rzeczywisto\u015b\u0107, tym mniejsza szansa, \u017ce inni, kt\u00f3rzy podszeptuj\u0105 jakie\u015b prorosyjskie narracje w Bia\u0142ym Domu, b\u0119d\u0105 s\u0142uchani &#8211; powiedzia\u0142 minister.<\/p>\n<p>Minister Przydacz o nominacjach w s\u0142u\u017cbach: Strona rz\u0105dowa zmienia podej\u015bcie\u00a0<\/p>\n<p>Prezydencki minister odni\u00f3s\u0142 si\u0119 tak\u017ce do propozycji wysuni\u0119tej przez W\u0142adys\u0142awa Kosiniaka-Kamysza. Szef MON-u chce spotkania z przedstawicielami prezydenta i koordynatorem s\u0142u\u017cb specjalnych Tomaszem Siemoniakiem, podczas kt\u00f3rego rozwi\u0105zany mia\u0142by zosta\u0107 sp\u00f3r wok\u00f3\u0142 nominacji dla funkcjonariuszy Agencji Bezpiecze\u0144stwa Wewn\u0119trznego i S\u0142u\u017cy Kontrwywiadu Wojskowego.<\/p>\n<p>\u00a0<\/p>\n<p>ZOBACZ: <a href=\"https:\/\/www.polsatnews.pl\/wiadomosc\/2025-12-17\/kosiniak-kamysz-uderza-w-ludzi-prezydenta-granica-chamstwa-i-klamstwa\/\" target=\"_blank\" rel=\"noopener noreferrer nofollow\">Kosiniak-Kamysz uderza w ludzi prezydenta. &#8222;Granica chamstwa i k\u0142amstwa&#8221;<\/a><\/p>\n<p>\u00a0<\/p>\n<p>&#8211; Wida\u0107, \u017ce strona rz\u0105dowa zmienia podej\u015bcie (&#8230;) Do takiego spotkania na pewno dojdzie. Tylko pytanie, po co by\u0142o przez kilka tygodni ogniskowa\u0107 uwag\u0119 opinii publicznej wok\u00f3\u0142 tego sporu? &#8211; pyta\u0142 Przydacz.<\/p>\n<p>\u00a0<\/p>\n<p>&#8211; Tylko trzeba chcie\u0107 ze sob\u0105 wsp\u00f3\u0142pracowa\u0107. I mam wra\u017cenie, \u017ce pan Kosiniak-Kamysz akurat jest jednym z niewielu, kt\u00f3ry chce wsp\u00f3\u0142pracowa\u0107 &#8211; oceni\u0142 polityk i doda\u0142, \u017ce podobnej wsp\u00f3\u0142pracy \u017cyczy\u0142by sobie w sprawie nominacji ambasadorskich pomi\u0119dzy Pa\u0142acem Prezydenckim a Ministerstwem Spraw Zagranicznych.<\/p>\n<p>\u00a0<\/p>\n<p>\u00a0<\/p>\n<p>Widzia\u0142e\u015b co\u015b wa\u017cnego? Przy\u015blij zdj\u0119cie, film lub napisz, co si\u0119 sta\u0142o. Skorzystaj z naszej <a href=\"https:\/\/www.polsatnews.pl\/platforma-widzow\/\" target=\"_blank\" rel=\"noopener noreferrer nofollow\">Wrzutni<\/a><\/p>\n<p>                <img decoding=\"async\" src=\"https:\/\/www.europesays.com\/pl\/wp-content\/uploads\/2025\/12\/b4f9eyvpzwhuc5ggo281gyptdwkhonwu.jpg\" alt=\"\" itemprop=\"contentUrl\" style=\"position:absolute; width: 100%; max-height: 100%;\"\/><video controls=\"\" controlslist=\"nodownload\" poster=\"https:\/\/www.europesays.com\/pl\/wp-content\/uploads\/2025\/12\/b4f9eyvpzwhuc5ggo281gyptdwkhonwu.jpg\" class=\"videoPlayer player6856106 news__video\" data-id=\"6856106\">Twoja przegl\u0105darka nie wspiera odtwarzacza wideo&#8230;<\/video><\/p>\n<p>                <a class=\"news__read-more-button\" href=\"https:\/\/www.polsatnews.pl\/\" rel=\"nofollow noopener\" target=\"_blank\">Czytaj wi\u0119cej<\/a><\/p>\n","protected":false},"excerpt":{"rendered":"W niedziel\u0119 w rezydencji Mar-a-Lago Donald Trump spotka\u0142 si\u0119 z Wo\u0142odymyrem Ze\u0142enskim, by om\u00f3wi\u0107 plan pokojowy dla Ukrainy.&hellip;\n","protected":false},"author":2,"featured_media":177133,"comment_status":"","ping_status":"","sticky":false,"template":"","format":"standard","meta":{"footnotes":""},"categories":[14],"tags":[32,33,27,34,35,28,31,25,40,41,80,29,30,26,82,83,84],"class_list":{"0":"post-177132","1":"post","2":"type-post","3":"status-publish","4":"format-standard","5":"has-post-thumbnail","7":"category-swiat","8":"tag-breaking-news","9":"tag-breakingnews","10":"tag-headlines","11":"tag-latest-news","12":"tag-latestnews","13":"tag-naglowki","14":"tag-najwazniejsze-artykuly","15":"tag-news","16":"tag-polish","17":"tag-polski","18":"tag-swiat","19":"tag-top-stories","20":"tag-topstories","21":"tag-wiadomosci","22":"tag-world","23":"tag-world-news","24":"tag-worldnews"},"share_on_mastodon":{"url":"https:\/\/pubeurope.com\/@pl\/115805482185308801","error":""},"_links":{"self":[{"href":"https:\/\/www.europesays.com\/pl\/wp-json\/wp\/v2\/posts\/177132","targetHints":{"allow":["GET"]}}],"collection":[{"href":"https:\/\/www.europesays.com\/pl\/wp-json\/wp\/v2\/posts"}],"about":[{"href":"https:\/\/www.europesays.com\/pl\/wp-json\/wp\/v2\/types\/post"}],"author":[{"embeddable":true,"href":"https:\/\/www.europesays.com\/pl\/wp-json\/wp\/v2\/users\/2"}],"replies":[{"embeddable":true,"href":"https:\/\/www.europesays.com\/pl\/wp-json\/wp\/v2\/comments?post=177132"}],"version-history":[{"count":0,"href":"https:\/\/www.europesays.com\/pl\/wp-json\/wp\/v2\/posts\/177132\/revisions"}],"wp:featuredmedia":[{"embeddable":true,"href":"https:\/\/www.europesays.com\/pl\/wp-json\/wp\/v2\/media\/177133"}],"wp:attachment":[{"href":"https:\/\/www.europesays.com\/pl\/wp-json\/wp\/v2\/media?parent=177132"}],"wp:term":[{"taxonomy":"category","embeddable":true,"href":"https:\/\/www.europesays.com\/pl\/wp-json\/wp\/v2\/categories?post=177132"},{"taxonomy":"post_tag","embeddable":true,"href":"https:\/\/www.europesays.com\/pl\/wp-json\/wp\/v2\/tags?post=177132"}],"curies":[{"name":"wp","href":"https:\/\/api.w.org\/{rel}","templated":true}]}}