{"id":177134,"date":"2025-12-29T23:36:22","date_gmt":"2025-12-29T23:36:22","guid":{"rendered":"https:\/\/www.europesays.com\/pl\/177134\/"},"modified":"2025-12-29T23:36:22","modified_gmt":"2025-12-29T23:36:22","slug":"pogoda-sciaga-zimowy-front-snieg-mroz-i-zamiecie-sniezne-w-wielu-regionach","status":"publish","type":"post","link":"https:\/\/www.europesays.com\/pl\/177134\/","title":{"rendered":"Pogoda \u015bci\u0105ga zimowy front. \u015anieg, mr\u00f3z i zamiecie \u015bnie\u017cne w wielu regionach"},"content":{"rendered":"<p class=\"article-p\" data-section=\"detail-body\">Zima coraz \u015bmielej wkracza do Polski. <a href=\"https:\/\/www.fakt.pl\/wydarzenia\/pogoda\" id=\"1b06f8b0-af4a-48f4-ae70-6c15c102e51d\" rel=\"nofollow noopener\" target=\"_blank\">Pogoda<\/a> zmienia si\u0119 z godziny na godzin\u0119, a s\u0142u\u017cby meteorologiczne ostrzegaj\u0105 przed trudnymi warunkami atmosferycznymi. Miejscami mo\u017cliwe s\u0105 zawieje i zamiecie \u015bnie\u017cne, lokalne burze oraz spadki temperatury poni\u017cej zera. Sprawd\u017a, kt\u00f3re regiony musz\u0105 szczeg\u00f3lnie uwa\u017ca\u0107.<\/p>\n<p>        \u015anieg i burze \u015bnie\u017cne w poniedzia\u0142ek. Najgro\u017aniej b\u0119dzie w tych regionach<\/p>\n<p class=\"article-p\" data-section=\"detail-body\">Od rana w poniedzia\u0142ek, 29 grudnia na po\u0142udniu kraju notuje si\u0119 najwi\u0119cej przeja\u015bnie\u0144, jednak w pozosta\u0142ych regionach przewa\u017caj\u0105 chmury i przelotne opady \u015bniegu, deszczu ze \u015bniegiem, a tak\u017ce marzn\u0105cego deszczu. Go\u0142oled\u017a pojawia si\u0119 zw\u0142aszcza tam, gdzie wilgo\u0107 zamarza na wych\u0142odzonym gruncie.<\/p>\n<p class=\"article-p\" data-section=\"detail-body\">W ci\u0105gu dnia przewiduje si\u0119 przewag\u0119 du\u017cego i ca\u0142kowitego zachmurzenia. Na Pomorzu oraz w rejonach g\u00f3rskich opad\u00f3w b\u0119dzie mniej. Na Warmii, Podlasiu i p\u00f3\u0142nocnym Mazowszu intensywne opady \u015bniegu mog\u0105 pojawi\u0107 si\u0119 po po\u0142udniu \u2014 w tych miejscach mo\u017cliwe s\u0105 r\u00f3wnie\u017c lokalne burze \u015bnie\u017cne.<\/p>\n<p>        Warunki na drogach mog\u0105 by\u0107 trudne. Gro\u017ane opady \u015bniegu i zamiecie<\/p>\n<p class=\"article-p\" data-section=\"detail-body\">W ci\u0105gu dnia temperatura maksymalna wyniesie od 0 st. C na po\u0142udniowym wschodzie do 4\u20135 st. C na Pomorzu i ziemi lubuskiej. W pozosta\u0142ych regionach termometry poka\u017c\u0105 oko\u0142o 1\u20133 st. C. Te r\u00f3\u017cnice mog\u0105 skutkowa\u0107 gwa\u0142townym oblodzeniem w miejscach przej\u015bciowych opad\u00f3w.<\/p>\n<p class=\"article-p\" data-section=\"detail-body\">Silny wiatr z zachodu i p\u00f3\u0142nocnego zachodu mo\u017ce utrudnia\u0107 sytuacj\u0119 \u2014 szczeg\u00f3lnie nad Zatok\u0105 Gda\u0144sk\u0105, gdzie porywy si\u0119gn\u0105 nawet 70 km na godz. Na <a href=\"https:\/\/www.fakt.pl\/temat\/baltyk\" id=\"caead49b-2e1b-4346-87c5-40a0c07f1b5e\" rel=\"nofollow noopener\" target=\"_blank\">Ba\u0142tyku<\/a> prognozowany jest sztorm o sile do 8 stopni w skali Beauforta. Nadmorskie regiony mog\u0105 by\u0107 zagro\u017cone zjawiskiem cofki.<\/p>\n<p>        Noc z intensywnymi opadami i mrozem. \u015aniegu b\u0119dzie przybywa\u0107, pojawi\u0105 si\u0119 \u015bnie\u017cyce<\/p>\n<p class=\"article-p\" data-section=\"detail-body\">Wieczorem i w nocy z poniedzia\u0142ku na wtorek sytuacja atmosferyczna nadal b\u0119dzie dynamiczna. Najspokojniej zapowiada si\u0119 na Pomorzu Zachodnim, gdzie mo\u017cliwe s\u0105 przeja\u015bnienia. W pozosta\u0142ych regionach przewa\u017ca\u0107 b\u0119dzie du\u017ce zachmurzenie i kolejne porcje \u015bniegu.<\/p>\n<p class=\"article-p\" data-section=\"detail-body\">Na po\u0142udniu, w centrum i na wschodzie mo\u017ce spa\u015b\u0107 od 5 do 8 cm \u015bniegu, a w g\u00f3rach przyrost pokrywy wyniesie ponad 10 cm. Na p\u00f3\u0142nocnym wschodzie oraz Pomorzu Gda\u0144skim wci\u0105\u017c mo\u017cliwe s\u0105 burze \u015bnie\u017cne. Poza \u015bniegiem pojawi si\u0119 tak\u017ce miejscami marzn\u0105cy deszcz.<\/p>\n<p class=\"article-p\" data-section=\"detail-body\"><a href=\"https:\/\/www.fakt.pl\/wydarzenia\/pogoda\/pogoda-25-listopada-imgw-wydalo-ostrzezenie-przed-intensywnymi-opadami\/ncvsqvj\" id=\"eff36f5c-97d5-402c-b669-a9e7bc56008c\" rel=\"nofollow noopener\" target=\"_blank\">Zimowa pogoda nadci\u0105ga na dobre nad Polsk\u0119. IMGW ostrzega, \u017ce to jeszcze nie wszystko!<\/a><\/p>\n<p>        Wiatr, cofka na Ba\u0142tyku. Te zjawiska zagro\u017c\u0105 dzi\u015b wieczorem i noc\u0105<\/p>\n<p class=\"article-p\" data-section=\"detail-body\">Wed\u0142ug radaru opad\u00f3w i pogody, w nocy temperatura znacznie si\u0119 obni\u017cy \u2014 na Podhalu do ok. -5 st. C, a w pozosta\u0142ej cz\u0119\u015bci kraju do -2\/-4 st. C. Jedynie nad samym morzem s\u0142upki rt\u0119ci mog\u0105 nieznacznie przekroczy\u0107 0 st. C. Wiatr nadal b\u0119dzie silny, zw\u0142aszcza nad morzem, gdzie porywy osi\u0105gn\u0105 nawet 80 km na godz.<\/p>\n<p class=\"article-p\" data-section=\"detail-body\">Zjawisko cofki mo\u017ce nadal zagra\u017ca\u0107 obszarom nadmorskim. Na Ba\u0142tyku utrzymaj\u0105 si\u0119 trudne warunki sztormowe, dlatego s\u0142u\u017cby apeluj\u0105 o ostro\u017cno\u015b\u0107. <a href=\"https:\/\/www.fakt.pl\/temat\/snieg\" id=\"9ff42e2e-e59a-4e4a-b906-e62e585faad4\" rel=\"nofollow noopener\" target=\"_blank\">Zima<\/a> wkracza do Polski z pe\u0142n\u0105 moc\u0105, a poniedzia\u0142kowe warunki b\u0119d\u0105 jedynie zapowiedzi\u0105 kolejnych dni z opadami i mrozem.<\/p>\n<p class=\"article-p\" data-section=\"detail-body\">\u0179r\u00f3d\u0142o: IMGW \/ Onet.pl<\/p>\n","protected":false},"excerpt":{"rendered":"Zima coraz \u015bmielej wkracza do Polski. Pogoda zmienia si\u0119 z godziny na godzin\u0119, a s\u0142u\u017cby meteorologiczne ostrzegaj\u0105 przed&hellip;\n","protected":false},"author":2,"featured_media":177135,"comment_status":"","ping_status":"","sticky":false,"template":"","format":"standard","meta":{"footnotes":""},"categories":[12],"tags":[32,33,36,37,27,34,35,28,31,25,42,38,40,39,41,29,30,26],"class_list":{"0":"post-177134","1":"post","2":"type-post","3":"status-publish","4":"format-standard","5":"has-post-thumbnail","7":"category-polska","8":"tag-breaking-news","9":"tag-breakingnews","10":"tag-featured-news","11":"tag-featurednews","12":"tag-headlines","13":"tag-latest-news","14":"tag-latestnews","15":"tag-naglowki","16":"tag-najwazniejsze-artykuly","17":"tag-news","18":"tag-pl","19":"tag-poland","20":"tag-polish","21":"tag-polska","22":"tag-polski","23":"tag-top-stories","24":"tag-topstories","25":"tag-wiadomosci"},"share_on_mastodon":{"url":"https:\/\/pubeurope.com\/@pl\/115805486092784920","error":""},"_links":{"self":[{"href":"https:\/\/www.europesays.com\/pl\/wp-json\/wp\/v2\/posts\/177134","targetHints":{"allow":["GET"]}}],"collection":[{"href":"https:\/\/www.europesays.com\/pl\/wp-json\/wp\/v2\/posts"}],"about":[{"href":"https:\/\/www.europesays.com\/pl\/wp-json\/wp\/v2\/types\/post"}],"author":[{"embeddable":true,"href":"https:\/\/www.europesays.com\/pl\/wp-json\/wp\/v2\/users\/2"}],"replies":[{"embeddable":true,"href":"https:\/\/www.europesays.com\/pl\/wp-json\/wp\/v2\/comments?post=177134"}],"version-history":[{"count":0,"href":"https:\/\/www.europesays.com\/pl\/wp-json\/wp\/v2\/posts\/177134\/revisions"}],"wp:featuredmedia":[{"embeddable":true,"href":"https:\/\/www.europesays.com\/pl\/wp-json\/wp\/v2\/media\/177135"}],"wp:attachment":[{"href":"https:\/\/www.europesays.com\/pl\/wp-json\/wp\/v2\/media?parent=177134"}],"wp:term":[{"taxonomy":"category","embeddable":true,"href":"https:\/\/www.europesays.com\/pl\/wp-json\/wp\/v2\/categories?post=177134"},{"taxonomy":"post_tag","embeddable":true,"href":"https:\/\/www.europesays.com\/pl\/wp-json\/wp\/v2\/tags?post=177134"}],"curies":[{"name":"wp","href":"https:\/\/api.w.org\/{rel}","templated":true}]}}