{"id":177157,"date":"2025-12-29T23:50:14","date_gmt":"2025-12-29T23:50:14","guid":{"rendered":"https:\/\/www.europesays.com\/pl\/177157\/"},"modified":"2025-12-29T23:50:14","modified_gmt":"2025-12-29T23:50:14","slug":"gornicy-dopieli-swego-jest-wazne-porozumienie-mamy-to","status":"publish","type":"post","link":"https:\/\/www.europesays.com\/pl\/177157\/","title":{"rendered":"G\u00f3rnicy dopi\u0119li swego. Jest wa\u017cne porozumienie. &#8222;Mamy to&#8221;"},"content":{"rendered":"<p>\t<a href=\"https:\/\/www.trends.eecpoland.eu\/pl\/\" target=\"_blank\" class=\"eec-promo-banner\" slot=\"banner-0\" rel=\"nofollow noopener\"><\/p>\n<p>\t                Wielow\u0105tkowa, intensywna debata o polskiej gospodarce w gronie przedstawicieli \u015bwiata biznesu, polityki oraz nauki i \u015brodowiska eksperckiego odb\u0119dzie si\u0119 9 lutego 2026 r. w Warszawie. Zapraszamy na EEC Trends. Rejestracja dost\u0119pna na stronie wydarzenia.<\/p>\n<p>\t<\/a><\/p>\n<ul>&#13;<\/p>\n<li>Porozumienie zawiera m.in. gwarancje alokacji dla pracownik\u00f3w sp\u00f3\u0142ki PG Silesia &#8211; w razie jej upad\u0142o\u015bci lub likwidacji &#8211; do kopal\u0144 Polskiej Grupy G\u00f3rniczej i Po\u0142udniowego Holdingu W\u0119glowego, a tak\u017ce deklaracj\u0119 w\u0142a\u015bciciela dotycz\u0105c\u0105 dalszej pracy kopalni w ramach dzier\u017cawy jej maj\u0105tku.<\/li>\n<p>&#13;<\/p>\n<li>Zwi\u0105zkowcy zapowiedzieli, \u017ce wobec powy\u017cszych gwarancji zatrudnienia prowadzony pod ziemi\u0105\u00a0od 22 grudnia protest zako\u0144czy si\u0119.<\/li>\n<p>&#13;<\/p>\n<li>Kilkadziesi\u0105t os\u00f3b zdecydowa\u0142o si\u0119 protestowa\u0107 z uwagi na takie, a nie inne traktowanie pracownik\u00f3w PG Silesia przez rz\u0105dz\u0105cych i nieobj\u0119cie ich nowelizacj\u0105 ustawy o funkcjonowaniu g\u00f3rnictwa.<\/li>\n<p>&#13;\n<\/ul>\n<p>W poniedzia\u0142ek\u00a0na temat kopalni Silesia zorganizowano rozmowy w ramach obrad Zespo\u0142u Tr\u00f3jstronnego do spraw Bezpiecze\u0144stwa Socjalnego G\u00f3rnik\u00f3w, kt\u00f3re zako\u0144czy\u0142y si\u0119 porozumieniem.<\/p>\n<p>Porozumienie zawiera m.in. z jednej strony gwarancje alokacji dla pracownik\u00f3w sp\u00f3\u0142ki PG Silesia &#8211; w razie jej upad\u0142o\u015bci lub likwidacji &#8211; do kopal\u0144 Polskiej Grupy G\u00f3rniczej i Po\u0142udniowego Holdingu W\u0119glowego, a z drugiej strony deklaracj\u0119 w\u0142a\u015bciciela dot. dalszej pracy kopalni w ramach dzier\u017cawy jej maj\u0105tku.<\/p>\n<p>W spotkaniu zespo\u0142u tr\u00f3jstronnego bra\u0142 udzia\u0142 m.in. minister energii Mi\u0142osz Motyka.<\/p>\n<p>Zgodnie z tekstem porozumienia, jego stronami s\u0105 strona spo\u0142eczna, reprezentowana przez zwi\u0105zki dzia\u0142aj\u0105ce przez uczestnik\u00f3w poniedzia\u0142kowego zespo\u0142u tr\u00f3jstronnego, strona rz\u0105dowa z udzia\u0142em m.in. ministra Motyki, w\u0142a\u015bciciel PG Silesia sp\u00f3\u0142ka Bumech oraz zarz\u0105dca s\u0105dowy PG Silesia.<\/p>\n<p>Nie b\u0119dzie\u00a0wypowiedze\u0144 um\u00f3w o prac\u0119<\/p>\n<p>Bumech o\u015bwiadczy\u0142 w porozumieniu, \u017ce podtrzymuje z\u0142o\u017con\u0105 ofert\u0119 umowy dzier\u017cawy zorganizowanej cz\u0119\u015bci przedsi\u0119biorstwa PG Silesia i przej\u0119cia wszystkich zatrudnionych w nim pracownik\u00f3w na zasadzie art. 23(1) Kodeksu pracy.<\/p>\n<p>Zarz\u0105dca s\u0105dowy\/pracodawca o\u015bwiadczy\u0142, \u017ce wobec ww. zobowi\u0105zania Bumechu nie b\u0119dzie sk\u0142ada\u0142 wypowiedze\u0144 um\u00f3w o prac\u0119, z zastrze\u017ceniem przypadku, gdy dzier\u017cawa nie dojdzie do skutku. Zarz\u0105dca s\u0105dowy\/pracodawca o\u015bwiadczy\u0142 ponadto, \u017ce nie b\u0119dzie podejmowa\u0142 \u017cadnych dzia\u0142a\u0144 zmierzaj\u0105cych do wyci\u0105gni\u0119cia konsekwencji formalno-prawnych wobec protestuj\u0105cych.<\/p>\n<p>Koniec akcji protestacyjnej pod ziemi\u0105<\/p>\n<p>Strona zwi\u0105zkowa o\u015bwiadczy\u0142a, \u017ce wobec powy\u017cszych gwarancji zatrudnienia doprowadzi jeszcze w poniedzia\u0142ek do zako\u0144czenia prowadzonej pod ziemi\u0105 akcji protestacyjnej i \u017ce nie b\u0119d\u0105 podejmowane podobne dzia\u0142ania do czasu finalizacji umowy dzier\u017cawy.<\/p>\n<p>Mediuj\u0105ca w sprawie strona rz\u0105dowa o\u015bwiadczy\u0142a, \u017ce podejmie do 28 lutego 2026 r. dzia\u0142ania zmierzaj\u0105ce do wypracowania rozwi\u0105za\u0144 legislacyjnych umo\u017cliwiaj\u0105cych, w przypadku upad\u0142o\u015bci przedsi\u0119biorstwa prowadz\u0105cego wydobycie w kopalni Silesia, obj\u0119cie alokacj\u0105 i \u015bwiadczeniami os\u0142onowymi pracownik\u00f3w pracuj\u0105cych (na poniedzia\u0142ek) pod ziemi\u0105 i w zak\u0142adzie przer\u00f3bczym Silesii, w przypadku spe\u0142nienia warunk\u00f3w ustawy g\u00f3rniczej w brzmieniu obowi\u0105zuj\u0105cym od 1 stycznia 2026 r.<\/p>\n<p>Porozumienie ma wej\u015b\u0107 w \u017cycie z dniem zako\u0144czenia akcji protestacyjnej prowadzonej w kopalni Silesia.<\/p>\n<p>Po podpisaniu porozumienia minister Motyka powiedzia\u0142, \u017ce pa\u0144stwo odpowiedzialnie i bardzo powa\u017cnie traktuje dialog spo\u0142eczny, dzi\u0119kuj\u0105c pozosta\u0142ym stronom za jego podj\u0119cie. &#8211; Dla nas dialog jest nie has\u0142em, a licz\u0119, \u017ce to pokazali\u015bmy praktyk\u0105, kt\u00f3ra prowadzi do skutecznego kompromisu dla dobra ludzi &#8211; przekonywa\u0142.<\/p>\n<blockquote><p>&#13;<\/p>\n<p>To by\u0142a dobra, odwa\u017cna, otwarta rozmowa na temat kszta\u0142tu tego porozumienia. Wierz\u0119, \u017ce zostanie zako\u0144czony protest pracownik\u00f3w PG Silesia, kopalni prywatnej, ale pa\u0144stwo dzi\u0119ki swojej mediacji te\u017c ma tu swoj\u0105 rol\u0119, a pracownicy, g\u00f3rnicy wr\u00f3c\u0105 do rodzin. To by\u0142o dla nas bardzo wa\u017cne, z tak\u0105 intencj\u0105 te\u017c tutaj przyjechali\u015bmy &#8211; zaznaczy\u0142 szef ME.<\/p>\n<p>&#13;\n<\/p><\/blockquote>\n<p>Przewodnicz\u0105cy Solidarno\u015bci w PG Silesia Grzegorz Babij uzna\u0142 wielostronne porozumienie za kompromis bez zwyci\u0119zc\u00f3w oraz szans\u0119 na to, aby protestuj\u0105cy \u00f3sm\u0105 dob\u0119 pod ziemi\u0105 g\u00f3rnicy wyjechali na powierzchni\u0119.<\/p>\n<p>&#8211; Dzisiaj po tej konferencji udamy si\u0119 do Czechowic, we\u017amiemy to porozumienie, zjedziemy do g\u00f3rnik\u00f3w i to oni oceni\u0105, czy to tak naprawd\u0119 ich zadowala. Nie mog\u0119 okre\u015bli\u0107, czy ju\u017c dzisiaj wyjad\u0105. My zaakceptowali\u015bmy tre\u015b\u0107 tego porozumienia, ale decyzja b\u0119dzie nale\u017ca\u0142a do nich &#8211; zastrzeg\u0142 Babij.<\/p>\n<p>Przedstawiciele strony spo\u0142ecznej w trakcie spotkania przedstawili swoje postulaty i czekali na ustosunkowanie si\u0119 do nich przedstawicieli resortu energii.<\/p>\n<p>Postulaty obejmowa\u0142y to, \u017ceby zagwarantowa\u0107 pracownikom Silesii &#8211; w przypadku upad\u0142o\u015bci, likwidacji lub decyzji zatrudnionego &#8211; alokacj\u0119 na najbli\u017csz\u0105 kopalni\u0119 od ich miejsca zamieszkania.<\/p>\n<p>Poza tym strona zwi\u0105zkowa domaga\u0142a si\u0119, aby skierowano do Sejmu nowel\u0119 <a href=\"https:\/\/www.wnp.pl\/tematy\/ustawa-gornicza,4816.html\" target=\"_blank\" rel=\"nofollow noopener\">ustawy g\u00f3rniczej<\/a>, kt\u00f3ra spowoduje obj\u0119cie ni\u0105 kopalni Silesia.<\/p>\n<p>Chodzi tu o instrumenty os\u0142onowe, kt\u00f3re od 1 stycznia 2026 roku\u00a0<a href=\"https:\/\/www.wnp.pl\/energia\/energetyka\/prezydent-podpisal-nowelizacje-ustawy-gorniczej-jest-jedna-zasadnicza-zmiana,1014174.html\" target=\"_blank\" rel=\"nofollow noopener\">znowelizowana w grudniu ustawa<\/a> zapewnia pracownikom sp\u00f3\u0142ek z udzia\u0142em Skarbu Pa\u0144stwa likwiduj\u0105cym kopalnie. Nie obj\u0119\u0142a ona jednak Silesii.<\/p>\n<p>Ci ludzie chc\u0105 przede wszystkim gwarancji zatrudnienia<\/p>\n<p>&#8211; Ci ludzie chc\u0105 przede wszystkim gwarancji zatrudnienia. Je\u017celi dzisiaj nie b\u0119dzie jakiego\u015b porozumienia, to protest b\u0119dzie eskalowa\u0142 &#8211; przestrzega\u0142 w trakcie przerwy w spotkaniu, jeszcze przed og\u0142oszeniem porozumienia, Rafa\u0142 Jedwabny, przewodnicz\u0105cy Sierpnia 80 w Polskiej Grupie G\u00f3rniczej, w rozmowie z telewizj\u0105\u00a0wPolsce24.<\/p>\n<p>Strona zwi\u0105zkowa zg\u0142osi\u0142a postulat gwarancji zatrudnienia dla ch\u0119tnych g\u00f3rnik\u00f3w Silesii w kopalniach Polskiej Grupy G\u00f3rniczej i Po\u0142udniowego Koncernu W\u0119glowego w przypadku upad\u0142o\u015bci lub likwidacji PG Silesia, albo te\u017c decyzji zatrudnionego. Kolejnym postulatem by\u0142o umo\u017cliwienie 78 potencjalnie uprawnionym pracownikom Silesii odej\u015bcia na tzw. urlop g\u00f3rniczy lub przer\u00f3bkarski.<\/p>\n<p>Wed\u0142ug Bogus\u0142awa Zi\u0119tka, szefa Sierpnia 80, przyj\u0119cie tych postulat\u00f3w przez stron\u0119 rz\u0105dow\u0105\u00a0to optymalne rozwi\u0105zanie. Gorszym natomiast by\u0142oby szybkie rozpocz\u0119cie prac nad kolejn\u0105 nowel\u0105 ustawy g\u00f3rniczej poprzez dopisanie do niej PG Silesia.<\/p>\n<p>&#8211; Ustawa jest oczywi\u015bcie do poprawki, ale ci ludzie nie mog\u0105 czeka\u0107. Ustawa zawiera pewne niechlujno\u015bci, kt\u00f3re nale\u017cy poprawi\u0107, ale trzeba to zrobi\u0107 nie na kolanie, tylko sensownie. Dlatego, \u017ce s\u0105 tysi\u0105ce innych g\u00f3rnik\u00f3w, niezatrudnionych w tej chwili w PGG czy w PKW, a na przyk\u0142ad ich sp\u00f3\u0142kach-c\u00f3rkach, kt\u00f3rzy te\u017c czekaj\u0105 na zmian\u0119 ustawy &#8211; zaznaczy\u0142 przed og\u0142oszeniem porozumienia Zi\u0119tek. &#8211;\u00a0To mo\u017cemy zrobi\u0107 na spokojnie za kilka miesi\u0119cy, natomiast dzisiaj musimy znale\u017a\u0107 rozwi\u0105zanie dla ludzi, kt\u00f3rzy s\u0105 zatrudnieni w Silesii &#8211; wskaza\u0142.\u00a0<\/p>\n<p>Przedsi\u0119biorstwo G\u00f3rnicze Silesia w Czechowicach-Dziedzicach jest najwi\u0119ksz\u0105 prywatn\u0105 kopalni\u0105 w\u0119gla w Polsce. Jej udzia\u0142 w polskim rynku w 2022 roku wynosi\u0142 oko\u0142o 3 proc. w produkcji w\u0119gla energetycznego i 2,3 proc. w produkcji w\u0119gla kamiennego \u0142\u0105cznie.<\/p>\n<p>17 grudnia organizacje zwi\u0105zkowe dzia\u0142aj\u0105ce w Przedsi\u0119biorstwie G\u00f3rniczym Silesia otrzyma\u0142y pismo od zarz\u0105dcy w sprawie rozpocz\u0119cia procedury zwolnie\u0144 grupowych, \u017ce wr\u0119czanie wypowiedze\u0144 zostaje przesuni\u0119te z dnia 18 grudnia 2025 roku do dnia 12 stycznia 2026 roku.<\/p>\n<p><a href=\"https:\/\/www.europesays.com\/pl\/wp-content\/uploads\/2025\/12\/548408.jpg\" class=\"figure-link\"><img decoding=\"async\" class=\"figure-img\" loading=\"lazy\" alt=\"W polskim g\u00f3rnictwie nie dzieje si\u0119 najlepiej. Fot. Dawid Lach\/JSW\" src=\"https:\/\/www.europesays.com\/pl\/wp-content\/uploads\/2025\/12\/548408.jpg\" data-big=\"https:\/\/www.europesays.com\/pl\/wp-content\/uploads\/2025\/12\/548408.jpg\"\/><\/a>W polskim g\u00f3rnictwie nie dzieje si\u0119 najlepiej. Fot. Dawid Lach\/JSW<\/p>\n<p>27 listopada stronie zwi\u0105zkowej wr\u0119czono pismo dotycz\u0105ce zamiaru przeprowadzenia zwolnie\u0144 grupowych w sp\u00f3\u0142ce<\/p>\n<p>&#8211; Zarz\u0105dca uzasadnia to tym, \u017ce pojawi\u0142a si\u0119 oferta dzier\u017cawy kopalni Silesia przez firm\u0119 Bumech &#8211; powiedzia\u0142 w\u00f3wczas portalowi WNP Grzegorz Babij, szef Solidarno\u015bci w PG Silesia.<\/p>\n<p>Przypomnijmy, \u017ce 27 listopada stronie zwi\u0105zkowej wr\u0119czono pismo dotycz\u0105ce zamiaru przeprowadzenia zwolnie\u0144 grupowych w sp\u00f3\u0142ce. Dotyczy ono 754 pracownik\u00f3w, a wi\u0119c ca\u0142ej za\u0142ogi zatrudnionej w Przedsi\u0119biorstwie G\u00f3rniczym Silesia.<\/p>\n","protected":false},"excerpt":{"rendered":"Wielow\u0105tkowa, intensywna debata o polskiej gospodarce w gronie przedstawicieli \u015bwiata biznesu, polityki oraz nauki i \u015brodowiska eksperckiego odb\u0119dzie&hellip;\n","protected":false},"author":2,"featured_media":177158,"comment_status":"","ping_status":"","sticky":false,"template":"","format":"standard","meta":{"footnotes":""},"categories":[12],"tags":[32,33,36,37,27,34,35,28,31,25,42,38,40,39,41,29,30,26],"class_list":{"0":"post-177157","1":"post","2":"type-post","3":"status-publish","4":"format-standard","5":"has-post-thumbnail","7":"category-polska","8":"tag-breaking-news","9":"tag-breakingnews","10":"tag-featured-news","11":"tag-featurednews","12":"tag-headlines","13":"tag-latest-news","14":"tag-latestnews","15":"tag-naglowki","16":"tag-najwazniejsze-artykuly","17":"tag-news","18":"tag-pl","19":"tag-poland","20":"tag-polish","21":"tag-polska","22":"tag-polski","23":"tag-top-stories","24":"tag-topstories","25":"tag-wiadomosci"},"share_on_mastodon":{"url":"https:\/\/pubeurope.com\/@pl\/115805541138042403","error":""},"_links":{"self":[{"href":"https:\/\/www.europesays.com\/pl\/wp-json\/wp\/v2\/posts\/177157","targetHints":{"allow":["GET"]}}],"collection":[{"href":"https:\/\/www.europesays.com\/pl\/wp-json\/wp\/v2\/posts"}],"about":[{"href":"https:\/\/www.europesays.com\/pl\/wp-json\/wp\/v2\/types\/post"}],"author":[{"embeddable":true,"href":"https:\/\/www.europesays.com\/pl\/wp-json\/wp\/v2\/users\/2"}],"replies":[{"embeddable":true,"href":"https:\/\/www.europesays.com\/pl\/wp-json\/wp\/v2\/comments?post=177157"}],"version-history":[{"count":0,"href":"https:\/\/www.europesays.com\/pl\/wp-json\/wp\/v2\/posts\/177157\/revisions"}],"wp:featuredmedia":[{"embeddable":true,"href":"https:\/\/www.europesays.com\/pl\/wp-json\/wp\/v2\/media\/177158"}],"wp:attachment":[{"href":"https:\/\/www.europesays.com\/pl\/wp-json\/wp\/v2\/media?parent=177157"}],"wp:term":[{"taxonomy":"category","embeddable":true,"href":"https:\/\/www.europesays.com\/pl\/wp-json\/wp\/v2\/categories?post=177157"},{"taxonomy":"post_tag","embeddable":true,"href":"https:\/\/www.europesays.com\/pl\/wp-json\/wp\/v2\/tags?post=177157"}],"curies":[{"name":"wp","href":"https:\/\/api.w.org\/{rel}","templated":true}]}}