{"id":177163,"date":"2025-12-29T23:53:13","date_gmt":"2025-12-29T23:53:13","guid":{"rendered":"https:\/\/www.europesays.com\/pl\/177163\/"},"modified":"2025-12-29T23:53:13","modified_gmt":"2025-12-29T23:53:13","slug":"polski-aktor-odszedl-nagle-w-maroku-jego-corka-to-gwiazda-tvn-style-2","status":"publish","type":"post","link":"https:\/\/www.europesays.com\/pl\/177163\/","title":{"rendered":"Polski aktor odszed\u0142 nagle w Maroku. Jego c\u00f3rka to gwiazda TVN Style"},"content":{"rendered":"<p class=\"ods-c-paragraph \">Ireneusz Pastuszak zmar\u0142 w wieku 65 lat \u2014 informacj\u0119 t\u0119 przekaza\u0142 prezydent Tarnowa, Jakub Kwa\u015bny. Aktor przez lata zwi\u0105zany by\u0142 z teatrami m.in. w Tarnowie, Rzeszowie, Chorzowie oraz Krakowie, a widzowie mogli ogl\u0105da\u0107 go tak\u017ce w produkcjach telewizyjnych. &#8222;Hipnotyzowa\u0142 ka\u017cd\u0105 rol\u0105&#8221; \u2014 podkre\u015bli\u0142 Kwa\u015bny we wspomnieniu. Do \u015bmierci artysty dosz\u0142o podczas jego podr\u00f3\u017cy do Maroka.<\/p>\n<p class=\"ods-c-paragraph \">Polecamy: <a href=\"https:\/\/plejada.pl\/newsy\/ireneusz-pastuszak-nie-zyje-aktor-zmarl-nagle-w-maroku-w-wieku-65-lat\/0ybgwdv\" id=\"40e0a7ff-23f7-46a5-8927-fd70ec4cb2c3\" rel=\"nofollow noopener\" target=\"_blank\">Ireneusz Pastuszak nie \u017cyje. Aktor zmar\u0142 nagle w Maroku w wieku 65 lat<\/a><\/p>\n<p class=\"ods-c-paragraph \">&#8222;Nie ma go. Odszed\u0142 wczoraj wieczorem. To ostatnie zdj\u0119cie, kt\u00f3re mu zrobi\u0142am tego dnia. To bardzo w jego stylu umrze\u0107 przy oceanie, zawsze mia\u0142 pod sk\u00f3r\u0105 wilka morskiego. Wybra\u0142 sobie na to Imsouane, zabit\u0105 dechami wiosk\u0119 ryback\u0105 na ko\u0144cu afryka\u0144skiego \u015bwiata. To by\u0142 nasz wsp\u00f3lny ostatni zach\u00f3d, wypili\u015bmy jeszcze maroka\u0144sk\u0105 herbat\u0119 mi\u0119tow\u0105. To by\u0142 dobry, spokojny dzie\u0144&#8221; \u2014 napisa\u0142a partnerka aktora.<\/p>\n<p>Dalszy ci\u0105g artyku\u0142u pod materia\u0142em wideo<\/p>\n<p> Kiedy zmar\u0142 Ireneusz Pastuszak? <\/p>\n<p> Gdzie odby\u0142 si\u0119 ostatni wyjazd aktora? <\/p>\n<p> Jakie by\u0142y ostatnie chwile Pastuszaka wed\u0142ug jego partnerki? <\/p>\n<p> Czym znana jest c\u00f3rka Ireneusza Pastuszaka? <\/p>\n<p>  C\u00f3rka \u017cegna Ireneusza Pastuszaka<\/p>\n<p class=\"ods-c-paragraph \">Paulina Pastuszak po\u017cegna\u0142a tat\u0119 w sieci. Widzowie TVN Style kojarz\u0105 j\u0105 z programu &#8222;Kosmetyczne Rewolucje&#8221;.<\/p>\n<blockquote class=\"ods-o-quota\">\n<p class=\"ods-o-quota__paragraph\">Po raz ostatni zszed\u0142 ze sceny. Irek, m\u00f3j Tata. Znacie go. By\u0142 go\u015bciem w moim podca\u015bcie, siedzia\u0142 na kanapie TalkShow\u2026 ostatnio wyst\u0105pi\u0142 te\u017c ze mn\u0105 w jakim\u015b reality show. Dlatego pisz\u0119 o tym w SoMe. Nagrali\u015bmy ten odcinek p\u00f3\u0142tora roku temu: a ja go nigdy nie obejrza\u0142am. Planowa\u0142am nadrobi\u0107\u2026 ale teraz ju\u017c chyba tak zostanie. Tym bardziej, \u017ce zapami\u0119tam go z desek teatr\u00f3w, jako genialnego aktora.<\/p>\n<\/blockquote>\n<blockquote class=\"ods-o-quota\">\n<p class=\"ods-o-quota__paragraph\">Od czasu &#8222;Snu nocy letniej&#8221;, kolejnych spektakli w teatrze S\u0142owackiego, przez WYBITNEGO MAKBETA, kt\u00f3r\u0105 to rol\u0105 wgniata\u0142 w fotel, a\u017c po premier\u0119 sprzed miesi\u0105ca \u2014 akurat w jakie\u015b badziewnej r\u00f3lce (na pewno prychn\u0105\u0142by tutaj i machn\u0105\u0142 r\u0119k\u0105, m\u00f3wi\u0105c &#8222;Oj Pawlut, przesta\u0144&#8221;). No nie przestan\u0119. Po kim\u015b mam niewyparzony ryj. Straszliwie \u017cal, \u017ce na kolejne spektakle b\u0119d\u0119 musia\u0142a troch\u0119 poczeka\u0107\u2026<\/p>\n<\/blockquote>\n<p class=\"ods-c-paragraph \">\u2014 czytamy.<\/p>\n<p class=\"ods-c-paragraph \">Dzi\u0119kujemy, \u017ce przeczyta\u0142a\u015b\/e\u015b nasz artyku\u0142 do ko\u0144ca.\u202fW serwisie Plejada.pl ka\u017cdego dnia piszemy o najwa\u017cniejszych wydarzeniach show-biznesowych.\u202fB\u0105d\u017a na bie\u017c\u0105co!\u202f<a rel=\"nofollow noopener\" href=\"https:\/\/news.google.com\/publications\/CAAiEF0PeAlb7W1llpV_mwV2rL4qFAgKIhBdD3gJW-1tZZaVf5sFdqy-?hl=pl&amp;gl=PL&amp;ceid=PL%3Apl\" id=\"70292330-4489-482a-b1d7-212eaa3771b2\" target=\"_blank\">Obserwuj<\/a>\u202fPlejad\u0119 w Wiadomo\u015bciach Google. Odwied\u017a nas tak\u017ce na\u202f<a rel=\"nofollow noopener\" href=\"https:\/\/www.facebook.com\/plejadapl\" id=\"323250ff-0587-4068-b356-fa51786f5f98\" target=\"_blank\">Facebooku<\/a>,\u202f<a rel=\"nofollow noopener\" href=\"https:\/\/www.instagram.com\/plejadapl\/\" id=\"0657ddc6-942c-4c5e-a5fb-36ad40ca3b63\" target=\"_blank\">Instagramie<\/a>,\u202f<a rel=\"nofollow noopener\" href=\"https:\/\/www.youtube.com\/c\/plejada\" id=\"2893bacf-82f0-419f-b22d-d516774ea808\" target=\"_blank\">YouTubie<\/a>\u202foraz\u202f<a rel=\"nofollow noopener\" href=\"https:\/\/www.tiktok.com\/@plejada_pl\" id=\"5fde11d0-aa27-4173-acf2-697c0e9ba6ab\" target=\"_blank\">TikToku<\/a>.<\/p>\n<p class=\"ods-c-paragraph \">Chcesz podzieli\u0107 si\u0119 ciekawym newsem lub zaproponowa\u0107 temat? Skontaktuj si\u0119 z nami, pisz\u0105c maila na adres:\u202f<a rel=\"nofollow noopener\" href=\"https:\/\/plejada.pl\/newsy\/polski-aktor-odszedl-nagle-w-maroku-jego-corka-to-gwiazda-tvn-style\/mailto:plejada@redakcjaonet.pl\" id=\"f2463a07-cff4-4efd-8176-d8d456e9085b\" target=\"_blank\">plejada@redakcjaonet.pl<\/a>.<\/p>\n<p><script async src=\"\/\/www.instagram.com\/embed.js\"><\/script><script async src=\"\/\/www.tiktok.com\/embed.js\"><\/script><\/p>\n","protected":false},"excerpt":{"rendered":"Ireneusz Pastuszak zmar\u0142 w wieku 65 lat \u2014 informacj\u0119 t\u0119 przekaza\u0142 prezydent Tarnowa, Jakub Kwa\u015bny. Aktor przez lata&hellip;\n","protected":false},"author":2,"featured_media":177164,"comment_status":"","ping_status":"","sticky":false,"template":"","format":"standard","meta":{"footnotes":""},"categories":[22],"tags":[122,48,125,46,42,38,40,39,41,123,47,511],"class_list":{"0":"post-177163","1":"post","2":"type-post","3":"status-publish","4":"format-standard","5":"has-post-thumbnail","7":"category-rozrywka","8":"tag-entertainment","9":"tag-nat_styl","10":"tag-newsy","11":"tag-omp","12":"tag-pl","13":"tag-poland","14":"tag-polish","15":"tag-polska","16":"tag-polski","17":"tag-rozrywka","18":"tag-screening_general","19":"tag-smierc"},"share_on_mastodon":{"url":"https:\/\/pubeurope.com\/@pl\/115805552795820680","error":""},"_links":{"self":[{"href":"https:\/\/www.europesays.com\/pl\/wp-json\/wp\/v2\/posts\/177163","targetHints":{"allow":["GET"]}}],"collection":[{"href":"https:\/\/www.europesays.com\/pl\/wp-json\/wp\/v2\/posts"}],"about":[{"href":"https:\/\/www.europesays.com\/pl\/wp-json\/wp\/v2\/types\/post"}],"author":[{"embeddable":true,"href":"https:\/\/www.europesays.com\/pl\/wp-json\/wp\/v2\/users\/2"}],"replies":[{"embeddable":true,"href":"https:\/\/www.europesays.com\/pl\/wp-json\/wp\/v2\/comments?post=177163"}],"version-history":[{"count":0,"href":"https:\/\/www.europesays.com\/pl\/wp-json\/wp\/v2\/posts\/177163\/revisions"}],"wp:featuredmedia":[{"embeddable":true,"href":"https:\/\/www.europesays.com\/pl\/wp-json\/wp\/v2\/media\/177164"}],"wp:attachment":[{"href":"https:\/\/www.europesays.com\/pl\/wp-json\/wp\/v2\/media?parent=177163"}],"wp:term":[{"taxonomy":"category","embeddable":true,"href":"https:\/\/www.europesays.com\/pl\/wp-json\/wp\/v2\/categories?post=177163"},{"taxonomy":"post_tag","embeddable":true,"href":"https:\/\/www.europesays.com\/pl\/wp-json\/wp\/v2\/tags?post=177163"}],"curies":[{"name":"wp","href":"https:\/\/api.w.org\/{rel}","templated":true}]}}