{"id":177223,"date":"2025-12-30T00:32:09","date_gmt":"2025-12-30T00:32:09","guid":{"rendered":"https:\/\/www.europesays.com\/pl\/177223\/"},"modified":"2025-12-30T00:32:09","modified_gmt":"2025-12-30T00:32:09","slug":"tajemnicza-smierc-26-letniego-policjanta-jego-cialo-lezalo-przy-strumieniu-onet","status":"publish","type":"post","link":"https:\/\/www.europesays.com\/pl\/177223\/","title":{"rendered":"Tajemnicza \u015bmier\u0107 26-letniego policjanta. Jego cia\u0142o le\u017ca\u0142o przy strumieniu &#8211; Onet"},"content":{"rendered":"<ol>\n<li><a href=\"https:\/\/news.google.com\/rss\/articles\/CBMi0AFBVV95cUxQbkRQRmd0b3FpUmptNkVPYWdOdlp3R252bjJ3N1Z2QXJlQmFvRlg1TlBlaDNUVW9MT3c4Q3IzUl9BWEluSnkwSk4wVVBVN0taekk5d09zV1RfWFVzNGhRLUFHOU5oNU9Ea05BeDVEbUtrNm83dzRGUGpUWnVDLWZ1YmQ5UU9sTUVtM25JUFMzZUtXbnVmcnBGTjc2UFFDQ0tBUTBxaUhpUmVqU1JydVBfYnltYU9adW5hQ3gtRnVhVkxoaVlXZWhLZlFsazQ5WEVz?oc=5\" target=\"_blank\" rel=\"nofollow noopener\">Tajemnicza \u015bmier\u0107 26-letniego policjanta. Jego cia\u0142o le\u017ca\u0142o przy strumieniu<\/a>&nbsp;&nbsp;Onet<\/li>\n<li><a href=\"https:\/\/news.google.com\/rss\/articles\/CBMi0gFBVV95cUxQNWZ3dzlwdlJ6cW5mMkRqdFJtQTFIN0s2VUZMY2pCY1QzRjFTOWptb1V6SVhBMHZQQWpSLW5PbmlnWTZlZGhKbjFHc2xDUFZQemdSbm9QVTgyTXMyVmdpY2s1RVNTSXJFQXZnd3V3NXB4cGNDYTlMRTc0c2FKNHJRR1pOREc4dU9Ya3ZyVlc3QUFIRUVvOTRqSTFWbjNab3I1bnlURW0tYzZOX2hDSW95OTRmLUpTSGVQUXJhODFfNVU4djZVR2gtVGkwZzc5S3VsUHc?oc=5\" target=\"_blank\" rel=\"nofollow noopener\">Nie \u017cyje m\u0142ody policjant. Jego cia\u0142o zosta\u0142o znalezione przy strumieniu. Co si\u0119 tam wydarzy\u0142o?<\/a>&nbsp;&nbsp;Gazeta Wroc\u0142awska<\/li>\n<li><a href=\"https:\/\/news.google.com\/rss\/articles\/CBMipgFBVV95cUxOVnVoUUNjcmZQWjE5ak1iUXpSTUtLTHlMNm9oQjllNmY0VkRLeVpuVExvN0hhTGpnWjZsUVRwWXhnV0hDU0hoeVN4QlZTbDBXenhUZUVfRC12Q1FQM0JBS2V5N0xfQUJTLUM0VTdvMlU2U2ZzYzIycWtjYzFfcThvcjVpUWthcGRLT0w3a0Q1YWJ4LUZfWWw5UTBqZGp0ZmVKQ1ZmSEtB?oc=5\" target=\"_blank\" rel=\"nofollow noopener\">Tragedia na Dolnym \u015al\u0105sku. Znaleziono cia\u0142o 26-letniego policjanta<\/a>&nbsp;&nbsp;Radio Zet<\/li>\n<li><a href=\"https:\/\/news.google.com\/rss\/articles\/CBMiwAFBVV95cUxPLUxIYlU4TmVHbEF1UWZzR0MzM2p2bC1tOEd1NUd3emJTZUE3UEJsUHUyR2Y3WVU5bXFwRXFjRmlvYldnV1NXR3hFN1VNQXA0VlJhNWNKeVlDdTVPZDZmSl80NmhSdlRMV3h4RHctMmE3VDBqa3dKLUx0cmFuaUdJcnc4NnRmZTRJelhxenoxZ3J0RGVQQkwwalVjOEZXTEd2QlcxZ0NRZFdIdFpucmVZUmxoVGxONWZLRkN1Y0d6OTI?oc=5\" target=\"_blank\" rel=\"nofollow noopener\">Tajemnicza \u015bmier\u0107 26-letniego policjanta. Zw\u0142oki wy\u0142owiono z wody<\/a>&nbsp;&nbsp;Fakt<\/li>\n<li><a href=\"https:\/\/news.google.com\/rss\/articles\/CBMinAFBVV95cUxQaTZUUF84bW1sUlZGYmxRLTFiQmdLMmlENk9naUw1dXZTVTFDNC1aX0lPUG83LUpWekZ0Yy1IMGFvYUg3TVdIbkNoUWNJRElkN3Y2TkdFNUJZamhfSnYybHJjS3I2SFB1MlFHZkRzX210S3dmUXVNd3ZjNG1hbV90OW9Pb0VpUE1ndGd1OUgxNVhtYkRYb094cjZqaUo?oc=5\" target=\"_blank\" rel=\"nofollow noopener\">Tajemnicza \u015bmier\u0107. Nie \u017cyje policjant z Twardog\u00f3ry<\/a>&nbsp;&nbsp;o2<\/li>\n<\/ol>\n","protected":false},"excerpt":{"rendered":"Tajemnicza \u015bmier\u0107 26-letniego policjanta. Jego cia\u0142o le\u017ca\u0142o przy strumieniu&nbsp;&nbsp;Onet Nie \u017cyje m\u0142ody policjant. Jego cia\u0142o zosta\u0142o znalezione przy&hellip;\n","protected":false},"author":2,"featured_media":177224,"comment_status":"","ping_status":"","sticky":false,"template":"","format":"standard","meta":{"footnotes":""},"categories":[12],"tags":[32,33,36,37,27,67,34,35,28,31,53,25,52,68,51,55,42,38,251,40,39,41,47,511,29,30,65,50,26],"class_list":{"0":"post-177223","1":"post","2":"type-post","3":"status-publish","4":"format-standard","5":"has-post-thumbnail","7":"category-polska","8":"tag-breaking-news","9":"tag-breakingnews","10":"tag-featured-news","11":"tag-featurednews","12":"tag-headlines","13":"tag-intextvideo_splayer","14":"tag-latest-news","15":"tag-latestnews","16":"tag-naglowki","17":"tag-najwazniejsze-artykuly","18":"tag-new_header","19":"tag-news","20":"tag-onet3","21":"tag-onet3d","22":"tag-onet3d_2i","23":"tag-phx","24":"tag-pl","25":"tag-poland","26":"tag-policja_policjanci_policjant_policjantka_policjantki","27":"tag-polish","28":"tag-polska","29":"tag-polski","30":"tag-screening_general","31":"tag-smierc","32":"tag-top-stories","33":"tag-topstories","34":"tag-update_me","35":"tag-v2021","36":"tag-wiadomosci"},"share_on_mastodon":{"url":"https:\/\/pubeurope.com\/@pl\/115805706177310639","error":""},"_links":{"self":[{"href":"https:\/\/www.europesays.com\/pl\/wp-json\/wp\/v2\/posts\/177223","targetHints":{"allow":["GET"]}}],"collection":[{"href":"https:\/\/www.europesays.com\/pl\/wp-json\/wp\/v2\/posts"}],"about":[{"href":"https:\/\/www.europesays.com\/pl\/wp-json\/wp\/v2\/types\/post"}],"author":[{"embeddable":true,"href":"https:\/\/www.europesays.com\/pl\/wp-json\/wp\/v2\/users\/2"}],"replies":[{"embeddable":true,"href":"https:\/\/www.europesays.com\/pl\/wp-json\/wp\/v2\/comments?post=177223"}],"version-history":[{"count":0,"href":"https:\/\/www.europesays.com\/pl\/wp-json\/wp\/v2\/posts\/177223\/revisions"}],"wp:featuredmedia":[{"embeddable":true,"href":"https:\/\/www.europesays.com\/pl\/wp-json\/wp\/v2\/media\/177224"}],"wp:attachment":[{"href":"https:\/\/www.europesays.com\/pl\/wp-json\/wp\/v2\/media?parent=177223"}],"wp:term":[{"taxonomy":"category","embeddable":true,"href":"https:\/\/www.europesays.com\/pl\/wp-json\/wp\/v2\/categories?post=177223"},{"taxonomy":"post_tag","embeddable":true,"href":"https:\/\/www.europesays.com\/pl\/wp-json\/wp\/v2\/tags?post=177223"}],"curies":[{"name":"wp","href":"https:\/\/api.w.org\/{rel}","templated":true}]}}