{"id":177267,"date":"2025-12-30T01:00:09","date_gmt":"2025-12-30T01:00:09","guid":{"rendered":"https:\/\/www.europesays.com\/pl\/177267\/"},"modified":"2025-12-30T01:00:09","modified_gmt":"2025-12-30T01:00:09","slug":"protest-gornikow-w-kopalni-silesia-podpisano-porozumienie","status":"publish","type":"post","link":"https:\/\/www.europesays.com\/pl\/177267\/","title":{"rendered":"Protest g\u00f3rnik\u00f3w w kopalni Silesia. Podpisano porozumienie"},"content":{"rendered":"<p>Porozumienie zawiera m.in. z jednej strony gwarancje alokacji dla pracownik\u00f3w sp\u00f3\u0142ki PG Silesia &#8211; w razie jej upad\u0142o\u015bci lub likwidacji &#8211; do kopal\u0144 Polskiej Grupy G\u00f3rniczej i Po\u0142udniowego Holdingu W\u0119glowego, a z drugiej strony deklaracj\u0119 w\u0142a\u015bciciela dot. dalszej pracy kopalni w ramach dzier\u017cawy jej maj\u0105tku.<\/p>\n<p>\u00a0<\/p>\n<p>W rozpocz\u0119tym w poniedzia\u0142ek przed po\u0142udniem spotkaniu zespo\u0142u tr\u00f3jstronnego bra\u0142 udzia\u0142 m.in. minister energii Mi\u0142osz Motyka.<\/p>\n<p>Protest g\u00f3rnik\u00f3w w kopalni Silesia. Podpisano porozumienie<\/p>\n<p>Zgodnie z tekstem porozumienia, jego stronami s\u0105 strona spo\u0142eczna, reprezentowana przez zwi\u0105zki dzia\u0142aj\u0105ce przez uczestnik\u00f3w poniedzia\u0142kowego zespo\u0142u tr\u00f3jstronnego, strona rz\u0105dowa z udzia\u0142em m.in. ministra Motyki, w\u0142a\u015bciciel PG Silesia sp\u00f3\u0142ka Bumech i zarz\u0105dca s\u0105dowy PG Silesia.<\/p>\n<p>\u00a0<\/p>\n<p>Bumech o\u015bwiadczy\u0142 w porozumieniu, \u017ce podtrzymuje z\u0142o\u017con\u0105 ofert\u0119 umowy dzier\u017cawy zorganizowanej cz\u0119\u015bci przedsi\u0119biorstwa PG Silesia i przej\u0119cia wszystkich zatrudnionych w nim pracownik\u00f3w na zasadzie art. 23 Kodeksu pracy.<\/p>\n<p>\u00a0<\/p>\n<p>Zarz\u0105dca s\u0105dowy\/pracodawca o\u015bwiadcza, \u017ce wobec ww. zobowi\u0105zania Bumechu nie b\u0119dzie sk\u0142ada\u0142 wypowiedze\u0144 um\u00f3w o prac\u0119, z zastrze\u017ceniem przypadku, gdy dzier\u017cawa nie dojdzie do skutku.<\/p>\n<p>\u00a0<\/p>\n<p>ZOBACZ: <a href=\"https:\/\/www.polsatnews.pl\/wiadomosc\/2025-12-23\/wsciekli-gornicy-z-silesii-protestuja-pod-ziemia-maja-jasne-zadania\/\" target=\"_blank\" rel=\"noopener noreferrer nofollow\">W\u015bciekli g\u00f3rnicy z Silesii protestuj\u0105 pod ziemi\u0105. Maj\u0105 jasne \u017c\u0105dania<\/a><\/p>\n<p>\u00a0<\/p>\n<p>Strona zwi\u0105zkowa o\u015bwiadczy\u0142a, \u017ce wobec powy\u017cszych gwarancji zatrudnienia doprowadzi jeszcze w poniedzia\u0142ek do zako\u0144czenia prowadzonej pod ziemi\u0105 akcji protestacyjnej i \u017ce nie b\u0119d\u0105 podejmowane podobne dzia\u0142ania do czasu finalizacji umowy dzier\u017cawy.<\/p>\n<p>\u00a0<\/p>\n<p>Mediuj\u0105ca w sprawie strona rz\u0105dowa o\u015bwiadczy\u0142a, \u017ce podejmie do 28 lutego 2026 r. dzia\u0142ania zmierzaj\u0105ce do wypracowania rozwi\u0105za\u0144 legislacyjnych umo\u017cliwiaj\u0105cych, w przypadku upad\u0142o\u015bci przedsi\u0119biorstwa prowadz\u0105cego wydobycie w kopalni Silesia, obj\u0119cie alokacj\u0105 i \u015bwiadczeniami os\u0142onowymi pracownik\u00f3w pracuj\u0105cych (na poniedzia\u0142ek) pod ziemi\u0105 i w zak\u0142adzie przer\u00f3bczym w przypadku spe\u0142nienia warunk\u00f3w ustawy g\u00f3rniczej w brzmieniu obowi\u0105zuj\u0105cym od 1 stycznia 2026 r.<\/p>\n<p>\u00a0<\/p>\n<p>Porozumienie wchodzi w \u017cycie z dniem zako\u0144czenia akcji protestacyjnej prowadzonej w kopalni Silesia.<\/p>\n<p>Protest g\u00f3rnik\u00f3w w kopalni Silesia. Nie wyjechali na powierzchni\u0119<\/p>\n<p>Przedsi\u0119biorstwo G\u00f3rnicze Silesia w Czechowicach-Dziedzicach jest najwi\u0119ksz\u0105 prywatn\u0105 kopalni\u0105 w\u0119gla w Polsce. Jej udzia\u0142 w polskim rynku w 2022 r. wynosi\u0142 oko\u0142o 3 proc. w produkcji w\u0119gla energetycznego i 2,3 proc. w produkcji w\u0119gla kamiennego \u0142\u0105cznie.<\/p>\n<p>\u00a0<\/p>\n<p>Pod koniec listopada br. zarz\u0105dca masy sanacyjnej Silesii zawiadomi\u0142 zwi\u0105zki zawodowe o zamiarze zwolnie\u0144 grupowych. Mia\u0142y one dotyczy\u0107 wszystkich ponad 750 pracuj\u0105cych w Silesii os\u00f3b.<\/p>\n<p>\u00a0<\/p>\n<p>Grupa Bumech, w\u0142a\u015bciciel sp\u00f3\u0142ki PG Silesia eksploatuj\u0105cej kopalni\u0119, poda\u0142a 8 grudnia br., \u017ce z\u0142o\u017cy\u0142a zarz\u0105dcy masy sanacyjnej PG Silesia ofert\u0119 dzier\u017cawy cz\u0119\u015bci kopalni Silesia. Bumech zadeklarowa\u0142 te\u017c przej\u0119cie wybranych pracownik\u00f3w w trybie art. 23(1) Kodeksu pracy. W tej sytuacji zarz\u0105dca masy sanacyjnej przesun\u0105\u0142 rozpocz\u0119cie ew. zwolnie\u0144 na 12 stycznia 2026 r.<\/p>\n<p>\u00a0<\/p>\n<p>ZOBACZ: <a href=\"https:\/\/www.polsatnews.pl\/wiadomosc\/2025-12-22\/gornicy-odmowili-wyjscia-z-kopalni-w-tle-widmo-grupowych-zwolnien\/\" target=\"_blank\" rel=\"noopener noreferrer nofollow\">G\u00f3rnicy odm\u00f3wili wyj\u015bcia z kopalni. W tle widmo grupowych zwolnie\u0144<\/a><\/p>\n<p>\u00a0<\/p>\n<p>W zwi\u0105zku z niepewn\u0105 sytuacj\u0105 22 grudnia rozpocz\u0105\u0142 si\u0119 protest pracownik\u00f3w Silesii. Pod ziemi\u0105 przebywa ok. 20 os\u00f3b, a kilkoro uczestniczy w akcji na powierzchni. Jednocze\u015bnie kopalnia prowadzi dzia\u0142alno\u015b\u0107 i fedruje. Pracownicy przebywaj\u0105 w wygospodarowanym rejonie 800 metr\u00f3w pod ziemi\u0105, w kt\u00f3rym nie ma dla nich zagro\u017cenia.<\/p>\n<p>\u00a0<\/p>\n<p>Pracownicy zg\u0142osili poprzez zwi\u0105zki postulaty znowelizowania do ko\u0144ca stycznia 2026 r. ustawy g\u00f3rniczej, aby obj\u0119\u0142a ona tak\u017ce ich sp\u00f3\u0142k\u0119. Chodzi o instrumenty os\u0142onowe, jakie od 1 stycznia 2026 r. znowelizowana w grudniu br. ustawa zapewni pracownikom sp\u00f3\u0142ek z udzia\u0142em Skarbu Pa\u0144stwa, likwiduj\u0105cym kopalnie.<\/p>\n<p>\u00a0<\/p>\n<p>G\u00f3rnicy domagaj\u0105 si\u0119 r\u00f3wnie\u017c gwarancji na pi\u015bmie, \u017ce wobec protestuj\u0105cych nie zostan\u0105 wyci\u0105gni\u0119te konsekwencje, ustalenia terminu wyp\u0142aty nagrody barb\u00f3rkowej, a tak\u017ce powo\u0142ania zespo\u0142u, kt\u00f3rego celem b\u0119dzie poprawa bezpiecze\u0144stwa zwi\u0105zanego z niskim ob\u0142o\u017ceniem stanowisk pracy.<\/p>\n<p>\u00a0<\/p>\n<p>Widzia\u0142e\u015b co\u015b wa\u017cnego? Przy\u015blij zdj\u0119cie, film lub napisz, co si\u0119 sta\u0142o. Skorzystaj z naszej <a href=\"https:\/\/www.polsatnews.pl\/platforma-widzow\/\" target=\"_blank\" rel=\"noopener noreferrer nofollow\">Wrzutni<\/a><\/p>\n<p>                <img decoding=\"async\" src=\"https:\/\/www.europesays.com\/pl\/wp-content\/uploads\/2025\/12\/unaorhsvqvh56e8c6e4tacqo7hokq5z5.jpg\" alt=\"\" itemprop=\"contentUrl\" style=\"position:absolute; width: 100%; max-height: 100%;\"\/><video controls=\"\" controlslist=\"nodownload\" poster=\"https:\/\/www.europesays.com\/pl\/wp-content\/uploads\/2025\/12\/unaorhsvqvh56e8c6e4tacqo7hokq5z5.jpg\" class=\"videoPlayer player6855924 news__video\" data-id=\"6855924\">Twoja przegl\u0105darka nie wspiera odtwarzacza wideo&#8230;<\/video><\/p>\n<p>                <a class=\"news__read-more-button\" href=\"https:\/\/www.polsatnews.pl\/\" rel=\"nofollow noopener\" target=\"_blank\">Czytaj wi\u0119cej<\/a><\/p>\n","protected":false},"excerpt":{"rendered":"Porozumienie zawiera m.in. z jednej strony gwarancje alokacji dla pracownik\u00f3w sp\u00f3\u0142ki PG Silesia &#8211; w razie jej upad\u0142o\u015bci&hellip;\n","protected":false},"author":2,"featured_media":177268,"comment_status":"","ping_status":"","sticky":false,"template":"","format":"standard","meta":{"footnotes":""},"categories":[12],"tags":[32,33,36,37,27,34,35,28,31,25,42,38,40,39,41,29,30,26],"class_list":{"0":"post-177267","1":"post","2":"type-post","3":"status-publish","4":"format-standard","5":"has-post-thumbnail","7":"category-polska","8":"tag-breaking-news","9":"tag-breakingnews","10":"tag-featured-news","11":"tag-featurednews","12":"tag-headlines","13":"tag-latest-news","14":"tag-latestnews","15":"tag-naglowki","16":"tag-najwazniejsze-artykuly","17":"tag-news","18":"tag-pl","19":"tag-poland","20":"tag-polish","21":"tag-polska","22":"tag-polski","23":"tag-top-stories","24":"tag-topstories","25":"tag-wiadomosci"},"share_on_mastodon":{"url":"https:\/\/pubeurope.com\/@pl\/115805816314738821","error":""},"_links":{"self":[{"href":"https:\/\/www.europesays.com\/pl\/wp-json\/wp\/v2\/posts\/177267","targetHints":{"allow":["GET"]}}],"collection":[{"href":"https:\/\/www.europesays.com\/pl\/wp-json\/wp\/v2\/posts"}],"about":[{"href":"https:\/\/www.europesays.com\/pl\/wp-json\/wp\/v2\/types\/post"}],"author":[{"embeddable":true,"href":"https:\/\/www.europesays.com\/pl\/wp-json\/wp\/v2\/users\/2"}],"replies":[{"embeddable":true,"href":"https:\/\/www.europesays.com\/pl\/wp-json\/wp\/v2\/comments?post=177267"}],"version-history":[{"count":0,"href":"https:\/\/www.europesays.com\/pl\/wp-json\/wp\/v2\/posts\/177267\/revisions"}],"wp:featuredmedia":[{"embeddable":true,"href":"https:\/\/www.europesays.com\/pl\/wp-json\/wp\/v2\/media\/177268"}],"wp:attachment":[{"href":"https:\/\/www.europesays.com\/pl\/wp-json\/wp\/v2\/media?parent=177267"}],"wp:term":[{"taxonomy":"category","embeddable":true,"href":"https:\/\/www.europesays.com\/pl\/wp-json\/wp\/v2\/categories?post=177267"},{"taxonomy":"post_tag","embeddable":true,"href":"https:\/\/www.europesays.com\/pl\/wp-json\/wp\/v2\/tags?post=177267"}],"curies":[{"name":"wp","href":"https:\/\/api.w.org\/{rel}","templated":true}]}}