{"id":177275,"date":"2025-12-30T01:04:11","date_gmt":"2025-12-30T01:04:11","guid":{"rendered":"https:\/\/www.europesays.com\/pl\/177275\/"},"modified":"2025-12-30T01:04:11","modified_gmt":"2025-12-30T01:04:11","slug":"polacy-kochaja-jego-przeboje-malo-kto-pamieta-ze-zagral-tytulowa-role-w-tym-filmie","status":"publish","type":"post","link":"https:\/\/www.europesays.com\/pl\/177275\/","title":{"rendered":"Polacy kochaj\u0105 jego przeboje. Ma\u0142o kto pami\u0119ta, \u017ce zagra\u0142 tytu\u0142ow\u0105 rol\u0119 w tym filmie"},"content":{"rendered":"<ul class=\"list-summary__items summary\">\n<li>Kt\u00f3re utwory przynios\u0142y s\u0142aw\u0119 Piotrowi Szczepanikowi.\u00a0<\/li>\n<li>W jakich filmach mo\u017cna by\u0142o podziwia\u0107 artyst\u0119.\u00a0<\/li>\n<li>O czym opowiada &#8222;Cham&#8221; &#8211; adaptacja powie\u015bci Elizy Orzeszkowej.\u00a0<\/li>\n<\/ul>\n<p>    \t\t\t<a name=\"eztoc36366511_0_5\" id=\"eztoc36366511_0_5\"\/>Jeden z najwybitniejszych polskich wokalist\u00f3w<\/p>\n<p>Piotr Szczepanik ju\u017c jako student historii sztuki na Katolickim Uniwersytecie Lubelskim anga\u017cowa\u0142 si\u0119 w dzia\u0142alno\u015b\u0107 artystyczn\u0105. Wyst\u0119powa\u0142 z kabaretem &#8222;Czart&#8221;, a nast\u0119pnie pokaza\u0142 prawdziwy popis swoich umiej\u0119tno\u015bci na Festiwalu Piosenki Studenckiej w Krakowie, co otworzy\u0142o mu drzwi do dalszej kariery estradowej. Jeszcze w latach 60., wsp\u00f3\u0142pracuj\u0105c m.in. z Andrzejem Korzy\u0144skim, Jerzym Millerem i Andrzejem Tylczy\u0144skim, wylansowa\u0142 kilka przeboj\u00f3w, kt\u00f3re zapisa\u0142y si\u0119 na kartach historii polskiej<br \/>\n<a href=\"https:\/\/wiadomosci.radiozet.pl\/tag\/kategoria\/muzyka\" target=\"_self\" rel=\"dofollow noopener\">muzyki<\/a> rozrywkowej. Wiele z tych utwor\u00f3w Polacy do dzi\u015b znaj\u0105 na pami\u0119\u0107. To on wykonywa\u0142 takie hity, jak &#8222;\u017b\u00f3\u0142te kalendarze&#8221;, &#8222;Kocha\u0107&#8221;, &#8222;Goni\u0105c kormorany&#8221;, &#8222;Puste koperty&#8221;, czy &#8222;Zabawa podmiejska&#8221;.<\/p>\n<p>Rozwi\u0105\u017c muzyczny test. Tylko mistrz zdob\u0119dzie komplet punkt\u00f3w! Dalsz\u0105 cz\u0119\u015b\u0107 artyku\u0142u znajdziesz pod quizem&#8230;<\/p>\n<p>    Quiz: Muzyka w czasach PRL. Rozpoznasz artyst\u0119 po fragmencie utworu? <\/p>\n<p>Cho\u0107 Szczepanik przez lata wyst\u0119powa\u0142 zar\u00f3wno na polskich, jak i zagranicznych scenach &#8211; pojawia\u0142 si\u0119 m.in. w\u00a0programach muzyczno-poetyckich oraz z recitalami pie\u015bni i romans\u00f3w, nigdy nie zapomnia\u0142 o&#8230; aktorstwie. Mimo niepowodzenia, jakim by\u0142o oblanie egzamin\u00f3w do Szko\u0142y Teatralnej, usilnie stara\u0142 si\u0119 o kolejne role. Tw\u00f3rcy filmowi najwyra\u017aniej dostrzegli w nim talent, bo s\u0142ynny piosenkarz dopisa\u0142 do swojego portfolio kilka kreacji.\u00a0<\/p>\n<p>\t\t\t\t\t\t    \t                                                \t<a name=\"eztoc36366511_0_6\" id=\"eztoc36366511_0_6\"\/>Filmowe role Piotra Szczepanika<\/p>\n<p>Na ekranach debiutowa\u0142 w 1967 roku epizodem w<br \/>\n<a href=\"https:\/\/wiadomosci.radiozet.pl\/tag\/kategoria\/film\" target=\"_self\" rel=\"dofollow noopener\">filmie<\/a> &#8222;Cierpkie g\u0142ogi&#8221; Janusza Weycherta. Sporo widz\u00f3w kojarzy go jednak przede wszystkim za spraw\u0105 wyst\u0119pu w adaptacji powie\u015bci Elizy Orzeszkowej &#8211; &#8222;Cham&#8221;. W produkcji Laco Adamika wcieli\u0142 si\u0119 w tytu\u0142owego bohatera &#8211; Paw\u0142a Koby\u0142eckiego, prostego m\u0119\u017cczyzn\u0119 z nadneme\u0144skiej wsi, kt\u00f3ry &#8211; cho\u0107 cieszy si\u0119 szacunkiem s\u0105siad\u00f3w &#8211; uchodzi za dziwaka. Jego spokojny \u017cywot odmienia spotkanie z Frank\u0105, pokoj\u00f3wk\u0105 z pobliskiego dworu. Para szybko si\u0119 w sobie zakochuje, ale ich zwi\u0105zek, g\u0142\u00f3wnie ze wzgl\u0119du na dziel\u0105ce ich r\u00f3\u017cnice (pochodzenie, styl \u017cycia), nie jest udany.\u00a0Film z 1980 roku nie zdo\u0142a\u0142 osi\u0105gn\u0105\u0107 takiego sukcesu, jak adaptacja innej s\u0142ynnej powie\u015bci lubianej pisarki. Mimo to, widzowie i krytycy nie szcz\u0119dzili pochwa\u0142 obsadzie aktorskiej. Komplementowano nie tylko Szczepanika, ale tak\u017ce wcielaj\u0105c\u0105 si\u0119 we Frank\u0119 Monik\u0119 Niemczyk. Dla obojga by\u0142y to pierwsze tak du\u017ce role filmowe.\u00a0<\/p>\n<p>Ceniony wokalista powraca\u0142 p\u00f3\u017aniej na ekrany jeszcze dwukrotnie. W 2006 roku zagra\u0142 przeora klasztoru w filmie Andrzeja Seweryna &#8211; &#8222;Kto nigdy nie \u017cy\u0142&#8221;, a w 2012 Mirka w g\u0142o\u015bnej produkcji Piotra Trzaskalskiego, &#8222;M\u00f3j rower&#8221;.\u00a0<\/p>\n<p>                            <img decoding=\"async\" data-ot-ignore=\"\" class=\" \" src=\"https:\/\/www.europesays.com\/pl\/wp-content\/uploads\/2025\/12\/Zrzut-ekranu-2025-12-29-091019.png\" width=\"1012\" height=\"757\" alt=\"Film Polski, Piotr Szczepanik w filmie \" cierpkie=\"\" g=\"\" data- loading=\"lazy\"\/><\/p>\n<p>                            fot. Film Polski, Piotr Szczepanik w filmie &#8222;Cierpkie g\u0142ogi&#8221;                        <\/p>\n<p>\u0179r\u00f3d\u0142o: Radio ZET\/Wikipedia\/Film Polski<\/p>\n<p>By\u0142e\u015b \u015bwiadkiem czego\u015b niespodziewanego? Masz temat, kt\u00f3rym powinni\u015bmy si\u0119 zaj\u0105\u0107?<\/p>\n<p>Zg\u0142o\u015b spraw\u0119 przez <a href=\"https:\/\/wiadomosci.radiozet.pl\/czerwony-telefon\" target=\"_blank\" title=\"Czerwony telefon Radia Zet\" rel=\"nofollow noopener\">Czerwony telefon Radia ZET<\/a><\/p>\n","protected":false},"excerpt":{"rendered":"Kt\u00f3re utwory przynios\u0142y s\u0142aw\u0119 Piotrowi Szczepanikowi.\u00a0 W jakich filmach mo\u017cna by\u0142o podziwia\u0107 artyst\u0119.\u00a0 O czym opowiada &#8222;Cham&#8221; &#8211;&hellip;\n","protected":false},"author":2,"featured_media":177276,"comment_status":"","ping_status":"","sticky":false,"template":"","format":"standard","meta":{"footnotes":""},"categories":[20],"tags":[8589,816,1091,261,1252,120,118,119,42,38,40,39,41,116,114,115,121,117],"class_list":{"0":"post-177275","1":"post","2":"type-post","3":"status-publish","4":"format-standard","5":"has-post-thumbnail","7":"category-nauka-i-technika","8":"tag-artysci","9":"tag-film","10":"tag-kino","11":"tag-kultura","12":"tag-muzyka","13":"tag-nauka","14":"tag-nauka-i-technika","15":"tag-naukatechnika","16":"tag-pl","17":"tag-poland","18":"tag-polish","19":"tag-polska","20":"tag-polski","21":"tag-science","22":"tag-science-and-technology","23":"tag-sciencetechnology","24":"tag-technika","25":"tag-technology"},"share_on_mastodon":{"url":"https:\/\/pubeurope.com\/@pl\/115805832021061110","error":""},"_links":{"self":[{"href":"https:\/\/www.europesays.com\/pl\/wp-json\/wp\/v2\/posts\/177275","targetHints":{"allow":["GET"]}}],"collection":[{"href":"https:\/\/www.europesays.com\/pl\/wp-json\/wp\/v2\/posts"}],"about":[{"href":"https:\/\/www.europesays.com\/pl\/wp-json\/wp\/v2\/types\/post"}],"author":[{"embeddable":true,"href":"https:\/\/www.europesays.com\/pl\/wp-json\/wp\/v2\/users\/2"}],"replies":[{"embeddable":true,"href":"https:\/\/www.europesays.com\/pl\/wp-json\/wp\/v2\/comments?post=177275"}],"version-history":[{"count":0,"href":"https:\/\/www.europesays.com\/pl\/wp-json\/wp\/v2\/posts\/177275\/revisions"}],"wp:featuredmedia":[{"embeddable":true,"href":"https:\/\/www.europesays.com\/pl\/wp-json\/wp\/v2\/media\/177276"}],"wp:attachment":[{"href":"https:\/\/www.europesays.com\/pl\/wp-json\/wp\/v2\/media?parent=177275"}],"wp:term":[{"taxonomy":"category","embeddable":true,"href":"https:\/\/www.europesays.com\/pl\/wp-json\/wp\/v2\/categories?post=177275"},{"taxonomy":"post_tag","embeddable":true,"href":"https:\/\/www.europesays.com\/pl\/wp-json\/wp\/v2\/tags?post=177275"}],"curies":[{"name":"wp","href":"https:\/\/api.w.org\/{rel}","templated":true}]}}