{"id":177277,"date":"2025-12-30T01:07:19","date_gmt":"2025-12-30T01:07:19","guid":{"rendered":"https:\/\/www.europesays.com\/pl\/177277\/"},"modified":"2025-12-30T01:07:19","modified_gmt":"2025-12-30T01:07:19","slug":"kolekcjonerzy-poluja-na-serwisy-cmielowa-za-niektore-placa-tysiace-zlotych","status":"publish","type":"post","link":"https:\/\/www.europesays.com\/pl\/177277\/","title":{"rendered":"Kolekcjonerzy poluj\u0105 na serwisy \u0106mielowa. Za niekt\u00f3re p\u0142ac\u0105 tysi\u0105ce z\u0142otych"},"content":{"rendered":"<p class=\"typography ids-typeset-body ids-typeset-body--preset-large link paragraph ids-paragraph ids-paragraph--default\">Historia manufaktury <a href=\"https:\/\/biznes.interia.pl\/gospodarka\/news-szklo-z-prl-wraca-do-lask-w-domu-mozesz-miec-perelki-kolekcj,nId,7546053\" target=\"_self\" rel=\"nofollow noopener\">&#8222;\u0106miel\u00f3w&#8221;<\/a>\u00a0zacz\u0119\u0142a si\u0119 w 1790 roku. Za\u0142o\u017cyli j\u0105 garncarze z \u0106mielowa i Opatowa. Jednak dopiero siedem lat p\u00f3\u017aniej po przej\u0119ciu biznesu przez hrabiego Jacka Ma\u0142achowskiego ruszy\u0142a w niej produkcja fajansu. Po jego \u015bmierci zarz\u0105dzaniem manufaktur\u0105 zaj\u0119\u0142y si\u0119 jego dzieci, a potem wnuk.<\/p>\n<ul class=\"typography ids-typeset-body ids-typeset-body--preset-small list--article-list ids-list ids-list--unordered ids-list--size-small \" datatype=\"disc\">\n<li class=\"ids-list-item ids-list-item__content brief-list-item\"><a class=\"ids-undecorated-link link ids-link \" data-spons=\"false\" href=\"https:\/\/biznes.interia.pl\/finanse\/news-zapomnial-o-jednej-rzeczy-zus-zazadal-zaplaty-300-tys-zl,nId,22503316\" rel=\"nofollow noopener\" target=\"_blank\">Zapomnia\u0142 o jednej rzeczy. ZUS za\u017c\u0105da\u0142 zap\u0142aty 300 tys. z\u0142<\/a><\/li>\n<li class=\"ids-list-item ids-list-item__content brief-list-item\"><a class=\"ids-undecorated-link link ids-link \" data-spons=\"false\" href=\"https:\/\/biznes.interia.pl\/finanse\/news-zasady-przyjmowania-ksiedza-po-koledzie-dom-i-obejscie-trzeb,nId,22502567\" rel=\"nofollow noopener\" target=\"_blank\">Zasady przyjmowania ksi\u0119dza po kol\u0119dzie. Dom i obej\u015bcie trzeba przygotowa\u0107<\/a><\/li>\n<\/ul>\n<p class=\"typography ids-typeset-body ids-typeset-body--preset-large link paragraph ids-paragraph ids-paragraph--default\">W p\u00f3\u017aniejszych latach fabryka kilkukrotnie zmienia\u0142a w\u0142a\u015bcicieli, a\u017c przej\u0119\u0142a j\u0105 Teresa Scipio del Campo &#8211; siostra ksi\u0119cia Franciszka Ksawerego Druckiego-Lubeckiego. To wtedy rozpocz\u0105\u0142 si\u0119 pierwszy rozkwit dzia\u0142alno\u015bci &#8222;\u0106mielowa&#8221;. Zak\u0142ad rozbudowano i rozpocz\u0119to produkcj\u0119 porcelany, kt\u00f3r\u0105 zarz\u0105dzaj\u0105cy manufaktur\u0105 Gabriel Weiss wzorowa\u0142 na wyrobach zagranicznych.<\/p>\n<p>Wyroby &#8222;\u0106miel\u00f3w&#8221; z lat 30. s\u0105 dzi\u015b sporo warte<\/p>\n<p class=\"typography ids-typeset-body ids-typeset-body--preset-large link paragraph ids-paragraph ids-paragraph--default\">W mi\u0119dzywojniu fabryka zosta\u0142a kupiona przez Polski Bank Przemys\u0142owy we Lwowie i sta\u0142a si\u0119 Fabryk\u0105 Porcelany i Wyrob\u00f3w Ceramicznych w \u0106mielowie S.A. Nowi zarz\u0105dcy zatrudnili rzemie\u015blnik\u00f3w z Francji i polecili im popraw\u0119 jako\u015bci wyrob\u00f3w z porcelany.\u00a0Wtedy powsta\u0142 serwis &#8222;Empire&#8221; na zam\u00f3wienie \u00f3wczesnego prezydenta Ignacego Mo\u015bcickiego.<\/p>\n<p class=\"typography ids-typeset-body ids-typeset-body--preset-large link paragraph ids-paragraph ids-paragraph--default\">Jak podaje Muzeum Narodowe w Kielcach, w latach 30. w &#8222;\u0106mielowie&#8221; wytwarzano &#8222;dziesi\u0119\u0107 pe\u0142nych fason\u00f3w serwis\u00f3w sto\u0142owych, garnitury do herbaty oraz kawy, komplety \u015bniadaniowe, garnitury do owoc\u00f3w, ciast, ryb oraz serwisy dla lalek i rozmaite pojedyncze naczynia, takie jak koszyczki, kieliszki do jaj, puszki i wiele innych&#8221;. Wyroby z tego okresu s\u0105 dzi\u015b sporo warte.\u00a0<\/p>\n<p class=\"typography ids-typeset-body ids-typeset-body--preset-large link paragraph ids-paragraph ids-paragraph--default\">Obecnie &#8222;\u0106miel\u00f3w&#8221; nale\u017cy do przedsi\u0119biorcy i rze\u017abiarza Adama Spa\u0142y i nosi nazw\u0119 Fabryka Porcelany AS \u0106miel\u00f3w.<\/p>\n<p>24 tys. z\u0142 za serwis kawowy &#8222;Kaprys&#8221; z &#8222;\u0106mielowa&#8221;<\/p>\n<p class=\"typography ids-typeset-body ids-typeset-body--preset-large link paragraph ids-paragraph ids-paragraph--default\">Kilka serwis\u00f3w kawowych wyprodukowanych w mi\u0119dzywojniu przez &#8222;\u0106miel\u00f3w&#8221; w serwisie Onebid <a href=\"https:\/\/biznes.interia.pl\/finanse\/news-ponad-100-kg-zlota-przetopione-w-sedes-na-aukcji-zaplacono-z,nId,22456080\" target=\"_self\" rel=\"nofollow noopener\">wylicytowano<\/a> za bardzo wysokie sumy. Najwi\u0119cej zap\u0142acono za bogato zdobiony serwis kawowy i garnitur deserowy\u00a0&#8222;Kaprys&#8221;\u00a0inspirowany kubizmem, autorstwa Bogdana Wendorfa. Anonimowy kolekcjoner zap\u0142aci\u0142 za niego 24 tys. z\u0142.\u00a0Inny zestaw z tej serii &#8211; bia\u0142y z kwiatowymi dekoracjami &#8211; kupiono za\u00a03,3 tys. z\u0142.<\/p>\n<p class=\"typography ids-typeset-body ids-typeset-body--preset-large link paragraph ids-paragraph ids-paragraph--default\">Inne znane projekty tego artysty\u00a0&#8222;Kula&#8221; i &#8222;P\u0142aski&#8221; r\u00f3wnie\u017c s\u0105 sporo warte. Dla przyk\u0142adu bia\u0142y serwis do herbaty &#8222;Kula&#8221; ozdobiony kwiatowym wzorem i z\u0142otymi elementami sprzedano na Onebid za 15,6 tys. z\u0142. Bia\u0142y z niebieskim do\u0142em &#8211; za 14 160 z\u0142. Wysok\u0105 cen\u0119 uzyskano tak\u017ce za zielony z czarnymi zdobieniami. Kolekcjoner zap\u0142aci\u0142 za niego 16,8 tys. z\u0142.\u00a0R\u00f3\u017cowy serwis z serii &#8222;P\u0142aski&#8221; ze z\u0142otymi zdobieniami kupiono za 13,2 tys. z\u0142,\u00a0a czarny za 16,8 tys. z\u0142.<\/p>\n<p><img decoding=\"async\" class=\"ids-image-holder__img\" loading=\"lazy\" alt=\"Serwi &quot;Dorota&quot; Lubomir Tomaszewski\" title=\"Serwis &quot;Dorota&quot; to projekt Lubomira Tomaszewskiego.\" width=\"5442\" height=\"3628\" src=\"https:\/\/www.europesays.com\/pl\/wp-content\/uploads\/2025\/12\/000IV3NDO5OXPPG5-C323-F4.webp.webp\"\/><\/p>\n<p>Serwis &#8222;Dorota&#8221; to projekt Lubomira Tomaszewskiego.Zdj\u0119cia dzi\u0119ki uprzejmo\u015bci Katarzyny Rijmateria\u0142y prasowe<\/p>\n<p class=\"typography ids-typeset-body ids-typeset-body--preset-large link paragraph ids-paragraph ids-paragraph--default\">Kolekcjonerzy poluj\u0105 tak\u017ce na serwisy\u00a0&#8222;\u0106miel\u00f3w&#8221; z okresu PRL. Komplet z serii &#8222;Dorota&#8221; z lat 60. projektu Lubomira Tomaszewskiego w kolorze morskim sprzedano za 8,4 tys. z\u0142. Tyle samo osi\u0105gn\u0105\u0142 \u017c\u00f3\u0142ty komplet &#8222;Dorota&#8221;.<\/p>\n<p>Na zagranicznych aukcjach kolekcjonerzy poluj\u0105 na figurki &#8222;\u0106miel\u00f3w&#8221;<\/p>\n<p class=\"typography ids-typeset-body ids-typeset-body--preset-large link paragraph ids-paragraph ids-paragraph--default\">W zagranicznych serwisach aukcyjnych popularno\u015bci\u0105 ciesz\u0105 si\u0119 z kolei figurki dekoracyjne &#8222;\u0106mielowa&#8221;.\u00a0Dla przyk\u0142adu &#8211; jak wynika z przegl\u0105darki <a href=\"https:\/\/biznes.interia.pl\/finanse\/news-na-starych-zabawkach-mozna-zarobic-kolekcjonerzy-sporo-placa,nId,22426380\" target=\"_self\" rel=\"nofollow noopener\">aukcji<\/a> antyk\u00f3w i dzie\u0142 sztuki Barnebys &#8211; jeden z dom\u00f3w aukcyjnych sprzeda\u0142 figur\u0119 projektu artystki Hanny Orthwein za 303 funty\u00a0(oko\u0142o 1,4 tys. z\u0142).\u00a0<\/p>\n<p class=\"typography ids-typeset-body ids-typeset-body--preset-large link paragraph ids-paragraph ids-paragraph--default\">Dekoracj\u0119 przedstawiaj\u0105c\u0105 le\u017c\u0105cego kota Mieczys\u0142awa Naruszewicza kupiono za 94 funty (oko\u0142o 450 z\u0142). W jednej z polskich grup na Facebooku t\u0119 figurk\u0119 wystawiono za 1900 z\u0142. Inne projekty dla &#8222;\u0106mielowa&#8221; tego artysty kolekcjonerzy kupowali za \u015brednio 200 funt\u00f3w\u00a0(oko\u0142o 960 z\u0142).\u00a0<\/p>\n<p class=\"typography ids-typeset-body ids-typeset-body--preset-large link paragraph ids-paragraph ids-paragraph--default\">Hanna Sidorska<\/p>\n<p>&#8222;Wydarzenia&#8221;: Ko\u015bci\u00f3\u0142 opublikowa\u0142 statystyki. Wi\u0119cej ludzi na mszach, mniej chrzt\u00f3w i \u015blub\u00f3wPolsat News<\/p>\n","protected":false},"excerpt":{"rendered":"Historia manufaktury &#8222;\u0106miel\u00f3w&#8221;\u00a0zacz\u0119\u0142a si\u0119 w 1790 roku. Za\u0142o\u017cyli j\u0105 garncarze z \u0106mielowa i Opatowa. Jednak dopiero siedem lat&hellip;\n","protected":false},"author":2,"featured_media":177278,"comment_status":"","ping_status":"","sticky":false,"template":"","format":"standard","meta":{"footnotes":""},"categories":[12],"tags":[32,33,36,37,27,34,35,28,31,25,42,38,40,39,41,29,30,26],"class_list":{"0":"post-177277","1":"post","2":"type-post","3":"status-publish","4":"format-standard","5":"has-post-thumbnail","7":"category-polska","8":"tag-breaking-news","9":"tag-breakingnews","10":"tag-featured-news","11":"tag-featurednews","12":"tag-headlines","13":"tag-latest-news","14":"tag-latestnews","15":"tag-naglowki","16":"tag-najwazniejsze-artykuly","17":"tag-news","18":"tag-pl","19":"tag-poland","20":"tag-polish","21":"tag-polska","22":"tag-polski","23":"tag-top-stories","24":"tag-topstories","25":"tag-wiadomosci"},"share_on_mastodon":{"url":"https:\/\/pubeurope.com\/@pl\/115805843860182751","error":""},"_links":{"self":[{"href":"https:\/\/www.europesays.com\/pl\/wp-json\/wp\/v2\/posts\/177277","targetHints":{"allow":["GET"]}}],"collection":[{"href":"https:\/\/www.europesays.com\/pl\/wp-json\/wp\/v2\/posts"}],"about":[{"href":"https:\/\/www.europesays.com\/pl\/wp-json\/wp\/v2\/types\/post"}],"author":[{"embeddable":true,"href":"https:\/\/www.europesays.com\/pl\/wp-json\/wp\/v2\/users\/2"}],"replies":[{"embeddable":true,"href":"https:\/\/www.europesays.com\/pl\/wp-json\/wp\/v2\/comments?post=177277"}],"version-history":[{"count":0,"href":"https:\/\/www.europesays.com\/pl\/wp-json\/wp\/v2\/posts\/177277\/revisions"}],"wp:featuredmedia":[{"embeddable":true,"href":"https:\/\/www.europesays.com\/pl\/wp-json\/wp\/v2\/media\/177278"}],"wp:attachment":[{"href":"https:\/\/www.europesays.com\/pl\/wp-json\/wp\/v2\/media?parent=177277"}],"wp:term":[{"taxonomy":"category","embeddable":true,"href":"https:\/\/www.europesays.com\/pl\/wp-json\/wp\/v2\/categories?post=177277"},{"taxonomy":"post_tag","embeddable":true,"href":"https:\/\/www.europesays.com\/pl\/wp-json\/wp\/v2\/tags?post=177277"}],"curies":[{"name":"wp","href":"https:\/\/api.w.org\/{rel}","templated":true}]}}