{"id":177298,"date":"2025-12-30T01:22:13","date_gmt":"2025-12-30T01:22:13","guid":{"rendered":"https:\/\/www.europesays.com\/pl\/177298\/"},"modified":"2025-12-30T01:22:13","modified_gmt":"2025-12-30T01:22:13","slug":"slascy-kryminalni-rozbili-grupe-przestepcza-wykorzystujaca-kobiety-wiadomosci","status":"publish","type":"post","link":"https:\/\/www.europesays.com\/pl\/177298\/","title":{"rendered":"\u015al\u0105scy kryminalni rozbili grup\u0119 przest\u0119pcz\u0105 wykorzystuj\u0105c\u0105 kobiety &#8211; Wiadomo\u015bci"},"content":{"rendered":"<p>&#13;<\/p>\n<p>    \u015al\u0105scy kryminalni rozbili grup\u0119 przest\u0119pcz\u0105 wykorzystuj\u0105c\u0105 kobiety<br \/>\n      Data publikacji  29.12.2025<\/p>\n<p class=\"intro\">Policjanci z Wydzia\u0142u Kryminalnego KWP w Katowicach wraz kryminalnymi z komendy w Tychach, wspierani przez \u015bl\u0105skich kontrterroryst\u00f3w, przeprowadzili na terenie Tych\u00f3w, Kobi\u00f3ra,\u00a0\u015awi\u0119toch\u0142owic i Katowic realizacj\u0119\u00a0sprawy prowadzonej pod nadzorem Prokuratury Okr\u0119gowej w Gliwicach. Jej efektem by\u0142o zatrzymanie\u00a0sze\u015bciu\u00a0os\u00f3b bior\u0105cych udzia\u0142 w zorganizowanej grupie przest\u0119pczej, zajmuj\u0105cej si\u0119\u00a0czerpaniem korzy\u015bci z cudzego nierz\u0105du i u\u0142atwianiem tego procederu za pieni\u0105dze. Troje z zatrzymanych zosta\u0142o ju\u017c tymczasowo aresztowanych, a pozosta\u0142a tr\u00f3jka obj\u0119ta \u201ewolno\u015bciowymi\u201d \u015brodkami zapobiegawczymi.<\/p>\n<p>   &#13;<\/p>\n<ul>&#13;<br \/>\n    &#13;<br \/>\n        &#13;<\/p>\n<li class=\"\">&#13;<br \/>\n      &#13;<\/p>\n<p>          <a href=\"https:\/\/slaska.policja.gov.pl\/dokumenty\/zalaczniki\/35\/35-914254.jpg\" title=\"\" class=\"ceraBox\" rel=\"gallery nofollow noopener\" target=\"_blank\"><img decoding=\"async\" src=\"https:\/\/www.europesays.com\/pl\/wp-content\/uploads\/2025\/12\/35-914254_m.jpg\" alt=\"\"\/><\/a><br \/>\n        &#13;<br \/>\n         &#13;<br \/>\n      &#13;\n    <\/li>\n<p>&#13;<br \/>\n    &#13;<br \/>\n        &#13;\n          <\/ul>\n<p>&#13;<\/p>\n<p>Jak ustalili \u015bledczy, przest\u0119pczy proceder prowadzony by\u0142 od co najmniej czterech lat. Podejrzani o organizowanie i pope\u0142nienie przest\u0119pstw prowadzili w Tychach agencj\u0119 towarzysk\u0105. Zatrudnione w niej kobiety \u015bwiadczy\u0142y us\u0142ugi seksualne. Zarobione na us\u0142ugach pieni\u0105dze musia\u0142y oddawa\u0107 w\u0142a\u015bcicielom lokalu, a tak\u017ce taks\u00f3wkarzom przywo\u017c\u0105cym do lokalu klient\u00f3w.\u00a0<\/p>\n<p>&#13;<br \/>\n&#13;<\/p>\n<p>W trakcie realizacji zatrzymanych zosta\u0142o 6 os\u00f3b: trzy kobiety w wieku 24, 25 i 29 oraz trzech m\u0119\u017cczyzn w wieku 31, 46 i 58 lat. W\u015br\u00f3d nich znale\u017ali\u00a0si\u0119 w\u0142a\u015bciciele lokalu, ochroniarz, mened\u017cerka i taks\u00f3wkarz. Zatrzymanym zarzuca si\u0119 ponadto pranie brudnych pieni\u0119dzy oraz rozb\u00f3j na jednym z klient\u00f3w lokalu.\u00a0<\/p>\n<p>&#13;<br \/>\n&#13;<\/p>\n<p>W toku wykonanych dzia\u0142a\u0144 zabezpieczone zosta\u0142y telefony kom\u00f3rkowe, laptopy oraz zapiski rozliczeniowe. \u015aledczy przej\u0119li r\u00f3wnie\u017c kas\u0119 fiskaln\u0105, got\u00f3wk\u0119 w kwocie ponad 21 tysi\u0119cy z\u0142otych oraz walut\u0119 obc\u0105.\u00a0<\/p>\n<p>&#13;<br \/>\n&#13;<\/p>\n<p>Przeprowadzone czynno\u015bci dowodowe w postaci przes\u0142uchania \u015bwiadk\u00f3w i wykonanych ogl\u0119dzin, pozwoli\u0142y zebra\u0107 obszerny materia\u0142 dowodowy, potwierdzaj\u0105cy przest\u0119pczy proceder. Wobec trzech cz\u0142onk\u00f3w grupy \u2013 24-letniej kobiety i m\u0119\u017cczyzn w wieku 31 i 58 lat &#8211; s\u0105d podj\u0105\u0142 decyzj\u0119 o zastosowaniu tymczasowego aresztowaniu na 3 miesi\u0105ce. Wobec pozosta\u0142ej tr\u00f3jki zastosowane zosta\u0142y \u015brodki wolno\u015bciowe: dozory, por\u0119czenia maj\u0105tkowe, zakaz opuszczania kraju oraz zakaz kontaktowania si\u0119. Zatrzymanym grozi kara do 10 lat wi\u0119zienia.<br \/>&#13;<br \/>\n\u015aledczy nadal okre\u015blaj\u0105 spraw\u0119 jako rozwojow\u0105.<\/p>\n<p>&#13;<br \/>\n&#13;<\/p>\n<p>&#13;<br \/>\n&#13;<\/p>\n<p>\u00a0<\/p>\n<p>&#13;<br \/>\n&#13;<\/p>\n<p>\u00a0<\/p>\n<p>&#13;<br \/>\n          &#13;<br \/>\n  &#13;<\/p>\n","protected":false},"excerpt":{"rendered":"&#13; \u015al\u0105scy kryminalni rozbili grup\u0119 przest\u0119pcz\u0105 wykorzystuj\u0105c\u0105 kobiety Data publikacji 29.12.2025 Policjanci z Wydzia\u0142u Kryminalnego KWP w Katowicach&hellip;\n","protected":false},"author":2,"featured_media":177299,"comment_status":"","ping_status":"","sticky":false,"template":"","format":"standard","meta":{"footnotes":""},"categories":[5],"tags":[425,32,33,36,37,27,496,34,35,28,31,25,42,38,414,40,39,41,28072,21624,28073,29,30,26,1092,28074],"class_list":{"0":"post-177298","1":"post","2":"type-post","3":"status-publish","4":"format-standard","5":"has-post-thumbnail","7":"category-naglowki","8":"tag-bezpieczenstwo","9":"tag-breaking-news","10":"tag-breakingnews","11":"tag-featured-news","12":"tag-featurednews","13":"tag-headlines","14":"tag-kierowcy","15":"tag-latest-news","16":"tag-latestnews","17":"tag-naglowki","18":"tag-najwazniejsze-artykuly","19":"tag-news","20":"tag-pl","21":"tag-poland","22":"tag-policja","23":"tag-polish","24":"tag-polska","25":"tag-polski","26":"tag-prewencja","27":"tag-przestepstwa","28":"tag-ruch-drogowy","29":"tag-top-stories","30":"tag-topstories","31":"tag-wiadomosci","32":"tag-wydarzenia","33":"tag-wykroczenia"},"share_on_mastodon":{"url":"https:\/\/pubeurope.com\/@pl\/115805902902550778","error":""},"_links":{"self":[{"href":"https:\/\/www.europesays.com\/pl\/wp-json\/wp\/v2\/posts\/177298","targetHints":{"allow":["GET"]}}],"collection":[{"href":"https:\/\/www.europesays.com\/pl\/wp-json\/wp\/v2\/posts"}],"about":[{"href":"https:\/\/www.europesays.com\/pl\/wp-json\/wp\/v2\/types\/post"}],"author":[{"embeddable":true,"href":"https:\/\/www.europesays.com\/pl\/wp-json\/wp\/v2\/users\/2"}],"replies":[{"embeddable":true,"href":"https:\/\/www.europesays.com\/pl\/wp-json\/wp\/v2\/comments?post=177298"}],"version-history":[{"count":0,"href":"https:\/\/www.europesays.com\/pl\/wp-json\/wp\/v2\/posts\/177298\/revisions"}],"wp:featuredmedia":[{"embeddable":true,"href":"https:\/\/www.europesays.com\/pl\/wp-json\/wp\/v2\/media\/177299"}],"wp:attachment":[{"href":"https:\/\/www.europesays.com\/pl\/wp-json\/wp\/v2\/media?parent=177298"}],"wp:term":[{"taxonomy":"category","embeddable":true,"href":"https:\/\/www.europesays.com\/pl\/wp-json\/wp\/v2\/categories?post=177298"},{"taxonomy":"post_tag","embeddable":true,"href":"https:\/\/www.europesays.com\/pl\/wp-json\/wp\/v2\/tags?post=177298"}],"curies":[{"name":"wp","href":"https:\/\/api.w.org\/{rel}","templated":true}]}}