{"id":177324,"date":"2025-12-30T01:43:20","date_gmt":"2025-12-30T01:43:20","guid":{"rendered":"https:\/\/www.europesays.com\/pl\/177324\/"},"modified":"2025-12-30T01:43:20","modified_gmt":"2025-12-30T01:43:20","slug":"uwaga-od-poniedzialku-oblodzenie-i-marznace-opady-we-wroclawiu-i-w-regionie-ostrzezenie-imgw-wroclaw-pl","status":"publish","type":"post","link":"https:\/\/www.europesays.com\/pl\/177324\/","title":{"rendered":"Uwaga! Od poniedzia\u0142ku oblodzenie i marzn\u0105ce opady we Wroc\u0142awiu i w regionie. Ostrze\u017cenie IMGW &#8211; wroclaw.pl"},"content":{"rendered":"<ol>\n<li><a href=\"https:\/\/news.google.com\/rss\/articles\/CBMiugFBVV95cUxPZXE2Rm9HcEIwZGRjMklxS0hhclVPRmFKazdVWVN3U3gwdDJPVV9scUgyUXJiTU10Tm1iYlVnOV9iMDh3TTlKMk1id1RpWlZmUTQ5ajlJbjB2N0pHS1NmTHltUG9hYlhPRDZ0akRnanhxWWphOWZ5OXEyRVJra2NHUEtIQmJhdEJnd19IWXAxZXh3WWtmcmNsMWhOYUZVUWU4QnR4cFhWajJRaURtWHVpY1lSRGZIc3lfbXc?oc=5\" target=\"_blank\" rel=\"nofollow noopener\">Uwaga! Od poniedzia\u0142ku oblodzenie i marzn\u0105ce opady we Wroc\u0142awiu i w regionie. Ostrze\u017cenie IMGW<\/a>&nbsp;&nbsp;wroclaw.pl<\/li>\n<li><a href=\"https:\/\/news.google.com\/rss\/articles\/CBMiqAFBVV95cUxNWjVZYzRDR05JUG01c2NPd2NkQWxMU2FtUjdDS0NfUFdMemNaMGtxdlUzOHZmendxcENvNklDWVAyZEZRNS1mQmJMQUJVVzJvUzRfSHJfd0xaWk1xcm9GNmUxaDhpb0NQNHlRU3dtWWtmczlZN1VIdHM2bm9qODF1UW1DTjNWeC0zMVRvbTRDQ0JVejhJb1BVcDJDU3ZGYjd1SDBrRjI0OTE?oc=5\" target=\"_blank\" rel=\"nofollow noopener\">Zrobi si\u0119 niebezpiecznie nie tylko na drogach. IMGW ostrzega 13 wojew\u00f3dztw, wydano alerty<\/a>&nbsp;&nbsp;Wydarzenia w INTERIA.PL<\/li>\n<li><a href=\"https:\/\/news.google.com\/rss\/articles\/CBMiiwFBVV95cUxOanJscjFQZGpyb0s5RjFBZGhuLW1nZW5nUnJLWkUxM1ZiZFhVVGNNTHlxSXB4VGVIZXFBYTM0ODlCNW1UZE84MC1VMnRyU2RFcGM3ck9rWnpwa0JrSmVzU3IteU5UZWJudHZacWd3eWpYSXFUV3hDajdFVU5MdnlZN1RPLTVNRDItRjRV?oc=5\" target=\"_blank\" rel=\"nofollow noopener\">IMGW ostrzega. Fatalne warunki na drogach<\/a>&nbsp;&nbsp;WP Wiadomo\u015bci<\/li>\n<li><a href=\"https:\/\/news.google.com\/rss\/articles\/CBMizgFBVV95cUxNLVBBQTdKdVlzdE1lRlZBRHNVN2Y2YTg4NWNJUUsxUkM4bDd0QVdLRDNwRGFxTkM4QkFtWWhTWUVaQ0w0Ykd3bHBjdlR2Tk5YU1RYa1dFV0lZU3BVcXRpSmZ3ZlozTFRXQklYS0xzcUR3ZTJmdzdRMEdxMFY3Z0tjejd6WmdNT190NTZvSTQ5bXVaZXhCWEx4TWZtTnVYMklsZkhBQlZac3RpMGFwTkhnbkR5WXB1UllGQjk5SXJMU0dYVlVKdlpjM3BVQUNiZw?oc=5\" target=\"_blank\" rel=\"nofollow noopener\">Niebezpieczna pu\u0142apka na drogach. IMGW wyda\u0142 alerty dla wi\u0119kszo\u015bci Polski. Mo\u017cliwe zamiecie \u015bnie\u017cne<\/a>&nbsp;&nbsp;Gazeta<\/li>\n<li><a href=\"https:\/\/news.google.com\/rss\/articles\/CBMitgFBVV95cUxOSzh2MFU1dlVhakJQU256UnV3bDJrdzhJUkEya1FnSlh3VVlSVUE1TlUxSVhuMWFTcXI4bGdrTnN0ZjVVS3hRR0VHclE0emhxSGkxUXBNNjl6bmlsOWhqaVB5WFE4Z1Zzb2ljbEJ5WnNIbEdRN3JYUGkwYmtOWGlPVEJGaGpnckhMUENEaGRqVU8xNGJQZEhfNmNwY1ozTVE3Q3l5bl9jYkRSTUttVWUtVDdyN3Y3dw?oc=5\" target=\"_blank\" rel=\"nofollow noopener\">Ostrze\u017cenie dla niemal ca\u0142ego kraju. Tak\u017ce w Wielkopolsce<\/a>&nbsp;&nbsp;TVP Pozna\u0144<\/li>\n<\/ol>\n","protected":false},"excerpt":{"rendered":"Uwaga! Od poniedzia\u0142ku oblodzenie i marzn\u0105ce opady we Wroc\u0142awiu i w regionie. Ostrze\u017cenie IMGW&nbsp;&nbsp;wroclaw.pl Zrobi si\u0119 niebezpiecznie nie&hellip;\n","protected":false},"author":2,"featured_media":78377,"comment_status":"","ping_status":"","sticky":false,"template":"","format":"standard","meta":{"footnotes":""},"categories":[5],"tags":[32,33,36,37,27,34,35,28,31,25,42,38,40,39,41,29,30,26],"class_list":{"0":"post-177324","1":"post","2":"type-post","3":"status-publish","4":"format-standard","5":"has-post-thumbnail","7":"category-naglowki","8":"tag-breaking-news","9":"tag-breakingnews","10":"tag-featured-news","11":"tag-featurednews","12":"tag-headlines","13":"tag-latest-news","14":"tag-latestnews","15":"tag-naglowki","16":"tag-najwazniejsze-artykuly","17":"tag-news","18":"tag-pl","19":"tag-poland","20":"tag-polish","21":"tag-polska","22":"tag-polski","23":"tag-top-stories","24":"tag-topstories","25":"tag-wiadomosci"},"share_on_mastodon":{"url":"https:\/\/pubeurope.com\/@pl\/115805985419914693","error":""},"_links":{"self":[{"href":"https:\/\/www.europesays.com\/pl\/wp-json\/wp\/v2\/posts\/177324","targetHints":{"allow":["GET"]}}],"collection":[{"href":"https:\/\/www.europesays.com\/pl\/wp-json\/wp\/v2\/posts"}],"about":[{"href":"https:\/\/www.europesays.com\/pl\/wp-json\/wp\/v2\/types\/post"}],"author":[{"embeddable":true,"href":"https:\/\/www.europesays.com\/pl\/wp-json\/wp\/v2\/users\/2"}],"replies":[{"embeddable":true,"href":"https:\/\/www.europesays.com\/pl\/wp-json\/wp\/v2\/comments?post=177324"}],"version-history":[{"count":0,"href":"https:\/\/www.europesays.com\/pl\/wp-json\/wp\/v2\/posts\/177324\/revisions"}],"wp:featuredmedia":[{"embeddable":true,"href":"https:\/\/www.europesays.com\/pl\/wp-json\/wp\/v2\/media\/78377"}],"wp:attachment":[{"href":"https:\/\/www.europesays.com\/pl\/wp-json\/wp\/v2\/media?parent=177324"}],"wp:term":[{"taxonomy":"category","embeddable":true,"href":"https:\/\/www.europesays.com\/pl\/wp-json\/wp\/v2\/categories?post=177324"},{"taxonomy":"post_tag","embeddable":true,"href":"https:\/\/www.europesays.com\/pl\/wp-json\/wp\/v2\/tags?post=177324"}],"curies":[{"name":"wp","href":"https:\/\/api.w.org\/{rel}","templated":true}]}}