{"id":177354,"date":"2025-12-30T02:26:13","date_gmt":"2025-12-30T02:26:13","guid":{"rendered":"https:\/\/www.europesays.com\/pl\/177354\/"},"modified":"2025-12-30T02:26:13","modified_gmt":"2025-12-30T02:26:13","slug":"fatalny-koniec-roku-trener-reprezentacji-polski-zwolniony","status":"publish","type":"post","link":"https:\/\/www.europesays.com\/pl\/177354\/","title":{"rendered":"Fatalny koniec roku. Trener reprezentacji Polski zwolniony"},"content":{"rendered":"\n<p class=\"contentpart contentpart--default contentpart--text\" data-position=\"0\">&#8222;Z dniem 27 grudnia Mi\u0142osz Majka przestaje pe\u0142ni\u0107 funkcj\u0119 pierwszego trenera ITA TOOLS Stali Mielec.\u00a0Klub dzi\u0119kuje trenerowi za zaanga\u017cowanie, po\u015bwi\u0119cenie oraz wk\u0142ad w rozw\u00f3j zespo\u0142u, \u017cycz\u0105c jednocze\u015bnie wielu sukces\u00f3w w dalszej karierze trenerskiej. W meczu z PGE Budowlanymi \u0141\u00f3d\u017a poprowadzi Dominik Stanis\u0142awczyk jako pierwszy trener, natomiast funkcj\u0119 drugiego trenera b\u0119dzie pe\u0142ni\u0107 Katarzyna Bryda&#8221; &#8211; poinformowa\u0142 klub w komunikacie opublikowanym w mediach spo\u0142eczno\u015bciowych tu\u017c po \u015bwi\u0119tach.<\/p>\n<p> <img role=\"presentation\" src=\"https:\/\/std.wpcdn.pl\/images\/adv\/placeholder_wp.svg\" loading=\"lazy\" alt=\"\" decoding=\"async\"\/>  <\/p>\n<p class=\"contentpart contentpart--default contentpart--text\" data-position=\"1\"><a href=\"https:\/\/sportowefakty.wp.pl\/siatkowka\/milosz-majka\" rel=\"nofollow noopener\" target=\"_blank\">Mi\u0142osz Majka<\/a>\u00a0zosta\u0142 trenerem <a href=\"https:\/\/sportowefakty.wp.pl\/siatkowka\/kpsk-stal-mielec\" rel=\"nofollow noopener\" target=\"_blank\">ITA TOOLS Stali Mielec<\/a>\u00a0w listopadzie 2024 roku. Zast\u0105pi\u0142 wtedy Mateusza Grabd\u0119, kt\u00f3ry poda\u0142 si\u0119 do dymisji. Pod wodz\u0105 Majki mielecka dru\u017cyna zako\u0144czy\u0142a sezon 2024\/2025 na \u00f3smej pozycji. W obecnych rozgrywkach jest dziewi\u0105ta &#8211; zdoby\u0142a dotychczas 11 punkt\u00f3w, tyle samo co wyprzedzaj\u0105ca j\u0105 MOYA Radomka Radom.<\/p>\n<p class=\"contentpart contentpart--default contentpart--text\" data-position=\"2\">ZOBACZ WIDEO: Boruc wkr\u0119ci\u0142 Fabia\u0144skiego w szatni Legii. &#8222;We\u017a wsta\u0144&#8230;&#8221;<\/p>\n<p class=\"contentpart contentpart--default contentpart--text\" data-position=\"4\">Mielczanki obecny sezon rozpocz\u0119\u0142y od niespodzianki, pokonuj\u0105c na wyje\u017adzie 3:2 br\u0105zowe medalistki ostatniego sezonu, PGE Budowlanych \u0141\u00f3d\u017a. Kolejne potyczki nie by\u0142y ju\u017c tak udane dla dru\u017cyny z Podkarpacia. W pi\u0119ciu kolejnych meczach zdoby\u0142y zaledwie dwa punkty, po wygranej na wyje\u017adzie z #Volley Wroc\u0142aw. Przegra\u0142y za to z BKS BOSTIK Bielsko-Bia\u0142a, Metalkas Pa\u0142acem Bydgoszcz, UNI Opole i \u0141KS-em Commercecon \u0141\u00f3d\u017a. Na chwil\u0119 obecn\u0105 zesp\u00f3\u0142 mo\u017ce pochwali\u0107 si\u0119 bilansem 4 zwyci\u0119stw &#8211; 7 pora\u017cek.<\/p>\n<p class=\"contentpart contentpart--default contentpart--text\" data-position=\"5\">Mieleckie siatkarki odpad\u0142y te\u017c z TAURON Pucharu Polski, po pora\u017cce 0:3 z pierwszoligowym zespo\u0142em KSG Warszawa.<\/p>\n<p> <img role=\"presentation\" src=\"https:\/\/std.wpcdn.pl\/images\/adv\/placeholder_wp.svg\" loading=\"lazy\" alt=\"\" decoding=\"async\"\/>  <\/p>\n<p class=\"contentpart contentpart--default contentpart--text\" data-position=\"6\">Mi\u0142osz Majka w 2025 roku prowadzi\u0142 reprezentacj\u0119 Polski U-21 siatkarek na mistrzostwach \u015bwiata. Bia\u0142o-Czerwone by\u0142y rewelacj\u0105 fazy grupowej, kt\u00f3r\u0105 zako\u0144czy\u0142y na 1. miejscu z bilansem 4 zwyci\u0119stw &#8211; 1 pora\u017cki. Za ich plecami uplasowa\u0142y si\u0119 m.in. srebrne i z\u0142ote medalistki ME 2024 tj. W\u0142oszki i Turczynki oraz Czeszki, Egipcjanki i Algierki. Ostatecznie nasz zesp\u00f3\u0142 zako\u0144czy\u0142 zmagania na 6. pozycji, w meczu o 5. miejsce ulegaj\u0105c Chinkom, a wcze\u015bniej w \u0107wier\u0107finale Bu\u0142garii.<\/p>\n","protected":false},"excerpt":{"rendered":"&#8222;Z dniem 27 grudnia Mi\u0142osz Majka przestaje pe\u0142ni\u0107 funkcj\u0119 pierwszego trenera ITA TOOLS Stali Mielec.\u00a0Klub dzi\u0119kuje trenerowi za&hellip;\n","protected":false},"author":2,"featured_media":177355,"comment_status":"","ping_status":"","sticky":false,"template":"","format":"standard","meta":{"footnotes":""},"categories":[24],"tags":[17095,34847,42,38,40,39,41,34846,131,127,126,17094],"class_list":{"0":"post-177354","1":"post","2":"type-post","3":"status-publish","4":"format-standard","5":"has-post-thumbnail","7":"category-sport","8":"tag-ita-tools-stal-mielec","9":"tag-milosz-majka","10":"tag-pl","11":"tag-poland","12":"tag-polish","13":"tag-polska","14":"tag-polski","15":"tag-reprezentacja-polski-kobiet-u-21","16":"tag-siatkowka","17":"tag-sport","18":"tag-sports","19":"tag-tauron-liga"},"share_on_mastodon":{"url":"https:\/\/pubeurope.com\/@pl\/115806154435349668","error":""},"_links":{"self":[{"href":"https:\/\/www.europesays.com\/pl\/wp-json\/wp\/v2\/posts\/177354","targetHints":{"allow":["GET"]}}],"collection":[{"href":"https:\/\/www.europesays.com\/pl\/wp-json\/wp\/v2\/posts"}],"about":[{"href":"https:\/\/www.europesays.com\/pl\/wp-json\/wp\/v2\/types\/post"}],"author":[{"embeddable":true,"href":"https:\/\/www.europesays.com\/pl\/wp-json\/wp\/v2\/users\/2"}],"replies":[{"embeddable":true,"href":"https:\/\/www.europesays.com\/pl\/wp-json\/wp\/v2\/comments?post=177354"}],"version-history":[{"count":0,"href":"https:\/\/www.europesays.com\/pl\/wp-json\/wp\/v2\/posts\/177354\/revisions"}],"wp:featuredmedia":[{"embeddable":true,"href":"https:\/\/www.europesays.com\/pl\/wp-json\/wp\/v2\/media\/177355"}],"wp:attachment":[{"href":"https:\/\/www.europesays.com\/pl\/wp-json\/wp\/v2\/media?parent=177354"}],"wp:term":[{"taxonomy":"category","embeddable":true,"href":"https:\/\/www.europesays.com\/pl\/wp-json\/wp\/v2\/categories?post=177354"},{"taxonomy":"post_tag","embeddable":true,"href":"https:\/\/www.europesays.com\/pl\/wp-json\/wp\/v2\/tags?post=177354"}],"curies":[{"name":"wp","href":"https:\/\/api.w.org\/{rel}","templated":true}]}}