{"id":177390,"date":"2025-12-30T03:23:17","date_gmt":"2025-12-30T03:23:17","guid":{"rendered":"https:\/\/www.europesays.com\/pl\/177390\/"},"modified":"2025-12-30T03:23:17","modified_gmt":"2025-12-30T03:23:17","slug":"skolim-sylwestrowe-wystepy-marzylem-o-tym-od-dziecka","status":"publish","type":"post","link":"https:\/\/www.europesays.com\/pl\/177390\/","title":{"rendered":"Skolim: Sylwestrowe wyst\u0119py? Marzy\u0142em o tym od dziecka"},"content":{"rendered":"<p>\t\t    \t\t\t\t\tToru\u0144 pe\u0142en fan\u00f3w<\/p>\n<p>Skolim wraca do Torunia po wyst\u0119pie na Sylwestrowej Mocy Przeboj\u00f3w w 2024 roku. &#8211; S\u0142ysza\u0142em, \u017ce podczas naszego wyst\u0119pu s\u0142upki ogl\u0105dalno\u015bci poszybowa\u0142y rekordowo, wi\u0119c bardzo si\u0119 ucieszy\u0142em. To dla mnie niesamowite emocje. W samym Toruniu wyst\u0119puj\u0119 oko\u0142o dwudziestu razy w ci\u0105gu roku, wi\u0119c to dla mnie doskona\u0142e miejsce. Wojew\u00f3dztwo kujawsko-pomorskie jest mi bardzo dobrze znane, mam tam wielu fan\u00f3w. Ubolewam jedynie nad tym, \u017ce plac m\u00f3g\u0142by by\u0107 wi\u0119kszy, bo uwa\u017cam, \u017ce znacznie wi\u0119cej os\u00f3b chcia\u0142oby uczestniczy\u0107 w koncercie &#8211; przyznaje artysta.<\/p>\n<p>Spe\u0142nione marzenia z dzieci\u0144stwa<\/p>\n<p>Muzyka Skolima porywa do zabawy, a wyst\u0119py na imprezach sylwestrowych jawi\u0105 si\u0119 jako jego naturalne \u015brodowisko.- Zdecydowanie. Od dziecka o tym marzy\u0142em. Zawsze ogl\u0105da\u0142em najwi\u0119ksze telewizyjne sylwestry i chcia\u0142em znale\u017a\u0107 si\u0119 na tej scenie. Bardzo podoba mi si\u0119 to, \u017ce w Polsce tak \u015bwi\u0119tujemy Nowy Rok i \u017ce istnieje r\u00f3wnie\u017c rywalizacja mi\u0119dzy stacjami telewizyjnymi &#8211; zaznacza. &#8211; Od czterech, pi\u0119ciu lat regularnie wyst\u0119puj\u0119 na sylwestrach i uwielbiam t\u0119 energi\u0119. To moment, w kt\u00f3rym wszyscy s\u0105 skupieni na jednym wydarzeniu &#8211; niezale\u017cnie od tego, czy bawi\u0105 si\u0119 na placu, na dom\u00f3wkach, czy ogl\u0105daj\u0105 koncert w telewizji &#8211; dodaje.<\/p>\n<p>Wsp\u00f3lne zdj\u0119cie na imprezie<\/p>\n<p>Blondw\u0142osy artysta czeka na wyst\u0119p na Rynku Staromiejskim, ale\u2026 nie tylko na to. &#8211; Bardzo mnie bawi to, \u017ce bywam por\u00f3wnywany do Ani Wyszkoni czy Beaty Kozidrak i \u017ce w d\u0142ugich w\u0142osach przypominam te dwie panie. Chyba zrobi\u0119 sobie z nimi zdj\u0119cie na Sylwestrze &#8211; m\u00f3wi z przymru\u017ceniem oka Skolim.<\/p>\n<p>Klucz do sukcesu Skolima<\/p>\n<p>Artysta jest rozchwytywany i uwielbiany przez t\u0142umy. Co &#8211; jego zdaniem &#8211; jest kluczem do tego, \u017ceby publiczno\u015b\u0107 poczu\u0142a jego muzyk\u0119? &#8211; My\u015bl\u0119, \u017ce chodzi o du\u017c\u0105 grup\u0119 ludzi o podobnej wra\u017cliwo\u015bci. \u0141\u0105cz\u0119 s\u0142uchaczy popu, hip-hopu, disco, reggaetonu i latino. Wydaje mi si\u0119, \u017ce w\u0142a\u015bnie to jest klucz: jestem mi\u0119dzygatunkowy &#8211; ocenia autor przeboj\u00f3w takich jak \u201eWygl\u0105dasz idealnie\u201d, \u201eTemperatura\u201d, \u201eDziewczyno pi\u0119kna\u201d, \u201ePalermo\u201d czy \u201eDaj mi jedno s\u0142owo\u201d.<\/p>\n<p>\u017byczenia na 2026 rok<\/p>\n<p>W nowym roku muzyk nie planuje zwalnia\u0107 tempa i zapowiada dalsze intensywne koncertowanie w ca\u0142ym kraju. Czego artysta \u017cyczy widzom Polsat? &#8211; Tego samego, czego \u017cycz\u0119 sobie: zdrowia, szcz\u0119\u015bcia, mi\u0142o\u015bci, bogactwa i spe\u0142nienia marze\u0144. Oby\u015bmy wszyscy byli szcz\u0119\u015bliwi &#8211; podsumowuje.<\/p>\n<p style=\"text-align: center;\">\u00a0<video class=\"videoPlayer player7301728\" poster=\"https:\/\/ipla.pluscdn.pl\/dituel\/cp\/r8\/r8r5yf4ytsxqctzjifdea5427yzyvehk.jpg\" style=\"width: 740px; height: 416px;\" controls=\"controls\"><\/video>\u00a0<\/p>\n<p><a href=\"https:\/\/www.polsat.pl\/event\/sylwestrowa-moc-przebojow\/\" rel=\"nofollow noopener\" target=\"_blank\">Sylwestrowa Moc Przeboj\u00f3w 2025<\/a> w \u015brod\u0119 31 grudnia na \u017cywo od godz. 19:45 w Polsacie.<\/p>\n<p><a href=\"https:\/\/www.instagram.com\/polsatofficial\/\" target=\"_blank\" rel=\"noopener noreferrer nofollow\">Oficjalny profil POLSAT na Instagramie &#8211; @polsatofficial<\/a><\/p>\n<p><a href=\"https:\/\/www.tiktok.com\/@polsat\" target=\"_blank\" rel=\"noopener noreferrer nofollow\">Oficjalny profil POLSAT na TikToku &#8211; @polsat<\/a><\/p>\n<p>    \t\t<script async src=\"\/\/www.instagram.com\/embed.js\"><\/script><script async src=\"\/\/www.tiktok.com\/embed.js\"><\/script><\/p>\n","protected":false},"excerpt":{"rendered":"Toru\u0144 pe\u0142en fan\u00f3w Skolim wraca do Torunia po wyst\u0119pie na Sylwestrowej Mocy Przeboj\u00f3w w 2024 roku. &#8211; S\u0142ysza\u0142em,&hellip;\n","protected":false},"author":2,"featured_media":177391,"comment_status":"","ping_status":"","sticky":false,"template":"","format":"standard","meta":{"footnotes":""},"categories":[22],"tags":[122,42,38,40,39,41,123,34855],"class_list":{"0":"post-177390","1":"post","2":"type-post","3":"status-publish","4":"format-standard","5":"has-post-thumbnail","7":"category-rozrywka","8":"tag-entertainment","9":"tag-pl","10":"tag-poland","11":"tag-polish","12":"tag-polska","13":"tag-polski","14":"tag-rozrywka","15":"tag-skolim-sylwestrowe-wystepy-marzylem-o-tym-od-dziecka"},"share_on_mastodon":{"url":"https:\/\/pubeurope.com\/@pl\/115806378560831511","error":""},"_links":{"self":[{"href":"https:\/\/www.europesays.com\/pl\/wp-json\/wp\/v2\/posts\/177390","targetHints":{"allow":["GET"]}}],"collection":[{"href":"https:\/\/www.europesays.com\/pl\/wp-json\/wp\/v2\/posts"}],"about":[{"href":"https:\/\/www.europesays.com\/pl\/wp-json\/wp\/v2\/types\/post"}],"author":[{"embeddable":true,"href":"https:\/\/www.europesays.com\/pl\/wp-json\/wp\/v2\/users\/2"}],"replies":[{"embeddable":true,"href":"https:\/\/www.europesays.com\/pl\/wp-json\/wp\/v2\/comments?post=177390"}],"version-history":[{"count":0,"href":"https:\/\/www.europesays.com\/pl\/wp-json\/wp\/v2\/posts\/177390\/revisions"}],"wp:featuredmedia":[{"embeddable":true,"href":"https:\/\/www.europesays.com\/pl\/wp-json\/wp\/v2\/media\/177391"}],"wp:attachment":[{"href":"https:\/\/www.europesays.com\/pl\/wp-json\/wp\/v2\/media?parent=177390"}],"wp:term":[{"taxonomy":"category","embeddable":true,"href":"https:\/\/www.europesays.com\/pl\/wp-json\/wp\/v2\/categories?post=177390"},{"taxonomy":"post_tag","embeddable":true,"href":"https:\/\/www.europesays.com\/pl\/wp-json\/wp\/v2\/tags?post=177390"}],"curies":[{"name":"wp","href":"https:\/\/api.w.org\/{rel}","templated":true}]}}