{"id":177408,"date":"2025-12-30T04:03:06","date_gmt":"2025-12-30T04:03:06","guid":{"rendered":"https:\/\/www.europesays.com\/pl\/177408\/"},"modified":"2025-12-30T04:03:06","modified_gmt":"2025-12-30T04:03:06","slug":"oskarzaja-ukraine-o-atak-na-rezydencje-wladimira-putina-rosja-zapowiada-odpowiedz-onet","status":"publish","type":"post","link":"https:\/\/www.europesays.com\/pl\/177408\/","title":{"rendered":"Oskar\u017caj\u0105 Ukrain\u0119 o atak na rezydencj\u0119 W\u0142adimira Putina. Rosja zapowiada odpowied\u017a &#8211; Onet"},"content":{"rendered":"<ol>\n<li><a href=\"https:\/\/news.google.com\/rss\/articles\/CBMiwgFBVV95cUxPbzRZODlxZUNlcEdtSDVhR1dQdGtHRGY4N0ZXZWNPZ2Z2OWh4b0JlQW9nQzZWV25XdFdpM2RZbmx3SG5PTnkzZjRFMnpjUDNUTHJVcGg1dVJYdnFrR0FHVzFMelkyRkhyQzMwRU9KMGlfQWVxdVhKamM3N3l4TU01UW1KaFRYcFpndlV0c04xMmJVal9RaU1PSDZFRDQzWjlpbko4ekFDS2lDR0t3RGlHT3R2XzlkakM1Mk4yWmMwWkR0Zw?oc=5\" target=\"_blank\" rel=\"nofollow noopener\">Oskar\u017caj\u0105 Ukrain\u0119 o atak na rezydencj\u0119 W\u0142adimira Putina. Rosja zapowiada odpowied\u017a<\/a>&nbsp;&nbsp;Onet<\/li>\n<li><a href=\"https:\/\/news.google.com\/rss\/articles\/CBMisAFBVV95cUxOcGhUUUpweFdzZEtrUlpqeGlzTTFWOWJTSlQyUWhQNWdqaGpnZzVveFdpNUotSG9ZbE45ektGaFFMMDZod2tLWjhNWU1OLWtsM3J3VEZzdzZNZ3NHVlZHc1prS3gxaE1qVWp2dzY5Z1lTOHhfWE14cWRJSkJURTBQeGppN0pOZGR0ckJROFJPR1Z3LXEwRWlnMzhiNmkyVEhnQlpoTnpuZEJsamh4VUNlRg?oc=5\" target=\"_blank\" rel=\"nofollow noopener\">&#8222;By\u0142em bardzo z\u0142y&#8221;. Trump ujawni\u0142, co powiedzia\u0142 mu Putin<\/a>&nbsp;&nbsp;Wydarzenia w INTERIA.PL<\/li>\n<li><a href=\"https:\/\/news.google.com\/rss\/articles\/CBMiygFBVV95cUxNMFp5anBjWE5OejdlQV85eEt1THJjS1ZoRFd4NnhMSHgxRTFpREpCUmFoSHliMHB5eFM4M0psMGg4Vk1maU9KbEhXZk5Rcnk5eGEwaHBEa3dwaC0xZVBpRGx1bEg0eFNhT3U5SUtnUmcxNFlEVVZ5bEJWOEFsZnhWaF9OdW53eTBVT2hNWG0zX3dXa294TWRKcllvZXFCU0NGdFVIamY4MV9TQUhseEt5Mmdaa2dwSDJzcXc3Zmp1dnZVMW5yTEdYbHF3?oc=5\" target=\"_blank\" rel=\"nofollow noopener\">Ze\u0142enski odrzuca oskar\u017cenia o &#8222;atak na rezydencj\u0119&#8221; Putina. &#8222;Kompletne k\u0142amstwo&#8221;<\/a>&nbsp;&nbsp;TVN24<\/li>\n<li><a href=\"https:\/\/news.google.com\/rss\/articles\/CBMiwwFBVV95cUxNS1BuNnFDRkJ6d0IxSzBLdnJfTEhyaWloRDQtZmJBTkpDRV9iekRnZ3RiZnh6V1hqcnd3UFcxX2UxTERGMHhQaUhvTnRYLTdkMXBxWGRUUFRZeFJQNTZScHpfTHNZeFZqbGpkMTJnY29semNRZU5ZUTZ2UlRuOHpORG0xOVhUa2FLS3Axb2hYaFAtQ3lTVEVqNlE5N2FpQ2dxLUlUMG5pRVpuU0g4NjdZMkNQc3Mwc3JRZGRHc2w2Nm54SW8?oc=5\" target=\"_blank\" rel=\"nofollow noopener\">Ze\u0142enski o rozmowach w USA: \u201eNie ma alternatywy dla pokoju\u201d<\/a>&nbsp;&nbsp;OKO.press<\/li>\n<li><a href=\"https:\/\/news.google.com\/rss\/articles\/CBMiogFBVV95cUxNWkNUZkxRcFZKbG1MLVdzV0gySlV0bl9OSWJlVEJBY0FibnlWYXFnaG5Kbl9KcmZwS0dHWlJDcUVSUXczXzNzVGQ0N2NhQjBsMllfOUlVMm9FZTVMRG9yRHl3WFhuRjNUdDVZRGM4dFFaWVpEY2N6NUtnN3htOFA5RUIzd01hTWpSeDE2SW5XaDZUWGM1ZFNNSjRNYmpaM0xLbnc?oc=5\" target=\"_blank\" rel=\"nofollow noopener\">Rosja oskar\u017ca Ukrain\u0119 o atak na rezydencj\u0119 Putina. Kij\u00f3w: To k\u0142amstwo i pr\u00f3ba storpedowania negocjacji pokojowych<\/a>&nbsp;&nbsp;Wyborcza.pl<\/li>\n<\/ol>\n","protected":false},"excerpt":{"rendered":"Oskar\u017caj\u0105 Ukrain\u0119 o atak na rezydencj\u0119 W\u0142adimira Putina. Rosja zapowiada odpowied\u017a&nbsp;&nbsp;Onet &#8222;By\u0142em bardzo z\u0142y&#8221;. Trump ujawni\u0142, co powiedzia\u0142&hellip;\n","protected":false},"author":2,"featured_media":177409,"comment_status":"","ping_status":"","sticky":false,"template":"","format":"standard","meta":{"footnotes":""},"categories":[5],"tags":[32,33,58,36,37,27,67,34,35,2165,28,31,53,25,52,68,51,55,42,38,40,39,41,62,47,29,30,390,65,50,26,418],"class_list":{"0":"post-177408","1":"post","2":"type-post","3":"status-publish","4":"format-standard","5":"has-post-thumbnail","7":"category-naglowki","8":"tag-breaking-news","9":"tag-breakingnews","10":"tag-donald_trump_prezydent_usa","11":"tag-featured-news","12":"tag-featurednews","13":"tag-headlines","14":"tag-intextvideo_splayer","15":"tag-latest-news","16":"tag-latestnews","17":"tag-maria_zacharowa","18":"tag-naglowki","19":"tag-najwazniejsze-artykuly","20":"tag-new_header","21":"tag-news","22":"tag-onet3","23":"tag-onet3d","24":"tag-onet3d_2i","25":"tag-phx","26":"tag-pl","27":"tag-poland","28":"tag-polish","29":"tag-polska","30":"tag-polski","31":"tag-rosja_kraj_rosjanin_rosjanie_rosjanka_rosjanki","32":"tag-screening_general","33":"tag-top-stories","34":"tag-topstories","35":"tag-ukraina_ukrainiec_ukrainka_ukraincy_ukrainki","36":"tag-update_me","37":"tag-v2021","38":"tag-wiadomosci","39":"tag-wladimir_putin_rosyjski_prezydent"},"share_on_mastodon":{"url":"","error":"Validation failed: Text character limit of 500 exceeded"},"_links":{"self":[{"href":"https:\/\/www.europesays.com\/pl\/wp-json\/wp\/v2\/posts\/177408","targetHints":{"allow":["GET"]}}],"collection":[{"href":"https:\/\/www.europesays.com\/pl\/wp-json\/wp\/v2\/posts"}],"about":[{"href":"https:\/\/www.europesays.com\/pl\/wp-json\/wp\/v2\/types\/post"}],"author":[{"embeddable":true,"href":"https:\/\/www.europesays.com\/pl\/wp-json\/wp\/v2\/users\/2"}],"replies":[{"embeddable":true,"href":"https:\/\/www.europesays.com\/pl\/wp-json\/wp\/v2\/comments?post=177408"}],"version-history":[{"count":0,"href":"https:\/\/www.europesays.com\/pl\/wp-json\/wp\/v2\/posts\/177408\/revisions"}],"wp:featuredmedia":[{"embeddable":true,"href":"https:\/\/www.europesays.com\/pl\/wp-json\/wp\/v2\/media\/177409"}],"wp:attachment":[{"href":"https:\/\/www.europesays.com\/pl\/wp-json\/wp\/v2\/media?parent=177408"}],"wp:term":[{"taxonomy":"category","embeddable":true,"href":"https:\/\/www.europesays.com\/pl\/wp-json\/wp\/v2\/categories?post=177408"},{"taxonomy":"post_tag","embeddable":true,"href":"https:\/\/www.europesays.com\/pl\/wp-json\/wp\/v2\/tags?post=177408"}],"curies":[{"name":"wp","href":"https:\/\/api.w.org\/{rel}","templated":true}]}}