{"id":177442,"date":"2025-12-30T05:08:11","date_gmt":"2025-12-30T05:08:11","guid":{"rendered":"https:\/\/www.europesays.com\/pl\/177442\/"},"modified":"2025-12-30T05:08:11","modified_gmt":"2025-12-30T05:08:11","slug":"mocne-slowa-bogdana-trojanka-po-romskim-slubie-viki-gabor-to-jest-bardzo-bolesne-plotek-pl","status":"publish","type":"post","link":"https:\/\/www.europesays.com\/pl\/177442\/","title":{"rendered":"Mocne s\u0142owa Bogdana Trojanka po romskim \u015blubie Viki Gabor. &quot;To jest bardzo bolesne&quot; &#8211; Plotek.pl"},"content":{"rendered":"<ol>\n<li><a href=\"https:\/\/news.google.com\/rss\/articles\/CBMisgFBVV95cUxQVy1fVXlxOG9vR3RuZmhZbkYxOTRzQ2FhdGw5RkVLR0RFNjVlRjhRMlg3TzQzd3NMSEk0LWV0aUZmbEZsNTRSb20tVVFLZ1FQbG1US044NzI1cktxbjJaYkw2RDV6dEFNVzlQWE1Xbm5PNnRXZ1NnWkVITnNmTDMzRVlYZVRLMkYzU2l0RW91cFE2bTlTM0dXczc3cVI4cFdDc0dMNVdkRWlzUnp6TWI4WGN3?oc=5\" target=\"_blank\" rel=\"nofollow noopener\">Mocne s\u0142owa Bogdana Trojanka po romskim \u015blubie Viki Gabor. &#8222;To jest bardzo bolesne&#8221;<\/a>&nbsp;&nbsp;Plotek.pl<\/li>\n<li><a href=\"https:\/\/news.google.com\/rss\/articles\/CBMixwFBVV95cUxPdXg1UFBETTdxZ1BIdjI0WFpaNkR1WWR0bFh2Zk5aS1RPNDZVWDdPb05BMkp6MHIyN0VERlNZVjYtTnlDdHRUNkQ3M2lfUmVrcWJZbURlMkN6ajhPZmZMV002R3hhbDRlbVNtcU9sSFU0c241ekt1a3hKVVMxdXNQeDN4TnlCQ1owdHZCZ2EwVnZncUQxc2JwdFdTWDFRUWY0QVJINThsb3UydDdveUwxX0JTTzE5U1R4NU9uaTlVY2pzOUtOemJV?oc=5\" target=\"_blank\" rel=\"nofollow noopener\">Bogdan Trojanek wyda\u0142 o\u015bwiadczenie po \u015blubie Viki Gabor. &#8222;Ja si\u0119 tego boj\u0119&#8221;<\/a>&nbsp;&nbsp;Onet<\/li>\n<li><a href=\"https:\/\/news.google.com\/rss\/articles\/CBMijwFBVV95cUxPQ0NkeEN2NTJDVEcyTV9hVkhjWDRXYTdJai1IN3VoNTVhX2c5LTViT3NHVWFSXzZ6cDZfNktIVm5nUzBhVlVjTGJXWFRidHJiblAzdlNvRWdSUVJwMFJ2ZzIwVnpIUExFaHVrdFpJejdVWTdaSlh5RmdwV0YwZGNERGd3Ym12NWNjME5OMjlmdw?oc=5\" target=\"_blank\" rel=\"nofollow noopener\">Syn Don Vasyla o wybranku Viki Gabor. Ujawni\u0142, kim jest<\/a>&nbsp;&nbsp;Plejada<\/li>\n<li><a href=\"https:\/\/news.google.com\/rss\/articles\/CBMilAFBVV95cUxPTDhpTmZoRVIyWGo3M2xaYW5aOWxDai1EbnBHQUdHUURIaWN1Z2V2eFJtNmF1akwtMjRKcC1aVGF3LWNpWGxGY3V3c2Vral96aE5CaURTVlV6QW9NeUY1RTA2dURpNC00TmZiWDNWc3pld1pUd2gxYk5pVDluZGsxa3g2YjBNc2dfMkQ1cF80VkhsM3ZD?oc=5\" target=\"_blank\" rel=\"nofollow noopener\">Wzi\u0119\u0142a \u015blub, zrobi z niego biznes? Wymowne s\u0142owa przed kamerami<\/a>&nbsp;&nbsp;Telemagazyn<\/li>\n<li><a href=\"https:\/\/news.google.com\/rss\/articles\/CBMiuwFBVV95cUxOWEQyQ3lFMjJRT3ZlMENuV3JwRDFfNlVSS1VNVGw5THFXUjZLTHI5OWlHQ3d0Wk45dE13NjFOYTJGZGlGRkppdlZtbTI5aVZjX01CSnJUUzUxYkdFUVVjVUlucFJiZVF5XzFBZnV5ZjVFRnhrUVIwZTc0M2dNblE4ZGdKTTVKTDF3dU9SWUtLdDdzSWFrNUNsYWRMLTVUeE12VzhNX09GRld6M3FPSVBjSFBWSjNuYy1DMUJr0gG6AUFVX3lxTE40SEIwQ1hpZlpET09YVDFwTGV5WEY1czRqOUdleFRnQW5PZF9HVHJId2tFbTdXdGRzYWpBNnRNUGhPVEZzY2twYTZtckowb29zNDRJR2gzQmFEZndTalVXS2pxV0tBSnhkYUVFaVBMemMzaXZCT1JzdUNlVjB5YjBFMWdOU20wVnlEeEFpMEpxX091Qi1qZW1IUlBxTWVwMTFxdjdrSFZxMkNPZWVIY2hqeHdOYTBwbHhIQQ?oc=5\" target=\"_blank\" rel=\"nofollow noopener\">Viki Gabor przerwa\u0142a milczenie. Tak skomentowa\u0142a doniesienia o \u015blubie<\/a>&nbsp;&nbsp;RMF FM<\/li>\n<\/ol>\n","protected":false},"excerpt":{"rendered":"Mocne s\u0142owa Bogdana Trojanka po romskim \u015blubie Viki Gabor. &#8222;To jest bardzo bolesne&#8221;&nbsp;&nbsp;Plotek.pl Bogdan Trojanek wyda\u0142 o\u015bwiadczenie po&hellip;\n","protected":false},"author":2,"featured_media":177443,"comment_status":"","ping_status":"","sticky":false,"template":"","format":"standard","meta":{"footnotes":""},"categories":[22],"tags":[122,42,38,40,39,41,123],"class_list":{"0":"post-177442","1":"post","2":"type-post","3":"status-publish","4":"format-standard","5":"has-post-thumbnail","7":"category-rozrywka","8":"tag-entertainment","9":"tag-pl","10":"tag-poland","11":"tag-polish","12":"tag-polska","13":"tag-polski","14":"tag-rozrywka"},"share_on_mastodon":{"url":"https:\/\/pubeurope.com\/@pl\/115806791426886334","error":""},"_links":{"self":[{"href":"https:\/\/www.europesays.com\/pl\/wp-json\/wp\/v2\/posts\/177442","targetHints":{"allow":["GET"]}}],"collection":[{"href":"https:\/\/www.europesays.com\/pl\/wp-json\/wp\/v2\/posts"}],"about":[{"href":"https:\/\/www.europesays.com\/pl\/wp-json\/wp\/v2\/types\/post"}],"author":[{"embeddable":true,"href":"https:\/\/www.europesays.com\/pl\/wp-json\/wp\/v2\/users\/2"}],"replies":[{"embeddable":true,"href":"https:\/\/www.europesays.com\/pl\/wp-json\/wp\/v2\/comments?post=177442"}],"version-history":[{"count":0,"href":"https:\/\/www.europesays.com\/pl\/wp-json\/wp\/v2\/posts\/177442\/revisions"}],"wp:featuredmedia":[{"embeddable":true,"href":"https:\/\/www.europesays.com\/pl\/wp-json\/wp\/v2\/media\/177443"}],"wp:attachment":[{"href":"https:\/\/www.europesays.com\/pl\/wp-json\/wp\/v2\/media?parent=177442"}],"wp:term":[{"taxonomy":"category","embeddable":true,"href":"https:\/\/www.europesays.com\/pl\/wp-json\/wp\/v2\/categories?post=177442"},{"taxonomy":"post_tag","embeddable":true,"href":"https:\/\/www.europesays.com\/pl\/wp-json\/wp\/v2\/tags?post=177442"}],"curies":[{"name":"wp","href":"https:\/\/api.w.org\/{rel}","templated":true}]}}