{"id":177444,"date":"2025-12-30T05:14:10","date_gmt":"2025-12-30T05:14:10","guid":{"rendered":"https:\/\/www.europesays.com\/pl\/177444\/"},"modified":"2025-12-30T05:14:10","modified_gmt":"2025-12-30T05:14:10","slug":"szok-w-oberstdorfie-byl-drugi-zostal-zdyskwalifikowany","status":"publish","type":"post","link":"https:\/\/www.europesays.com\/pl\/177444\/","title":{"rendered":"Szok w Oberstdorfie. By\u0142 drugi, zosta\u0142 zdyskwalifikowany!"},"content":{"rendered":"\n<p class=\"contentpart contentpart--default contentpart--text\" data-position=\"0\">W pierwszym konkursie 74. <a href=\"https:\/\/sportowefakty.wp.pl\/skoki-narciarskie\/turniej-czterech-skoczni\" rel=\"nofollow noopener\" target=\"_blank\">Turnieju Czterech Skoczni<\/a>\u00a0nie dosz\u0142o do niespodzianki. <a href=\"https:\/\/sportowefakty.wp.pl\/skoki-narciarskie\/domen-prevc\" rel=\"nofollow noopener\" target=\"_blank\">Domen Prevc<\/a>\u00a0by\u0142 zdecydowanym faworytem do ko\u0144cowego triumfu i nie zawi\u00f3d\u0142, odnosz\u0105c pewne zwyci\u0119stwo ze spor\u0105 przewag\u0105 nad reszt\u0105 stawki.<\/p>\n<p class=\"contentpart contentpart--default contentpart--text\" data-position=\"1\">Tymczasem za jego plecami uplasowali si\u0119 <a href=\"https:\/\/sportowefakty.wp.pl\/skoki-narciarskie\/timi-zajc\" rel=\"nofollow noopener\" target=\"_blank\">Timi Zajc<\/a>\u00a0i <a href=\"https:\/\/sportowefakty.wp.pl\/skoki-narciarskie\/daniel-tschofenig\" rel=\"nofollow noopener\" target=\"_blank\">Daniel Tschofenig<\/a>. S\u0142oweniec i Austriak ex aequo zaj\u0119li drugie miejsce, a tu\u017c za nimi sklasyfikowano reprezentanta gospodarzy &#8211; <a href=\"https:\/\/sportowefakty.wp.pl\/skoki-narciarskie\/felix-hoffmann\" rel=\"nofollow noopener\" target=\"_blank\">Felixa Hoffmanna<\/a>.<\/p>\n<p> <img role=\"presentation\" src=\"https:\/\/std.wpcdn.pl\/images\/adv\/placeholder_wp.svg\" loading=\"lazy\" alt=\"\" decoding=\"async\"\/>  <\/p>\n<p class=\"contentpart contentpart--default contentpart--text\" data-position=\"2\">ZOBACZ WIDEO: Oto jakie zdanie o trenerze polskich skoczk\u00f3w maj\u0105 kibice<\/p>\n<p class=\"contentpart contentpart--default contentpart--text\" data-position=\"4\">Jednak tu\u017c po zako\u0144czeniu konkursu dosz\u0142o do sensacyjnego zwrotu akcji. Ot\u00f3\u017c Zajc zosta\u0142 zdyskwalifikowany z powodu zbyt d\u0142ugiej nogawki w kombinezonie i to o zaledwie&#8230; 3 milimetry!<\/p>\n<p class=\"contentpart contentpart--default contentpart--text\" data-position=\"5\">Tym samym na podium nie stan\u0119\u0142o dw\u00f3ch S\u0142owe\u0144c\u00f3w. Na wspomnianej decyzji skorzysta\u0142 natomiast Hoffmann, kt\u00f3ry ostatecznie uplasowa\u0142 si\u0119 na trzecim miejscu.<\/p>\n<p class=\"contentpart contentpart--default contentpart--text\" data-position=\"6\">Dyskwalifikacja Zajca oznacza, \u017ce awans o jedn\u0105 lokat\u0119 zanotowali Polacy. Tym samym Kacper Tomasiak ostatecznie by\u0142 14., Kamil Stoch 17., natomiast Pawe\u0142 W\u0105sek 28.<\/p>\n<p> <img role=\"presentation\" src=\"https:\/\/std.wpcdn.pl\/images\/adv\/placeholder_wp.svg\" loading=\"lazy\" alt=\"\" decoding=\"async\"\/>  <\/p>\n<p class=\"contentpart contentpart--default contentpart--text\" data-position=\"7\">Warto r\u00f3wnie\u017c zaznaczy\u0107, \u017ce S\u0142oweniec praktycznie straci\u0142 szans\u0119 na to, by zwyci\u0119\u017cy\u0107 w 74. Turnieju Czterech Skoczni. W dodatku dyskwalifikacja oznacza, i\u017c otrzyma\u0142 \u017c\u00f3\u0142t\u0105 kartk\u0119, przez co musi pilnowa\u0107 si\u0119 w kolejnych konkursach.<\/p>\n","protected":false},"excerpt":{"rendered":"W pierwszym konkursie 74. Turnieju Czterech Skoczni\u00a0nie dosz\u0142o do niespodzianki. Domen Prevc\u00a0by\u0142 zdecydowanym faworytem do ko\u0144cowego triumfu i&hellip;\n","protected":false},"author":2,"featured_media":177445,"comment_status":"","ping_status":"","sticky":false,"template":"","format":"standard","meta":{"footnotes":""},"categories":[24],"tags":[295,34332,42,38,40,39,41,1538,570,127,126,447,33334,29423],"class_list":{"0":"post-177444","1":"post","2":"type-post","3":"status-publish","4":"format-standard","5":"has-post-thumbnail","7":"category-sport","8":"tag-niemcy","9":"tag-oberstdorf","10":"tag-pl","11":"tag-poland","12":"tag-polish","13":"tag-polska","14":"tag-polski","15":"tag-skoki-narciarskie","16":"tag-slowenia","17":"tag-sport","18":"tag-sports","19":"tag-sporty-zimowe","20":"tag-timi-zajc","21":"tag-turniej-czterech-skoczni"},"share_on_mastodon":{"url":"https:\/\/pubeurope.com\/@pl\/115806815027233407","error":""},"_links":{"self":[{"href":"https:\/\/www.europesays.com\/pl\/wp-json\/wp\/v2\/posts\/177444","targetHints":{"allow":["GET"]}}],"collection":[{"href":"https:\/\/www.europesays.com\/pl\/wp-json\/wp\/v2\/posts"}],"about":[{"href":"https:\/\/www.europesays.com\/pl\/wp-json\/wp\/v2\/types\/post"}],"author":[{"embeddable":true,"href":"https:\/\/www.europesays.com\/pl\/wp-json\/wp\/v2\/users\/2"}],"replies":[{"embeddable":true,"href":"https:\/\/www.europesays.com\/pl\/wp-json\/wp\/v2\/comments?post=177444"}],"version-history":[{"count":0,"href":"https:\/\/www.europesays.com\/pl\/wp-json\/wp\/v2\/posts\/177444\/revisions"}],"wp:featuredmedia":[{"embeddable":true,"href":"https:\/\/www.europesays.com\/pl\/wp-json\/wp\/v2\/media\/177445"}],"wp:attachment":[{"href":"https:\/\/www.europesays.com\/pl\/wp-json\/wp\/v2\/media?parent=177444"}],"wp:term":[{"taxonomy":"category","embeddable":true,"href":"https:\/\/www.europesays.com\/pl\/wp-json\/wp\/v2\/categories?post=177444"},{"taxonomy":"post_tag","embeddable":true,"href":"https:\/\/www.europesays.com\/pl\/wp-json\/wp\/v2\/tags?post=177444"}],"curies":[{"name":"wp","href":"https:\/\/api.w.org\/{rel}","templated":true}]}}