{"id":177473,"date":"2025-12-30T06:08:09","date_gmt":"2025-12-30T06:08:09","guid":{"rendered":"https:\/\/www.europesays.com\/pl\/177473\/"},"modified":"2025-12-30T06:08:09","modified_gmt":"2025-12-30T06:08:09","slug":"szkolenia-dla-polski-od-usa-pentagon-przekazal-decyzje","status":"publish","type":"post","link":"https:\/\/www.europesays.com\/pl\/177473\/","title":{"rendered":"Szkolenia dla Polski od USA. Pentagon przekaza\u0142 decyzj\u0119"},"content":{"rendered":"<p>W skr\u00f3cie<\/p>\n<ul class=\"typography ids-typeset-body ids-typeset-body--preset-large list ids-list ids-list--unordered ids-list--size-large \" datatype=\"disc\">\n<li class=\"ids-list-item\">\n<p>Polska otrzyma od USA pakiet szkoleniowy dla si\u0142 powietrznych o warto\u015bci do 200 mln dolar\u00f3w.<\/p>\n<\/li>\n<li class=\"ids-list-item\">\n<p>Pakiet obejmuje pomoce szkoleniowe, logistyk\u0119 i wsparcie programowe dla ju\u017c zam\u00f3wionego sprz\u0119tu.<\/p>\n<\/li>\n<li class=\"ids-list-item\">\n<p>Nowe szkolenia maj\u0105 zwi\u0119kszy\u0107 bezpiecze\u0144stwo Polski.<\/p>\n<\/li>\n<li class=\"ids-list-item\"><\/li>\n<\/ul>\n<p class=\"typography ids-typeset-body ids-typeset-body--preset-large link paragraph ids-paragraph ids-paragraph--default\">W sk\u0142ad pakietu szkoleniowego maj\u0105 wej\u015b\u0107 pomoce szkoleniowe i powi\u0105zane elementy logistyki. Szacowana warto\u015b\u0107 zam\u00f3wienia to 200 mln dol., cho\u0107 jest to cena maksymalna.<\/p>\n<p>Pakiet dla Polski zaakceptowany. &#8222;Kompleksowe szkolenie&#8221;<\/p>\n<p class=\"typography ids-typeset-body ids-typeset-body--preset-large link paragraph ids-paragraph ids-paragraph--default\">Wed\u0142ug informacji przekazanych w komunikacie agencji Departament Stanu zaakceptowa\u0142 wniosek <a href=\"https:\/\/wydarzenia.interia.pl\/tematy-polska,gsbi,2628\" rel=\"nofollow noopener\" target=\"_blank\">Polski<\/a>, by pozyska\u0107 &#8222;pomoce szkoleniowe i inne powi\u0105zane elementy logistyki i wsparcia programowego&#8221;, kt\u00f3re mia\u0142yby uzupe\u0142ni\u0107 zrealizowane wcze\u015bniej zam\u00f3wienie na organizacj\u0119 szkole\u0144 i sprz\u0119tu szkoleniowego o warto\u015bci 95 mln dol. Nie podano, o jaki sprz\u0119t chodzi, lecz szkolenia maj\u0105 dotyczy\u0107 si\u0142 powietrznych.<\/p>\n<p class=\"typography ids-typeset-body ids-typeset-body--preset-large link paragraph ids-paragraph ids-paragraph--default\">&#8222;Proponowana sprzeda\u017c zwi\u0119kszy zdolno\u015b\u0107 Polski do stawiania czo\u0142a obecnym i przysz\u0142ym zagro\u017ceniom oraz zwi\u0119kszy jej interoperacyjno\u015b\u0107 ze <a href=\"https:\/\/wydarzenia.interia.pl\/tematy-stany-zjednoczone,gsbi,4230\" rel=\"nofollow noopener\" target=\"_blank\">Stanami Zjednoczonymi<\/a> i innymi pa\u0144stwami cz\u0142onkowskimi <a href=\"https:\/\/wydarzenia.interia.pl\/tematy-nato,gsbi,1028\" rel=\"nofollow noopener\" target=\"_blank\">NATO<\/a> oraz ich sojusznikami\u00a0dzi\u0119ki kompleksowemu szkoleniu Si\u0142 Powietrznych USA&#8221; &#8211; napisano w o\u015bwiadczeniu.<\/p>\n<p class=\"typography ids-typeset-body ids-typeset-body--preset-large link paragraph ids-paragraph ids-paragraph--default\">W komunikacie pojawi\u0142o si\u0119 te\u017c zapewnienie, \u017ce transakcja &#8222;wesprze polityk\u0119 zagraniczn\u0105 i bezpiecze\u0144stwo narodowe Stan\u00f3w Zjednoczonych poprzez popraw\u0119 bezpiecze\u0144stwa sojusznika z NATO&#8221; kt\u00f3ry jest &#8222;stabilizuj\u0105c\u0105 si\u0142\u0105 polityczn\u0105 i gospodarcz\u0105 w Europie&#8221;.<\/p>\n<p>NFZ obni\u017ca wyceny popularnych \u015bwiadcze\u0144. Do szpitali trafi mniej pieni\u0119dzyPolsat News<\/p>\n<p><a class=\"ids-undecorated-link source ids-page-info--source__link\" href=\"https:\/\/p.iplsc.com\/-\/000L0SCEGA4O3ESS.pdf\" rel=\"nofollow noopener\" target=\"_blank\"><img decoding=\"async\" class=\"ids-image-holder__img\" loading=\"lazy\" alt=\"\" title=\"\" height=\"24px\" src=\"https:\/\/www.europesays.com\/pl\/wp-content\/uploads\/2025\/12\/1766553730_818_0009A6098CYXTC6T-C202-F4.webp.webp\"\/><\/a><a class=\"ids-undecorated-link source ids-page-info--source__link\" href=\"https:\/\/www.interia.pl\" rel=\"nofollow noopener\" target=\"_blank\"><img decoding=\"async\" class=\"ids-image-holder__img\" loading=\"lazy\" alt=\"\" title=\"\" height=\"24px\" src=\"https:\/\/www.europesays.com\/pl\/wp-content\/uploads\/2025\/12\/1767018369_582_0009A60QQ5I2TYF7-C202-F4.webp.webp\"\/><\/a><\/p>\n<p>Masz sugestie, uwagi albo widzisz b\u0142\u0105d? Napisz do nas<\/p>\n","protected":false},"excerpt":{"rendered":"W skr\u00f3cie Polska otrzyma od USA pakiet szkoleniowy dla si\u0142 powietrznych o warto\u015bci do 200 mln dolar\u00f3w. Pakiet&hellip;\n","protected":false},"author":2,"featured_media":177474,"comment_status":"","ping_status":"","sticky":false,"template":"","format":"standard","meta":{"footnotes":""},"categories":[12],"tags":[32,33,36,37,27,34,35,28,31,25,42,38,40,39,41,29,30,26],"class_list":{"0":"post-177473","1":"post","2":"type-post","3":"status-publish","4":"format-standard","5":"has-post-thumbnail","7":"category-polska","8":"tag-breaking-news","9":"tag-breakingnews","10":"tag-featured-news","11":"tag-featurednews","12":"tag-headlines","13":"tag-latest-news","14":"tag-latestnews","15":"tag-naglowki","16":"tag-najwazniejsze-artykuly","17":"tag-news","18":"tag-pl","19":"tag-poland","20":"tag-polish","21":"tag-polska","22":"tag-polski","23":"tag-top-stories","24":"tag-topstories","25":"tag-wiadomosci"},"share_on_mastodon":{"url":"https:\/\/pubeurope.com\/@pl\/115807027403148174","error":""},"_links":{"self":[{"href":"https:\/\/www.europesays.com\/pl\/wp-json\/wp\/v2\/posts\/177473","targetHints":{"allow":["GET"]}}],"collection":[{"href":"https:\/\/www.europesays.com\/pl\/wp-json\/wp\/v2\/posts"}],"about":[{"href":"https:\/\/www.europesays.com\/pl\/wp-json\/wp\/v2\/types\/post"}],"author":[{"embeddable":true,"href":"https:\/\/www.europesays.com\/pl\/wp-json\/wp\/v2\/users\/2"}],"replies":[{"embeddable":true,"href":"https:\/\/www.europesays.com\/pl\/wp-json\/wp\/v2\/comments?post=177473"}],"version-history":[{"count":0,"href":"https:\/\/www.europesays.com\/pl\/wp-json\/wp\/v2\/posts\/177473\/revisions"}],"wp:featuredmedia":[{"embeddable":true,"href":"https:\/\/www.europesays.com\/pl\/wp-json\/wp\/v2\/media\/177474"}],"wp:attachment":[{"href":"https:\/\/www.europesays.com\/pl\/wp-json\/wp\/v2\/media?parent=177473"}],"wp:term":[{"taxonomy":"category","embeddable":true,"href":"https:\/\/www.europesays.com\/pl\/wp-json\/wp\/v2\/categories?post=177473"},{"taxonomy":"post_tag","embeddable":true,"href":"https:\/\/www.europesays.com\/pl\/wp-json\/wp\/v2\/tags?post=177473"}],"curies":[{"name":"wp","href":"https:\/\/api.w.org\/{rel}","templated":true}]}}