{"id":177483,"date":"2025-12-30T06:17:07","date_gmt":"2025-12-30T06:17:07","guid":{"rendered":"https:\/\/www.europesays.com\/pl\/177483\/"},"modified":"2025-12-30T06:17:07","modified_gmt":"2025-12-30T06:17:07","slug":"skradl-naglowki-mediow-zakonczyl-susze-sportowefakty","status":"publish","type":"post","link":"https:\/\/www.europesays.com\/pl\/177483\/","title":{"rendered":"Skrad\u0142 nag\u0142\u00f3wki medi\u00f3w. &quot;Zako\u0144czy\u0142 susz\u0119&quot; &#8211; SportoweFakty"},"content":{"rendered":"<ol>\n<li><a href=\"https:\/\/news.google.com\/rss\/articles\/CBMipAFBVV95cUxNdnNSZ2tKd0FWc2tHak9rMkUzblNzNHdtVUZlM1NwZURWaWkteTRDc2tTekhXVnpKalFpeHJvRm1iWThOYU5VRkZEVndQQkJFZnQ2VGpsdldMSjJfVUdiSU1RS3BYSlFCTmdSb3NOWnk5Q3ZVS0hHbmowZlYyMHJLMWpEcE92ZWh0emNLNElaeElwR3l4dFF3TzV1R0tUa2tGbjBZbg?oc=5\" target=\"_blank\" rel=\"nofollow noopener\">Skrad\u0142 nag\u0142\u00f3wki medi\u00f3w. &#8222;Zako\u0144czy\u0142 susz\u0119&#8221;<\/a>&nbsp;&nbsp;SportoweFakty<\/li>\n<li><a href=\"https:\/\/news.google.com\/rss\/articles\/CBMi4AFBVV95cUxNYi1EUWFMVklfVnFfSGdhdlVZMFNMR1MzaDIwVmJHUnBXMmRtSGFZOGZzbURHZGlJem9OYVprTWVhZjk0MVY5WkM2QU5GV2YwdDdIcTA0dVdqamdsc3R1b2s1ajZnXzZKRlhnWUlZWFY2Q043WWsyV1dmUEJ4R0xSb3ZJRVpzcFp6MmJaa0owVG9nTExWRl9sVnJjUE5RcVZkOTZsdFJuYWp1Wk9uVmJDUjN2ZjVVNVUyT1JkSzlnZDNyTTBtZWJ0LWFubEUwUzRTckhfNmRHT2gyQjcwdjU1cQ?oc=5\" target=\"_blank\" rel=\"nofollow noopener\">Oto klasyfikacja generalna Pucharu \u015awiata. Zyska\u0142 nie tylko Kacper Tomasiak<\/a>&nbsp;&nbsp;Przegl\u0105d Sportowy Onet<\/li>\n<li><a href=\"https:\/\/news.google.com\/rss\/articles\/CBMiwwFBVV95cUxPMHN6N2gzQ0E5UmIzbVpldzZNZ0xXVVdsaFJnOTFMeWhNNGs1TVBnYnVPOEMzUFFjNXdnZ1A5SmtjR3VlUm5McFJWNEpPeFZIZlVIUUs5T2JFYnhSUlJwODJadU5hU1lnYktOV2tJRExuRU5PUklGYzhTUHhhc2t6empNU1ZwVHpFTnlCeFdBcFpxaGhEMmFDSHYtY1RBWWJjaXZYVTkwZm1WQWtGSzRxX2c3MmUxV05kX1MxUlcwMHMwcmc?oc=5\" target=\"_blank\" rel=\"nofollow noopener\">Prevc ucieka rywalom. Gigantyczna przewaga. Stoch i Tomasiak goni\u0105 [KLASYFIKACJA P\u015a]<\/a>&nbsp;&nbsp;Sport w INTERIA.PL<\/li>\n<li><a href=\"https:\/\/news.google.com\/rss\/articles\/CBMiuwFBVV95cUxQZXRkRWlidjBrVmpqRGFnbW5pWW1tLXl0Yk1na1FkREdKYWRmelVraERZT2tva0ozVm9Ic0JWR3cwNTdfa1cxenR2NkxFNnNtSllvSW9RSThyNkx4LVhGTFVHVy12c1RYQUJwRkliMllVOXlyQ05BMnFuWlZCUXota2VfSnN1Vll6LWljbGJteFNDd1loblQ5Q0RrOS1rUVk5VVlZbHB3dWg3bFllTFd0dW1jWWJMbFVCcXRr?oc=5\" target=\"_blank\" rel=\"nofollow noopener\">Oto zwyci\u0119zca Turnieju Czterech Skoczni? Historia nie zostawia z\u0142udze\u0144<\/a>&nbsp;&nbsp;Meczyki.pl<\/li>\n<li><a href=\"https:\/\/news.google.com\/rss\/articles\/CBMiqAFBVV95cUxPeXRwR3VjWXBtNy0yTDcwY2dkRFpyMWJwZThFRndSSE83UlJ0R0E0Z043dkxpNnYzTkxIWEFPZHJnQTNQMkNnc1NJWU1VUV85dnktd1IwV1RhYlpPNUxEZTd1U1JmRy1VU3kzRW80VWRVMVFxQmlEU096VHdZcHNnUzJWRHVrTmVrZld0THFBRG82LTZzempRMGRZbThxZGFFRklkVkpETk_SAa4BQVVfeXFMTVhMSGNabEUzaWQ0RHlnc0lIdHdaNDRUZk5XMnRDVThJSFBwN2JiNk5jakMyWUdma0xuS3lIal9GTklDN0h6TkEyQmdzU1haQ0RBREl2amVZbFZpNGFscXRwUk5YZk1TZm1GWUh3YlVISEZhbzZSbUJubjdiX1lkUVRFX1Y0MHdfS0hkY2JvOV9uREFEUk84MmJ0OW5Zakt6TGsxUFRBYzdLQkJuREZn?oc=5\" target=\"_blank\" rel=\"nofollow noopener\">Domen Prevc najlepszym zawodnikiem Pucharu \u015awiata w 2025 roku<\/a>&nbsp;&nbsp;Skijumping<\/li>\n<\/ol>\n","protected":false},"excerpt":{"rendered":"Skrad\u0142 nag\u0142\u00f3wki medi\u00f3w. &#8222;Zako\u0144czy\u0142 susz\u0119&#8221;&nbsp;&nbsp;SportoweFakty Oto klasyfikacja generalna Pucharu \u015awiata. Zyska\u0142 nie tylko Kacper Tomasiak&nbsp;&nbsp;Przegl\u0105d Sportowy Onet Prevc&hellip;\n","protected":false},"author":2,"featured_media":177484,"comment_status":"","ping_status":"","sticky":false,"template":"","format":"standard","meta":{"footnotes":""},"categories":[24],"tags":[25770,42,38,40,39,41,1538,127,126,447,29423],"class_list":{"0":"post-177483","1":"post","2":"type-post","3":"status-publish","4":"format-standard","5":"has-post-thumbnail","7":"category-sport","8":"tag-domen-prevc","9":"tag-pl","10":"tag-poland","11":"tag-polish","12":"tag-polska","13":"tag-polski","14":"tag-skoki-narciarskie","15":"tag-sport","16":"tag-sports","17":"tag-sporty-zimowe","18":"tag-turniej-czterech-skoczni"},"share_on_mastodon":{"url":"https:\/\/pubeurope.com\/@pl\/115807062817669299","error":""},"_links":{"self":[{"href":"https:\/\/www.europesays.com\/pl\/wp-json\/wp\/v2\/posts\/177483","targetHints":{"allow":["GET"]}}],"collection":[{"href":"https:\/\/www.europesays.com\/pl\/wp-json\/wp\/v2\/posts"}],"about":[{"href":"https:\/\/www.europesays.com\/pl\/wp-json\/wp\/v2\/types\/post"}],"author":[{"embeddable":true,"href":"https:\/\/www.europesays.com\/pl\/wp-json\/wp\/v2\/users\/2"}],"replies":[{"embeddable":true,"href":"https:\/\/www.europesays.com\/pl\/wp-json\/wp\/v2\/comments?post=177483"}],"version-history":[{"count":0,"href":"https:\/\/www.europesays.com\/pl\/wp-json\/wp\/v2\/posts\/177483\/revisions"}],"wp:featuredmedia":[{"embeddable":true,"href":"https:\/\/www.europesays.com\/pl\/wp-json\/wp\/v2\/media\/177484"}],"wp:attachment":[{"href":"https:\/\/www.europesays.com\/pl\/wp-json\/wp\/v2\/media?parent=177483"}],"wp:term":[{"taxonomy":"category","embeddable":true,"href":"https:\/\/www.europesays.com\/pl\/wp-json\/wp\/v2\/categories?post=177483"},{"taxonomy":"post_tag","embeddable":true,"href":"https:\/\/www.europesays.com\/pl\/wp-json\/wp\/v2\/tags?post=177483"}],"curies":[{"name":"wp","href":"https:\/\/api.w.org\/{rel}","templated":true}]}}