{"id":177507,"date":"2025-12-30T06:36:07","date_gmt":"2025-12-30T06:36:07","guid":{"rendered":"https:\/\/www.europesays.com\/pl\/177507\/"},"modified":"2025-12-30T06:36:07","modified_gmt":"2025-12-30T06:36:07","slug":"rosyjski-supermarket-znow-wkroczyl-do-ue-zmienil-szyld-money-pl","status":"publish","type":"post","link":"https:\/\/www.europesays.com\/pl\/177507\/","title":{"rendered":"Rosyjski supermarket zn\u00f3w wkroczy\u0142 do UE. Zmieni\u0142 szyld &#8211; Money.pl"},"content":{"rendered":"<ol>\n<li><a href=\"https:\/\/news.google.com\/rss\/articles\/CBMirgFBVV95cUxQNU1hRnVCZ0JzVjJ1LVZRTTA4LV9Vb3NreFpLRzl5NFktTVFvVDA1endLY1RkSnFvU3VwSE9ZOVQ3LTZuVEh3aXMzMWdVZ1dySmFFdTBzQzNiMW83SFJyYUpaNHdPeWJnXy1TcWJKVkRabW42N3lnTWkwVWVXOTVWZWFMaUR4TW80WElFc2MxQ3lNZDNtR3JnWGZfamN6YVhfTjFzMF9TTkdnUFEwakE?oc=5\" target=\"_blank\" rel=\"nofollow noopener\">Rosyjski supermarket zn\u00f3w wkroczy\u0142 do UE. Zmieni\u0142 szyld<\/a>&nbsp;&nbsp;Money.pl<\/li>\n<li><a href=\"https:\/\/news.google.com\/rss\/articles\/CBMisAFBVV95cUxQdk1wSkRhWk5JZjRzMmh3VEVmeVFkMnpaV2lkLWVYcGRKTVB1U0F2NVEwd0VRMnhQcmZya0hWaWpfYWUwcWk1OXFqbWdVdEdFLWl6WC1lU3ctbUljZkppLURhVW1ZY2RyU2xhM05JUWJ3d2NPb1VpU05vWFc2QmdtTXN4eTByVERUUHpiaHFaOG9wN2NsbzNOVlNtVzhOOFMycXNjdmpIS2F3VnhPMmtIZw?oc=5\" target=\"_blank\" rel=\"nofollow noopener\">Rosyjski dyskont wr\u00f3ci\u0142 do UE tylnymi drzwiami. Ten sam spos\u00f3b dzia\u0142ania<\/a>&nbsp;&nbsp;Biznes Interia<\/li>\n<li><a href=\"https:\/\/news.google.com\/rss\/articles\/CBMipAFBVV95cUxNbVNSQjhYYm1kZVoxeFdrSVdqNm5fYm1MbEdDekozc19VbGsxbzdvNkx5S2JOTndyWFpJYUExZEc3UDlMeGFBa1h4c254cGlQRTdEeGhvaWtrWTFpaXBZTzVYc3FKMTlOSTdPTS0yNkZrUnpwVFNpRmlUZE1DSFg3WlJtY0Q4YURLVnh3OHZvNTJuemFUUTNZU0k4Qk5uOTJXNmgxdQ?oc=5\" target=\"_blank\" rel=\"nofollow noopener\">Rosyjski gigant zmienia nazw\u0119. Po cichu wraca do Europy<\/a>&nbsp;&nbsp;DlaHandlu.pl<\/li>\n<li><a href=\"https:\/\/news.google.com\/rss\/articles\/CBMimgFBVV95cUxQZkdHay1VdGJtYmRXWmhpRm5pUklEVmZOTUlhRXB4ckdGMjcwNWU0YWN5SXVVa1dabF9reklDaDBrUklTZHhRTEtubnJjZnNsSERHeW90anNwd2FqWm9JVGV6NHhrU0JJNGFENlpOeGsxUkYxUDRHLVhqTU9BdmNNcjZ0SmNTb3JvRllGNkZDeEZKem9YWnBZYm1n0gGTAUFVX3lxTFB6NldZXy1YZ25pajd3R2RUT0RIdHZjdjBBWXppWHBVLVNKRWhiajRMWmlaU1VTN2pjbDJQaDh6SGg3Qmx0eXh5S2hNeEs1WmdaR2QzUXRaNGttZUZ3ZFdHQlltcjdfMTVDaDBvalVqdXZwZWRmRGdWTEZnWlZEZGVydFEyTmlnTUJiQklKTGdMOGVkcw?oc=5\" target=\"_blank\" rel=\"nofollow noopener\">Rosyjski dyskont wraca na rynek UE. Debiut na W\u0119grzech<\/a>&nbsp;&nbsp;Do Rzeczy<\/li>\n<li><a href=\"https:\/\/news.google.com\/rss\/articles\/CBMiugFBVV95cUxOcENNeGpBbUh3YmlZcXFHMlVzYUhKNGh6cXZ5Mkxsb3lTRnE1eTUwbDhoZWNHV210NlY5WnJTMXFsaFNER2Z3dnZwNzk3c0JMZVl5V3hJMDFlYkZZU21VWWt1WDZKWkVUR0Z6TTc0LUVqcWJXUmdxNlpIY1hYN293czR5emtxM1RXMlp2MFpRSUh5UEwyamFxZDNBbExsLWUzdTkzaEZ1WERqa3JTVW1CWk5UY2dhU3FpZ3c?oc=5\" target=\"_blank\" rel=\"nofollow noopener\">Rosyjski dyskont wraca do Europy. Ceny ni\u017csze nawet o 30 proc. ni\u017c u konkurencji<\/a>&nbsp;&nbsp;BiznesINFO.pl<\/li>\n<\/ol>\n","protected":false},"excerpt":{"rendered":"Rosyjski supermarket zn\u00f3w wkroczy\u0142 do UE. Zmieni\u0142 szyld&nbsp;&nbsp;Money.pl Rosyjski dyskont wr\u00f3ci\u0142 do UE tylnymi drzwiami. Ten sam spos\u00f3b&hellip;\n","protected":false},"author":2,"featured_media":177508,"comment_status":"","ping_status":"","sticky":false,"template":"","format":"standard","meta":{"footnotes":""},"categories":[12],"tags":[32,33,36,37,27,34,35,28,31,25,42,38,40,39,41,29,30,26],"class_list":{"0":"post-177507","1":"post","2":"type-post","3":"status-publish","4":"format-standard","5":"has-post-thumbnail","7":"category-polska","8":"tag-breaking-news","9":"tag-breakingnews","10":"tag-featured-news","11":"tag-featurednews","12":"tag-headlines","13":"tag-latest-news","14":"tag-latestnews","15":"tag-naglowki","16":"tag-najwazniejsze-artykuly","17":"tag-news","18":"tag-pl","19":"tag-poland","20":"tag-polish","21":"tag-polska","22":"tag-polski","23":"tag-top-stories","24":"tag-topstories","25":"tag-wiadomosci"},"share_on_mastodon":{"url":"https:\/\/pubeurope.com\/@pl\/115807137548557832","error":""},"_links":{"self":[{"href":"https:\/\/www.europesays.com\/pl\/wp-json\/wp\/v2\/posts\/177507","targetHints":{"allow":["GET"]}}],"collection":[{"href":"https:\/\/www.europesays.com\/pl\/wp-json\/wp\/v2\/posts"}],"about":[{"href":"https:\/\/www.europesays.com\/pl\/wp-json\/wp\/v2\/types\/post"}],"author":[{"embeddable":true,"href":"https:\/\/www.europesays.com\/pl\/wp-json\/wp\/v2\/users\/2"}],"replies":[{"embeddable":true,"href":"https:\/\/www.europesays.com\/pl\/wp-json\/wp\/v2\/comments?post=177507"}],"version-history":[{"count":0,"href":"https:\/\/www.europesays.com\/pl\/wp-json\/wp\/v2\/posts\/177507\/revisions"}],"wp:featuredmedia":[{"embeddable":true,"href":"https:\/\/www.europesays.com\/pl\/wp-json\/wp\/v2\/media\/177508"}],"wp:attachment":[{"href":"https:\/\/www.europesays.com\/pl\/wp-json\/wp\/v2\/media?parent=177507"}],"wp:term":[{"taxonomy":"category","embeddable":true,"href":"https:\/\/www.europesays.com\/pl\/wp-json\/wp\/v2\/categories?post=177507"},{"taxonomy":"post_tag","embeddable":true,"href":"https:\/\/www.europesays.com\/pl\/wp-json\/wp\/v2\/tags?post=177507"}],"curies":[{"name":"wp","href":"https:\/\/api.w.org\/{rel}","templated":true}]}}