{"id":177509,"date":"2025-12-30T06:37:07","date_gmt":"2025-12-30T06:37:07","guid":{"rendered":"https:\/\/www.europesays.com\/pl\/177509\/"},"modified":"2025-12-30T06:37:07","modified_gmt":"2025-12-30T06:37:07","slug":"potezne-konsekwencje-dyskwalifikacji-na-start-tcs-korzystaja-polacy","status":"publish","type":"post","link":"https:\/\/www.europesays.com\/pl\/177509\/","title":{"rendered":"Pot\u0119\u017cne konsekwencje dyskwalifikacji na start TCS! Korzystaj\u0105&#8230; Polacy"},"content":{"rendered":"<p class=\"Paragraph_desktopParagraph__Fd2e9\">I cho\u0107 pocz\u0105tkowo S\u0142owe\u0144cy mieli nerwowo reagowa\u0107 na decyzj\u0119 Mathiasa Hafele, po kilku powt\u00f3rkach pomiaru musieli przyj\u0105\u0107 dyskwalifikacj\u0119 z pokor\u0105. \u2014 To by\u0142a rutynowa kontrola czo\u0142owej sz\u00f3stki. Zmierzyli\u015bmy d\u0142ugo\u015b\u0107 nogawki i okaza\u0142a si\u0119 za kr\u00f3tka o 3 mm \u2014 wyt\u0142umaczy\u0142 wprost pow\u00f3d dyskwalifikacji po zawodach sam Hafele. \u2014 Nie by\u0142o \u017cadnych krzyk\u00f3w (\u015bmiech), uszanowali t\u0119 decyzj\u0119 \u2014 komentowa\u0142.<\/p>\n<p>Na dyskwalifikacjach korzystaj\u0105&#8230; Polacy!<\/p>\n<p class=\"Paragraph_desktopParagraph__Fd2e9\">Na dyskwalifikacjach na razie zyskuj\u0105&#8230; Polacy! Cho\u0107 nie da si\u0119 ukry\u0107, \u017ce nasza kadra kombinuje tak samo, jak ka\u017cda czo\u0142owa reprezentacja, na razie unika kar. Dzi\u0119ki temu ka\u017cdy taki przypadek sprawia, \u017ce polscy skoczkowie zyskuj\u0105 pozycje, a co za tym idzie dodatkowe punkty w klasyfikacji generalnej Pucharu \u015awiata.<\/p>\n<p class=\"Paragraph_desktopParagraph__Fd2e9\">Mimo spokoju S\u0142owe\u0144c\u00f3w trudno oprze\u0107 si\u0119 wra\u017ceniu, \u017ce ta dyskwalifikacja ma powa\u017cne konsekwencje. Po pierwsze, (chyba) nie ma ju\u017c &#8222;\u015bwi\u0119tych kr\u00f3w&#8221; w Pucharze \u015awiata. Czo\u0142owe nacje nie mog\u0105 ju\u017c czu\u0107 si\u0119 tak pewnie jak w ostatnich latach, gdy masowo wykluczani byli zawodnicy, ale ze znacznie s\u0142abszych skokowo kraj\u00f3w.<\/p>\n<p class=\"Paragraph_desktopParagraph__Fd2e9\">Oczywi\u015bcie, by\u0142y ju\u017c dyskwalifikacje Norweg\u00f3w na mistrzostwach \u015bwiata w Trondheim, jednak to by\u0142 element znacznie wi\u0119kszego skandalu, kt\u00f3rego przykre efekty ujrza\u0142y \u015bwiat\u0142o dzienne podczas najwa\u017cniejszej imprezy sezonu. Swoj\u0105 dyskwalifikacj\u0119 w styczniu otrzyma\u0142 tak\u017ce Stefan Kraft, jednak by\u0142o to po jednym z najgorszych konkurs\u00f3w w ostatnich latach.<\/p>\n<p class=\"Paragraph_desktopParagraph__Fd2e9\">Hafele wys\u0142a\u0142 tym razem wa\u017cny sygna\u0142 do wszystkich czo\u0142owych reprezentacji. Od tej pory nie ma ju\u017c lito\u015bci \u2014 przepisy to przepisy i nikt nie mo\u017ce liczy\u0107 na taryf\u0119 ulgow\u0105. I nie ma ju\u017c znaczenia, jakie konsekwencje taka decyzja przyniesie. To kompletna zmiana w por\u00f3wnaniu do ostatnich lat, gdy ju\u017c legend\u0105 obros\u0142y zdj\u0119cia Karla Geigera przed ka\u017cdym skokiem z pot\u0119\u017cnym nadmiarem kombinezonu w okolicach krocza.<\/p>\n<p class=\"Paragraph_desktopParagraph__Fd2e9\">Po drugie, co jeszcze wa\u017cniejsze, nie ma ju\u017c z\u0142ego momentu na dyskwalifikacje. Niewielu zapewne ju\u017c pami\u0119ta wydarzenia z igrzysk w Pekinie, gdy Agnieszka Baczewska masowo wyklucza\u0142a kolejne zawodniczki, kompletnie wywracaj\u0105c losy konkursu mikst\u00f3w. Medale zdoby\u0142y w\u00f3wczas reprezentacje&#8230; Rosji i Kanady. Niemcy, Japo\u0144czycy, Norwegowie, Austriacy stracili szanse na sukces w\u0142a\u015bnie z powodu nieprzepisowych kombinezon\u00f3w.<\/p>\n<p class=\"Paragraph_desktopParagraph__Fd2e9\">W tym samym czasie trwa\u0142a burza z powodu kombinezon\u00f3w, w kt\u00f3rych skakali m.in. w\u0142a\u015bnie Karl Geiger. Nikt jednak nie mia\u0142 odwagi, by powiedzie\u0107 &#8222;do\u015b\u0107&#8221;. I ten marazm trwa\u0142 w\u0142a\u015bciwie do pocz\u0105tku obecnego sezonu. Hafele daje nadziej\u0119, \u017ce kluczowa impreza sezonu, a b\u0119d\u0105 ni\u0105 igrzyska w Mediolanie, odb\u0119d\u0105 si\u0119 bez sta\u0142ej dyskusji na temat &#8222;legalno\u015bci&#8221; kombinezon\u00f3w, w kt\u00f3rych startuj\u0105 zawodnicy.<\/p>\n<p class=\"Paragraph_desktopParagraph__Fd2e9\">Pozostaje kluczowa kwestia. FIS, g\u0142\u00f3wnie za spraw\u0105 Hafele, musi udowodni\u0107, \u017ce to nie by\u0142o tylko &#8222;pr\u0119\u017cenie musku\u0142\u00f3w&#8221;, kt\u00f3re nast\u0119powa\u0142o zazwyczaj przed g\u0142\u00f3wn\u0105 imprez\u0105 sezonu. Je\u015bli powiedzia\u0142 &#8222;A&#8221;, musi teraz powiedzie\u0107 &#8222;B&#8221; i wzi\u0105\u0107 odpowiedzialno\u015b\u0107 za swoje decyzje. Zosta\u0142 wybrany na to stanowisko, aby uniemo\u017cliwi\u0107 wygrywanie poprzez manipulowanie sprz\u0119tem. I trzeba mie\u0107 nadziej\u0119, \u017ce b\u0119dzie mia\u0142 odwag\u0119 wykluczy\u0107 z walki o medale igrzysk wszystkich tych, kt\u00f3rzy postanowi\u0105 zaryzykowa\u0107 i przekroczy\u0107 przepisy sprz\u0119towe.<\/p>\n","protected":false},"excerpt":{"rendered":"I cho\u0107 pocz\u0105tkowo S\u0142owe\u0144cy mieli nerwowo reagowa\u0107 na decyzj\u0119 Mathiasa Hafele, po kilku powt\u00f3rkach pomiaru musieli przyj\u0105\u0107 dyskwalifikacj\u0119&hellip;\n","protected":false},"author":2,"featured_media":177510,"comment_status":"","ping_status":"","sticky":false,"template":"","format":"standard","meta":{"footnotes":""},"categories":[5],"tags":[32,33,36,37,27,67,34,35,746,28,31,25,42,38,40,39,41,136,128,47,1874,135,34701,29,30,28548,26],"class_list":{"0":"post-177509","1":"post","2":"type-post","3":"status-publish","4":"format-standard","5":"has-post-thumbnail","7":"category-naglowki","8":"tag-breaking-news","9":"tag-breakingnews","10":"tag-featured-news","11":"tag-featurednews","12":"tag-headlines","13":"tag-intextvideo_splayer","14":"tag-latest-news","15":"tag-latestnews","16":"tag-lysy","17":"tag-naglowki","18":"tag-najwazniejsze-artykuly","19":"tag-news","20":"tag-pl","21":"tag-poland","22":"tag-polish","23":"tag-polska","24":"tag-polski","25":"tag-ps_detal_new","26":"tag-psv2","27":"tag-screening_general","28":"tag-skoki_narciarskie","29":"tag-sport_sport","30":"tag-timi_zajc","31":"tag-top-stories","32":"tag-topstories","33":"tag-turniej_czterech_skoczni","34":"tag-wiadomosci"},"share_on_mastodon":{"url":"https:\/\/pubeurope.com\/@pl\/115807141478363971","error":""},"_links":{"self":[{"href":"https:\/\/www.europesays.com\/pl\/wp-json\/wp\/v2\/posts\/177509","targetHints":{"allow":["GET"]}}],"collection":[{"href":"https:\/\/www.europesays.com\/pl\/wp-json\/wp\/v2\/posts"}],"about":[{"href":"https:\/\/www.europesays.com\/pl\/wp-json\/wp\/v2\/types\/post"}],"author":[{"embeddable":true,"href":"https:\/\/www.europesays.com\/pl\/wp-json\/wp\/v2\/users\/2"}],"replies":[{"embeddable":true,"href":"https:\/\/www.europesays.com\/pl\/wp-json\/wp\/v2\/comments?post=177509"}],"version-history":[{"count":0,"href":"https:\/\/www.europesays.com\/pl\/wp-json\/wp\/v2\/posts\/177509\/revisions"}],"wp:featuredmedia":[{"embeddable":true,"href":"https:\/\/www.europesays.com\/pl\/wp-json\/wp\/v2\/media\/177510"}],"wp:attachment":[{"href":"https:\/\/www.europesays.com\/pl\/wp-json\/wp\/v2\/media?parent=177509"}],"wp:term":[{"taxonomy":"category","embeddable":true,"href":"https:\/\/www.europesays.com\/pl\/wp-json\/wp\/v2\/categories?post=177509"},{"taxonomy":"post_tag","embeddable":true,"href":"https:\/\/www.europesays.com\/pl\/wp-json\/wp\/v2\/tags?post=177509"}],"curies":[{"name":"wp","href":"https:\/\/api.w.org\/{rel}","templated":true}]}}