{"id":177515,"date":"2025-12-30T06:42:12","date_gmt":"2025-12-30T06:42:12","guid":{"rendered":"https:\/\/www.europesays.com\/pl\/177515\/"},"modified":"2025-12-30T06:42:12","modified_gmt":"2025-12-30T06:42:12","slug":"zelenski-ujawnia-szczegoly-ustalen-z-trumpem-tvp-info","status":"publish","type":"post","link":"https:\/\/www.europesays.com\/pl\/177515\/","title":{"rendered":"Ze\u0142enski ujawnia szczeg\u00f3\u0142y ustale\u0144 z Trumpem &#8211; TVP Info"},"content":{"rendered":"<ol>\n<li><a href=\"https:\/\/news.google.com\/rss\/articles\/CBMi-gFBVV95cUxQdGZYZnUxZ1MtdW9mMWxyWmZzU2JrU3RBQTN2VExhREROUkdFUUxqUFRDOXFIU0JrRzZ0LUg1Mlp2SVJoUzJjaDR2blNDM1VZYTlfYWFUdWFyOWQyX3BFWG9MNE03YUE3TzlFVTBROUxTRlJfOXZzOFUycnJTOFdSaWZHQXZ0aDU1UTVfQWVCMHJwM284b0xFRzlaeHllZWZmRVU4c3lSeFNoOFZhemFKcm03dHFpM0lBZER5SzFwM1Y4dlYxajhnU0U1RE12ZV9Bdnh1UF9pQ2Y0V094eDN3Y2N3ZDJFOE1aTFJzYlFSUVI0MDVtaTdWY2NR?oc=5\" target=\"_blank\" rel=\"nofollow noopener\">Ze\u0142enski ujawnia szczeg\u00f3\u0142y ustale\u0144 z Trumpem<\/a>&nbsp;&nbsp;TVP Info<\/li>\n<li><a href=\"https:\/\/news.google.com\/rss\/articles\/CBMivwFBVV95cUxPSFJlelRUbXVIODdmX2J0a1VtQmxsYjB6Zm9ORDBfcXhqN2FDc3Mya1liMTZfZWV2Mm9BWC1mZEZmVzNfdk5wZ19Qc0N6aG9WUEhld1ZWZkp3S3dWajUwS3RPbWdVdnl6S2s3YlkzanN3TVF2cnhuMGpxRWhzeENqbFdwRUdfeUhfblNjcXVmYUFHa2NmZFM4djVKd1BzbXNMRS1URkhTNlYzdFVEY2xQczNwbGFKeGpMR05PeTk3QQ?oc=5\" target=\"_blank\" rel=\"nofollow noopener\">Wa\u017cny szczyt po rozmowie Trumpa i Ze\u0142enskiego. Macron wskaza\u0142 termin spotkania<\/a>&nbsp;&nbsp;Wydarzenia w INTERIA.PL<\/li>\n<li><a href=\"https:\/\/news.google.com\/rss\/articles\/CBMitAFBVV95cUxQeERBamlHMkhNX1JZemR3LU1wYUl3N0ZWY3pqdlZNVExHVVdMbVNjdk9vN05zR2VlOWtkSC1RdXcwRENRRmRNWm5uczBDTlJubFRPd0NoaDAxWnE1NVlKUjgwbVAzeTlrWkJDTTFUYS1kN3h3WUVYQUdIdFFMQUZqQ2pYaXBCbzZiaWVGa1d3NWhMVE0zaUxlQTdhT3h1WndSUl9fQzNBZTVCeXg3OGRmX1pCNkI?oc=5\" target=\"_blank\" rel=\"nofollow noopener\">Niemcy: Prasa: bez gwarancji bezpiecze\u0144stwa pok\u00f3j w Ukrainie nie ma sensu<\/a>&nbsp;&nbsp;wnp.pl<\/li>\n<li><a href=\"https:\/\/news.google.com\/rss\/articles\/CBMioAFBVV95cUxNSnNoTzlnM082aThCOGk3bDQydjRKU0k1c1F4N21SdVNHcVlNZXpseG5HUlRDMFZMa2JwYnkzNVZWWGllRnMxeXdQV0VnaFVDLVR2ck1uU25NeGFRSktOdVBfXzhncEhNN015dFc0UFNEZVNma1EwTDEtdjEycUtEM3hsS3BEWnVXNGl4eG5iWkNqQkpTa1JFV21vWmFNeGJn?oc=5\" target=\"_blank\" rel=\"nofollow noopener\">Gwarancje dla Ukrainy, katastrofa kolejowa w Meksyku [SKR\u00d3T WYDARZE\u0143 DNIA]<\/a>&nbsp;&nbsp;Wyborcza.pl<\/li>\n<li><a href=\"https:\/\/news.google.com\/rss\/articles\/CBMiygFBVV95cUxNY3NQXzN5dkVvWF9Wa1Zmel9OV1NQY1pGRnlPdGxTNGVvLXZBX3BMbmFkM3lOLUZ2UlRUTnNDYkJHejhEbnZ6Zk44eEZwVDY3eVlZSGgxRjF4eWJpbWFlY253bWk0Zm9xdVhmTmNTUmdDUGRnRlhyTUVMTVhXRlptUmY4bjBQU0cxblRrNkNPcThyQnFSSHM0bHh1RVNvQV9KZFJfaDN3SV92QU9VUmFOX0YtQ3I1WjlNZ0xiREJJalBOT2l6SlItS0dB?oc=5\" target=\"_blank\" rel=\"nofollow noopener\">Szef MON Niemiec nie wierzy w najczarniejszy scenariusz dla Europy. &#8222;Putin ma inny cel&#8221;<\/a>&nbsp;&nbsp;Forsal<\/li>\n<\/ol>\n","protected":false},"excerpt":{"rendered":"Ze\u0142enski ujawnia szczeg\u00f3\u0142y ustale\u0144 z Trumpem&nbsp;&nbsp;TVP Info Wa\u017cny szczyt po rozmowie Trumpa i Ze\u0142enskiego. Macron wskaza\u0142 termin spotkania&nbsp;&nbsp;Wydarzenia&hellip;\n","protected":false},"author":2,"featured_media":159137,"comment_status":"","ping_status":"","sticky":false,"template":"","format":"standard","meta":{"footnotes":""},"categories":[14],"tags":[32,33,27,34,35,28,31,25,40,41,80,29,30,26,82,83,84],"class_list":{"0":"post-177515","1":"post","2":"type-post","3":"status-publish","4":"format-standard","5":"has-post-thumbnail","7":"category-swiat","8":"tag-breaking-news","9":"tag-breakingnews","10":"tag-headlines","11":"tag-latest-news","12":"tag-latestnews","13":"tag-naglowki","14":"tag-najwazniejsze-artykuly","15":"tag-news","16":"tag-polish","17":"tag-polski","18":"tag-swiat","19":"tag-top-stories","20":"tag-topstories","21":"tag-wiadomosci","22":"tag-world","23":"tag-world-news","24":"tag-worldnews"},"share_on_mastodon":{"url":"https:\/\/pubeurope.com\/@pl\/115807161287258916","error":""},"_links":{"self":[{"href":"https:\/\/www.europesays.com\/pl\/wp-json\/wp\/v2\/posts\/177515","targetHints":{"allow":["GET"]}}],"collection":[{"href":"https:\/\/www.europesays.com\/pl\/wp-json\/wp\/v2\/posts"}],"about":[{"href":"https:\/\/www.europesays.com\/pl\/wp-json\/wp\/v2\/types\/post"}],"author":[{"embeddable":true,"href":"https:\/\/www.europesays.com\/pl\/wp-json\/wp\/v2\/users\/2"}],"replies":[{"embeddable":true,"href":"https:\/\/www.europesays.com\/pl\/wp-json\/wp\/v2\/comments?post=177515"}],"version-history":[{"count":0,"href":"https:\/\/www.europesays.com\/pl\/wp-json\/wp\/v2\/posts\/177515\/revisions"}],"wp:featuredmedia":[{"embeddable":true,"href":"https:\/\/www.europesays.com\/pl\/wp-json\/wp\/v2\/media\/159137"}],"wp:attachment":[{"href":"https:\/\/www.europesays.com\/pl\/wp-json\/wp\/v2\/media?parent=177515"}],"wp:term":[{"taxonomy":"category","embeddable":true,"href":"https:\/\/www.europesays.com\/pl\/wp-json\/wp\/v2\/categories?post=177515"},{"taxonomy":"post_tag","embeddable":true,"href":"https:\/\/www.europesays.com\/pl\/wp-json\/wp\/v2\/tags?post=177515"}],"curies":[{"name":"wp","href":"https:\/\/api.w.org\/{rel}","templated":true}]}}