{"id":177518,"date":"2025-12-30T06:44:08","date_gmt":"2025-12-30T06:44:08","guid":{"rendered":"https:\/\/www.europesays.com\/pl\/177518\/"},"modified":"2025-12-30T06:44:08","modified_gmt":"2025-12-30T06:44:08","slug":"naczelni-podsumowuja-rok-i-strategie-nawrockiego-koparka-w-palacu-prezydenckim","status":"publish","type":"post","link":"https:\/\/www.europesays.com\/pl\/177518\/","title":{"rendered":"Naczelni&#8221; podsumowuj\u0105 rok i strategi\u0119 Nawrockiego. &#8222;Koparka w Pa\u0142acu Prezydenckim"},"content":{"rendered":"<p>Wydarzeniem, kt\u00f3re zdominowa\u0142o 2025 r. w polskiej polityce, <a href=\"https:\/\/wiadomosci.onet.pl\/kraj\/ostre-podsumowanie-2025-roku-naczelnych\/qcwzx30\" id=\"69392a22-103c-4337-a374-848a117341d1\" rel=\"nofollow noopener\" target=\"_blank\">niew\u0105tpliwie by\u0142y wybory prezydenckie<\/a>. W pierwszej turze wybor\u00f3w, bez zaskoczenia, najwi\u0119cej g\u0142os\u00f3w uzyskali Rafa\u0142 Trzaskowski (31,36 proc.) i Karol Nawrocki (29,54 proc.) i to oni stoczyli zaci\u0119ty b\u00f3j o g\u0142osy wyborc\u00f3w w drugiej turze wybor\u00f3w.<\/p>\n<p class=\"ods-c-paragraph \">To, co by\u0142o zaskakuj\u0105ce po pierwszej turze wybor\u00f3w, to bardzo dobry wynik Grzegorza Brauna (6,34 proc.) i s\u0142aby wynik Szymona Ho\u0142owni (4,99 proc.). Wyniki drugiej tury okaza\u0142y si\u0119 zaskakuj\u0105ce dla tych, kt\u00f3rzy 1 czerwca k\u0142adli si\u0119 spa\u0107 przy wynikach sonda\u017cowych exit poll, wskazuj\u0105cych 0,6 pkt proc. przewagi dla Rafa\u0142a Trzaskowskiego, a budzili rano z wynikami 50,89 proc. g\u0142os\u00f3w dla Karola Nawrockiego i 49,11 proc. g\u0142os\u00f3w dla Rafa\u0142a Trzaskowskiego.<\/p>\n<p class=\"ods-c-paragraph \">Jak zauwa\u017ca Bartosz W\u0119glarczyk, to wydarzenie by\u0142o du\u017co wa\u017cniejsze, ni\u017c powinno by\u0107 normalnie. Naczelny uwa\u017ca, \u017ce najwa\u017cniejszym wydarzeniem roku w Polsce powinna by\u0107 <a href=\"https:\/\/wiadomosci.onet.pl\/inwazja-rosji-na-ukraine\" id=\"c665bd2b-7c4b-4254-9dbe-2c6ecbeca638\" rel=\"nofollow noopener\" target=\"_blank\">eskalacja wojny w Ukrainie<\/a> i to, co si\u0119 dzia\u0142o na naszej granicy. Niestety to, co powinno by\u0107 dla nas kluczowe, zosta\u0142o przy\u0107mione przez eskalacje podzia\u0142\u00f3w w polityce i to wybory prezydenckie sta\u0142y si\u0119 numerem jeden, istotniejszym nawet ni\u017c rosyjskie drony nad Polsk\u0105.<\/p>\n<p>Dalszy ci\u0105g artyku\u0142u pod materia\u0142em wideo<\/p>\n<p class=\"ods-c-paragraph \">Cho\u0107 prezydent Nawrocki obiecywa\u0142 &#8222;zasypywanie row\u00f3w&#8221;, prowadz\u0105cy zauwa\u017cyli, \u017ce &#8222;kopie kolejne g\u0142\u0119bokie rowy&#8221;. Bartosz W\u0119glarczyk, podsumowuj\u0105c zmian\u0119 w Pa\u0142acu, stwierdzi\u0142, \u017ce mieli\u015bmy &#8222;d\u0142ugopis&#8221; w Pa\u0142acu Prezydenckim, a teraz mamy kopark\u0119. Doda\u0142 r\u00f3wnie\u017c: &#8222;je\u015bli chcecie wiedzie\u0107, jakie b\u0119d\u0105 kolejne weta, obserwujcie Donalda Trumpa \u2014 prezydent Nawrocki dzia\u0142a dok\u0142adnie tak samo&#8221;.<\/p>\n<p class=\"ods-c-paragraph \">Tomasz Sekielski uwa\u017ca, \u017ce nie powinni\u015bmy by\u0107 zdziwieni <a href=\"https:\/\/wiadomosci.onet.pl\/kraj\/stanowcza-odpowiedz-z-ministerstwa-na-weto-nawrockiego-i-tak-to-zrobimy\/pxh8j8x\" id=\"9b754bb7-63c6-4392-9533-7d8f9bdc407e\" rel=\"nofollow noopener\" target=\"_blank\">zachowaniem Karola Nawrockiego<\/a>. On ju\u017c w kampanii wyborczej m\u00f3wi\u0142, \u017ce mamy najgorszy rz\u0105d, a Donald Tusk jest najgorszym premierem i \u017ce zrobi wszystko, aby go tego urz\u0119du pozbawi\u0107. Teraz realizuje to, co obieca\u0142 w kampanii. Zdecydowanie jest na wojnie z rz\u0105dem. Szkoda, \u017ce polscy politycy nie potrafi\u0105 uzna\u0107, \u017ce sytuacja na \u015bwiecie jest na tyle niebezpieczna, \u017ce mo\u017cna by by\u0142o te ustawki polityczne odsun\u0105\u0107 w czasie.<\/p>\n<p class=\"ods-c-paragraph \">Drugim kluczowym tematem by\u0142a wojna w Ukrainie, kt\u00f3ra w tym roku &#8222;wyla\u0142a si\u0119 na Polsk\u0119&#8221;. I to wed\u0142ug Naczelnego powinno by\u0107 najwa\u017cniejsze wydarzenie 2025 r. <a href=\"https:\/\/wiadomosci.onet.pl\/tylko-w-onecie\/drony-nad-polska-znamy-kulisy-akcji-wojska-general-sie-nie-wahal\/8gsx7wc\" id=\"0e25e359-7108-406a-a4ee-9262532a40a4\" rel=\"nofollow noopener\" target=\"_blank\">Nalot rosyjskich dron\u00f3w w nocy z 9 na 10 wrze\u015bnia<\/a> wywo\u0142a\u0142 napi\u0119cie. &#8211; Ba\u0142em si\u0119, \u017ce Rosjanie spr\u00f3buj\u0105 na szerok\u0105 skal\u0119 sprawdzi\u0107 nasze systemy reagowania \u2014 wspomina\u0142 Tomasz Sekielski. Polsk\u0105 przestrze\u0144 powietrzn\u0105 przekroczy\u0142o wtedy 23 obiekty, a w wyniku pr\u00f3by ich neutralizacji ucierpia\u0142 dom w miejscowo\u015bci Wyryki, nikt za\u015b nie zosta\u0142 ranny.<\/p>\n<p class=\"ods-c-paragraph \">Bartosz W\u0119glarczyk podkre\u015bli\u0142, \u017ce w takich chwilach zabrak\u0142o jedno\u015bci: &#8222;Premier i prezydent powinni si\u0119 razem pokaza\u0107 i powiedzie\u0107: jeste\u015bmy odpowiedzialni za bezpiecze\u0144stwo kraju. Ale to si\u0119 nie zdarzy\u0142o&#8221;.<\/p>\n<p class=\"ods-c-paragraph \">Kolejnym powa\u017cnym incydentem by\u0142a <a href=\"https:\/\/wiadomosci.onet.pl\/tylko-w-onecie\/sabotaz-na-polskiej-kolei-byly-oficer-wywiadu-alarmuje-przekroczono-linie\/l29jzt6\" id=\"ac41ca50-f8a3-4546-b220-cfd8197ef0ad\" rel=\"nofollow noopener\" target=\"_blank\">pr\u00f3ba zamachu na kolei<\/a>. Na trasie Warszawa \u2014 Dorohusk dosz\u0142o do dw\u00f3ch akt\u00f3w dywersji, kt\u00f3re powa\u017cnie zak\u0142\u00f3ci\u0142y ruch kolejowy. Pierwszy incydent mia\u0142 miejsce w pobli\u017cu miejscowo\u015bci Mika, gdzie eksplozja \u0142adunku wybuchowego zniszczy\u0142a tor kolejowy. Drugi zdarzy\u0142 si\u0119 niedaleko stacji Go\u0142\u0105b, gdzie poci\u0105g z 475 pasa\u017cerami musia\u0142 gwa\u0142townie hamowa\u0107 z powodu uszkodzonej sieci trakcyjnej. W zwi\u0105zku z tymi wydarzeniami prokuratura wszcz\u0119\u0142a \u015bledztwo, badaj\u0105c je jako akty terrorystyczne skierowane przeciwko infrastrukturze kolejowej. &#8211; Mieli\u015bmy du\u017co szcz\u0119\u015bcia, \u017ce do katastrofy nie dosz\u0142o &#8211; m\u00f3wi\u0142 Tomasz Sekielski, wskazuj\u0105c na czujno\u015b\u0107 maszynisty.<\/p>\n<p class=\"ods-c-paragraph \">W kontek\u015bcie zaostrzania si\u0119 sytuacji w Ukrainie i akt\u00f3w dywersji na terytorium Polski nale\u017cy przypomnie\u0107 wydarzenia z po\u0142owy sierpnia, gdy <a href=\"https:\/\/wiadomosci.onet.pl\/kraj\/donald-trump-i-wladimir-putin-spotkali-sie-na-alasce-to-zdjecie-przejdzie-do-historii\/08lnygl\" id=\"bef6ae87-1208-4a83-bb74-7dd9bbd84f6f\" rel=\"nofollow noopener\" target=\"_blank\">Donald Trump z W\u0142adimirem Putinem spotkali si\u0119 na Alasce<\/a>. Jak zauwa\u017cy\u0142 W\u0119glarczyk, zdj\u0119cia z tej wizyty przesz\u0142y do historii i trudno znie\u015b\u0107 ten ponury moment wzajemnego poklepywania si\u0119 prezydent\u00f3w.<\/p>\n<p class=\"ods-c-paragraph \">Wracaj\u0105c na krajowe podw\u00f3rko, nie zabrak\u0142o wspomnie\u0144 o rekonstrukcji rz\u0105du. Jak m\u00f3wi\u0142 w lipcu premier Tusk, nowi ministrowie mieli by\u0107 jak zesp\u00f3\u0142 komandos\u00f3w, wiedzieli, jakiego zadania si\u0119 podejmuj\u0105. &#8211; Najwa\u017cniejsza zmiana to by\u0142o zamienienie Waldemara \u017burka za Adama Bodnara \u2014 ironizowa\u0142 Tomasz Sekielski.<\/p>\n<p class=\"ods-c-paragraph \">Bartosz W\u0119glarczyk z kolei podsumowa\u0142 <a href=\"https:\/\/wiadomosci.onet.pl\/kraj\/szymon-holownia-nie-zostal-wybrany-na-wazne-stanowisko-teraz-reaguje-ten-wybor-jest\/5wcfv94\" id=\"27f2cc04-d2a2-476e-9056-a4b6db66d31b\" rel=\"nofollow noopener\" target=\"_blank\">losy Szymona Ho\u0142owni i jego sugestie<\/a>, \u017ce by\u0142 namawiany do przeprowadzenia zamachu stanu przy okazji zaprzysi\u0119\u017cenia Karola Nawrockiego na urz\u0105d prezydenta. Prowadz\u0105cy stwierdzi\u0142, \u017ce &#8222;Szymon si\u0119 pomyli\u0142, nie zauwa\u017cy\u0142, \u017ce ju\u017c nie jest publicyst\u0105, tylko politykiem i to jednym z najwa\u017cniejszych w kraju. Jemu nie wypada sugerowa\u0107, nawet publicystycznie, \u017ce kto\u015b go namawia\u0142 do przeprowadzenia zamachu stanu&#8221;.<\/p>\n<p class=\"ods-c-paragraph \">Na koniec tego roku Naczelni maj\u0105 dla Pa\u0144stwa podzi\u0119kowania, za to, \u017ce ich ogl\u0105dacie, s\u0142uchacie i czytacie. Prowadz\u0105cy obiecuj\u0105 w przysz\u0142ym roku jeszcze wi\u0119cej fantastycznych komentarzy.<\/p>\n<p class=\"ods-c-paragraph \">Zapraszamy na kolejny odcinek Naczelnych oraz zach\u0119camy do ogl\u0105dania podcastu w ka\u017cdy poniedzia\u0142ek o godz. 19.00 na stronie Onetu, a tak\u017ce do s\u0142uchania go w aplikacji Onet Audio. Zapraszamy r\u00f3wnie\u017c do pisania do Naczelnych na adres naczelni@onet.pl.<\/p>\n","protected":false},"excerpt":{"rendered":"Wydarzeniem, kt\u00f3re zdominowa\u0142o 2025 r. w polskiej polityce, niew\u0105tpliwie by\u0142y wybory prezydenckie. W pierwszej turze wybor\u00f3w, bez zaskoczenia,&hellip;\n","protected":false},"author":2,"featured_media":152892,"comment_status":"","ping_status":"","sticky":false,"template":"","format":"standard","meta":{"footnotes":""},"categories":[5],"tags":[56,32,33,36,37,27,76,43,34,35,7287,7286,28,31,48,25,46,42,38,40,39,41,47,29,30,341,26,30795],"class_list":{"0":"post-177518","1":"post","2":"type-post","3":"status-publish","4":"format-standard","5":"has-post-thumbnail","7":"category-naglowki","8":"tag-article_premium","9":"tag-breaking-news","10":"tag-breakingnews","11":"tag-featured-news","12":"tag-featurednews","13":"tag-headlines","14":"tag-inwazja_rosji_na_ukraine","15":"tag-karol_nawrocki","16":"tag-latest-news","17":"tag-latestnews","18":"tag-naczelni","19":"tag-naczelni_podcast","20":"tag-naglowki","21":"tag-najwazniejsze-artykuly","22":"tag-nat_styl","23":"tag-news","24":"tag-omp","25":"tag-pl","26":"tag-poland","27":"tag-polish","28":"tag-polska","29":"tag-polski","30":"tag-screening_general","31":"tag-top-stories","32":"tag-topstories","33":"tag-tylko_w_onecie","34":"tag-wiadomosci","35":"tag-wybory_prezydenckie_2025"},"share_on_mastodon":{"url":"https:\/\/pubeurope.com\/@pl\/115807169111433277","error":""},"_links":{"self":[{"href":"https:\/\/www.europesays.com\/pl\/wp-json\/wp\/v2\/posts\/177518","targetHints":{"allow":["GET"]}}],"collection":[{"href":"https:\/\/www.europesays.com\/pl\/wp-json\/wp\/v2\/posts"}],"about":[{"href":"https:\/\/www.europesays.com\/pl\/wp-json\/wp\/v2\/types\/post"}],"author":[{"embeddable":true,"href":"https:\/\/www.europesays.com\/pl\/wp-json\/wp\/v2\/users\/2"}],"replies":[{"embeddable":true,"href":"https:\/\/www.europesays.com\/pl\/wp-json\/wp\/v2\/comments?post=177518"}],"version-history":[{"count":0,"href":"https:\/\/www.europesays.com\/pl\/wp-json\/wp\/v2\/posts\/177518\/revisions"}],"wp:featuredmedia":[{"embeddable":true,"href":"https:\/\/www.europesays.com\/pl\/wp-json\/wp\/v2\/media\/152892"}],"wp:attachment":[{"href":"https:\/\/www.europesays.com\/pl\/wp-json\/wp\/v2\/media?parent=177518"}],"wp:term":[{"taxonomy":"category","embeddable":true,"href":"https:\/\/www.europesays.com\/pl\/wp-json\/wp\/v2\/categories?post=177518"},{"taxonomy":"post_tag","embeddable":true,"href":"https:\/\/www.europesays.com\/pl\/wp-json\/wp\/v2\/tags?post=177518"}],"curies":[{"name":"wp","href":"https:\/\/api.w.org\/{rel}","templated":true}]}}