{"id":177603,"date":"2025-12-30T07:48:08","date_gmt":"2025-12-30T07:48:08","guid":{"rendered":"https:\/\/www.europesays.com\/pl\/177603\/"},"modified":"2025-12-30T07:48:08","modified_gmt":"2025-12-30T07:48:08","slug":"wielki-dzien-polskiego-darta-krzysztof-ratajski-w-grze-o-cwiercfinal-mistrzostw-swiata","status":"publish","type":"post","link":"https:\/\/www.europesays.com\/pl\/177603\/","title":{"rendered":"Wielki dzie\u0144 polskiego darta. Krzysztof Ratajski w grze o \u0107wier\u0107fina\u0142 mistrzostw \u015bwiata"},"content":{"rendered":"\n<p class=\"contentpart contentpart--default contentpart--text\" data-position=\"0\">Seria odpadania w III rundzie najwa\u017cniejszej imprezy w darterskim kalendarzu Polskiego Or\u0142a trwa\u0142a trzy lata. Jednak <a href=\"https:\/\/sportowefakty.wp.pl\/inne\/krzysztof-ratajski\" rel=\"nofollow noopener\" target=\"_blank\">Krzysztof Ratajski<\/a>\u00a0w ko\u0144cu j\u0105 prze\u0142ama\u0142 i to w stylu, kt\u00f3ry porwa\u0142 zar\u00f3wno wieloletnich sympatyk\u00f3w tej dyscypliny, jak i tych, kt\u00f3rzy dopiero o niej us\u0142yszeli. W meczu z Wesleyem Plaisierem przegrywa\u0142 ju\u017c 1:3, a \u0142\u0105cznie rywal mia\u0142 trzy lotki meczowe, lecz i tak to by\u0142o za ma\u0142o, bo Polak przechyli\u0142 szal\u0119 zwyci\u0119stwa na swoj\u0105 korzy\u015b\u0107. Czy zatem zdecydowa\u0142o do\u015bwiadczenie?<\/p>\n<p> <img role=\"presentation\" src=\"https:\/\/std.wpcdn.pl\/images\/adv\/placeholder_wp.svg\" loading=\"lazy\" alt=\"\" decoding=\"async\"\/>  <\/p>\n<p class=\"contentpart contentpart--default contentpart--text\" data-position=\"1\">&#8211; My\u015bl\u0119, \u017ce tak. To by\u0142 drugi start Holendra na M\u015a, dla mnie to ju\u017c si\u00f3dmy start. My\u015bl\u0119, \u017ce to do\u015bwiadczenie mog\u0142o mi pom\u00f3c. Kluczowe okaza\u0142y si\u0119 checkouty 100+.\u00a0Mia\u0142em prawie 50 procent skuteczno\u015bci na doublach &#8211; to bardzo dobrze. Ale wa\u017cniejsze by\u0142o to, \u017ce pojawia\u0142y si\u0119 one w kluczowych momentach &#8211; opowiada\u0142 Ratajski na konferencji prasowej.<\/p>\n<p class=\"contentpart contentpart--default contentpart--text\" data-position=\"2\">ZOBACZ WIDEO: Otwieraj\u0105 biznes w Polsce. Fabia\u0144ski m\u00f3wi o swojej roli<\/p>\n<p class=\"contentpart contentpart--default contentpart--text\" data-position=\"4\">Na drodze Polaka do \u0107wier\u0107fina\u0142u stoi 37-letni <a href=\"https:\/\/sportowefakty.wp.pl\/dart\/luke-woodhouse\" rel=\"nofollow noopener\" target=\"_blank\">Luke Woodhouse<\/a>, kt\u00f3ry rozstawiony jest w turnieju z numerem 25., bo tak\u0105 w\u0142a\u015bnie pozycj\u0119 w rankingu PDC Order of Merit zajmowa\u0142 przed rozpocz\u0119ciem \u015bwiatowego czempionatu. Na drodze do 1\/8 fina\u0142u Anglik wyeliminowa\u0142 kolejno Borisa Krcmara (3:1), Maxa Hoppa (3:0) oraz Andrewa Gildinga (4:1).<\/p>\n<p class=\"contentpart contentpart--default contentpart--text\" data-position=\"5\">&#8211; Oczywi\u015bcie kiedy wchodz\u0119 na scen\u0119, chc\u0119 zgarn\u0105\u0107 wszystko. Uwa\u017cam, \u017ce to jest realne. W ka\u017cdym turnieju, w jakim bior\u0119 udzia\u0142, moim celem jest zwyci\u0119stwo. Ka\u017cdy chce tego samego, udzia\u0142 nie zaspokaja pragnie\u0144. Krzysztof to fantastyczny zawodnik, za nim dwa naprawd\u0119 \u015bwietne wyst\u0119py, \u0142\u0105cznie z tym ostatnim, w kt\u00f3rym wr\u00f3ci\u0142 do walki z bardzo trudnej sytuacji. To naprawd\u0119 b\u0119dzie bardzo trudne spotkanie &#8211; m\u00f3wi\u0142 Woodhouse na spotkaniu medialnym z dziennikarzami po swoim spotkaniu III rundy.<\/p>\n<p> <img role=\"presentation\" src=\"https:\/\/std.wpcdn.pl\/images\/adv\/placeholder_wp.svg\" loading=\"lazy\" alt=\"\" decoding=\"async\"\/>  <\/p>\n<p class=\"contentpart contentpart--default contentpart--text\" data-position=\"6\">Co na to Polak? Kiedy odbywa\u0142a si\u0119 konferencja prasowa, jeszcze nie by\u0142o wiadomo, z kim dane mu b\u0119dzie zmierzy\u0107 si\u0119 w IV rundzie. Jednak o obu graczach wypowiada\u0142 si\u0119 z du\u017cym respektem. Podkre\u015bli\u0142 jednak, \u017ce wiele zale\u017cy od niego. Zreszt\u0105 sam Ratajski woli stosowa\u0107 metod\u0119 ma\u0142ych krok\u00f3w.<\/p>\n<p class=\"contentpart contentpart--default contentpart--text\" data-position=\"7\">&#8211; Na razie pierwszym celem jest powr\u00f3t do najlepszej 32. Przyst\u0119powa\u0142em do turnieju z 37. pozycji, teraz troch\u0119 awansuj\u0119. Na mistrzostwach \u015bwiata najlepiej jest budowa\u0107 ranking, wi\u0119c jest to dla mnie bardzo wa\u017cne. Jaki\u015b czas temu mia\u0142em problemy ze zdrowiem. To by\u0142 dla mnie trudny czas, nie tylko we wzgl\u0119du na utrat\u0119 pozycji. Teraz ju\u017c wszystko jest w porz\u0105dku, w poprzednim roku te\u017c ju\u017c by\u0142o okej &#8211; przyzna\u0142 Ratajski.<\/p>\n<p class=\"contentpart contentpart--default contentpart--text\" data-position=\"8\">Blisko 49-letni zawodnik ze Skar\u017cyka-Kamiennej w swojej karierze gra\u0142 ju\u017c z Luke&#8217;iem Woodhousem sze\u015bciokrotnie i pi\u0119\u0107 razy by\u0142 od niego lepszy. Po raz ostatni przy tarczy panowie spotkali si\u0119 17 lutego podczas turnieju Players Championship 3. Wtedy Ratajski wygra\u0142 6:2.<\/p>\n<p> <img role=\"presentation\" src=\"https:\/\/std.wpcdn.pl\/images\/adv\/placeholder_wp.svg\" loading=\"lazy\" alt=\"\" decoding=\"async\"\/>  <\/p>\n<p class=\"contentpart contentpart--default contentpart--text\" data-position=\"9\">Przypomnijmy, \u017ce &#8222;Polish Eagle&#8221; gra\u0142 ju\u017c raz w 1\/8 fina\u0142u mistrzostw \u015bwiata. Pi\u0119\u0107 lat temu, gdy dotar\u0142 a\u017c do \u0107wier\u0107fina\u0142u, w IV rundzie po niesamowicie dramatycznym meczu pokona\u0142 Niemca Gabriela Clemensa. Jednak, jak s\u0142usznie zauwa\u017caj\u0105 baczni obserwatorzy darta, by\u0142 to turniej covidowy bez udzia\u0142u publiczno\u015bci. A zatem przy pe\u0142nych trybunach to jest jego najlepsze osi\u0105gni\u0119cie.<\/p>\n<p class=\"contentpart contentpart--default contentpart--text\" data-position=\"10\">Spotkanie Krzysztofa Ratajskiego z Luke&#8217;iem Woodhousem otworzy sesj\u0119 popo\u0142udniow\u0105 we wtorek 30 grudnia. Startuje ona o godzinie 13:40. Po nim na scen\u0119 wyjd\u0105 Jonny Clayton oraz Andreas Harrysson, a nast\u0119pnie Justin Hood i Josh Rock. Z kolei w sesji wieczornej odb\u0119d\u0105 si\u0119 pojedynki Charliego Manbiego z Gianem van Veenem, Michaela van Gerwena z Garym Andersonem oraz Luke&#8217;a Humphriesa z Kevinem Doetsem.<\/p>\n<p class=\"contentpart contentpart--default contentpart--text\" data-position=\"11\">Je\u015bli Ratajski wygra we wtorek, w noworoczny czwartek czeka\u0107 go b\u0119dzie potyczka z aktualnym mistrzem \u015bwiata Luke&#8217;iem Littlerem, kt\u00f3ry w poniedzia\u0142ek pokona\u0142 Roba Crossa. Stawk\u0119 \u0107wier\u0107finalist\u00f3w uzupe\u0142nia Ryan Searle.<\/p>\n","protected":false},"excerpt":{"rendered":"Seria odpadania w III rundzie najwa\u017cniejszej imprezy w darterskim kalendarzu Polskiego Or\u0142a trwa\u0142a trzy lata. Jednak Krzysztof Ratajski\u00a0w&hellip;\n","protected":false},"author":2,"featured_media":177604,"comment_status":"","ping_status":"","sticky":false,"template":"","format":"standard","meta":{"footnotes":""},"categories":[24],"tags":[25321,25322,2782,30051,34170,42,38,40,39,41,127,126,106],"class_list":{"0":"post-177603","1":"post","2":"type-post","3":"status-publish","4":"format-standard","5":"has-post-thumbnail","7":"category-sport","8":"tag-dart","9":"tag-krzysztof-ratajski","10":"tag-londyn","11":"tag-luke-littler","12":"tag-luke-woodhouse","13":"tag-pl","14":"tag-poland","15":"tag-polish","16":"tag-polska","17":"tag-polski","18":"tag-sport","19":"tag-sports","20":"tag-wielka-brytania"},"share_on_mastodon":{"url":"https:\/\/pubeurope.com\/@pl\/115807420725590380","error":""},"_links":{"self":[{"href":"https:\/\/www.europesays.com\/pl\/wp-json\/wp\/v2\/posts\/177603","targetHints":{"allow":["GET"]}}],"collection":[{"href":"https:\/\/www.europesays.com\/pl\/wp-json\/wp\/v2\/posts"}],"about":[{"href":"https:\/\/www.europesays.com\/pl\/wp-json\/wp\/v2\/types\/post"}],"author":[{"embeddable":true,"href":"https:\/\/www.europesays.com\/pl\/wp-json\/wp\/v2\/users\/2"}],"replies":[{"embeddable":true,"href":"https:\/\/www.europesays.com\/pl\/wp-json\/wp\/v2\/comments?post=177603"}],"version-history":[{"count":0,"href":"https:\/\/www.europesays.com\/pl\/wp-json\/wp\/v2\/posts\/177603\/revisions"}],"wp:featuredmedia":[{"embeddable":true,"href":"https:\/\/www.europesays.com\/pl\/wp-json\/wp\/v2\/media\/177604"}],"wp:attachment":[{"href":"https:\/\/www.europesays.com\/pl\/wp-json\/wp\/v2\/media?parent=177603"}],"wp:term":[{"taxonomy":"category","embeddable":true,"href":"https:\/\/www.europesays.com\/pl\/wp-json\/wp\/v2\/categories?post=177603"},{"taxonomy":"post_tag","embeddable":true,"href":"https:\/\/www.europesays.com\/pl\/wp-json\/wp\/v2\/tags?post=177603"}],"curies":[{"name":"wp","href":"https:\/\/api.w.org\/{rel}","templated":true}]}}