{"id":177605,"date":"2025-12-30T07:49:20","date_gmt":"2025-12-30T07:49:20","guid":{"rendered":"https:\/\/www.europesays.com\/pl\/177605\/"},"modified":"2025-12-30T07:49:20","modified_gmt":"2025-12-30T07:49:20","slug":"tak-pozbyto-sie-jej-z-serialu-to-bylo-chamskie-zachowanie","status":"publish","type":"post","link":"https:\/\/www.europesays.com\/pl\/177605\/","title":{"rendered":"Tak pozbyto si\u0119 jej z serialu. &#8222;To by\u0142o chamskie zachowanie&#8221;"},"content":{"rendered":"\n<p>Po wielu latach milczenia <a href=\"https:\/\/kobieta.wp.pl\/anna-nehrebecka-temat-5846881659453825\" rel=\"noopener noreferrer nofollow\" target=\"_blank\">Anna Nehrebecka<\/a> wr\u00f3ci\u0142a do bolesnych wspomnie\u0144 zwi\u0105zanych z\u00a0odej\u015bciem z\u00a0kultowego serialu &#8222;Z\u0142otopolscy&#8221;. W\u00a0rozmowie z\u00a0Ann\u0105 Jurksztowicz na kanale &#8222;Z\u0142ota scena&#8221; aktorka przyzna\u0142a, \u017ce spos\u00f3b, w\u00a0jaki potraktowa\u0142a j\u0105 produkcja, by\u0142 dla niej ogromnym ciosem.<\/p>\n<p>Ikona serialu &#8222;Z\u0142otopolscy&#8221; <\/p>\n<p>Udzia\u0142 w\u00a0&#8222;Z\u0142otopolskich&#8221; nie by\u0142 dla Anny Nehrebeckiej jedynie kolejn\u0105 zawodow\u0105 przygod\u0105. Przez d\u0142ugi czas wciela\u0142a si\u0119 w\u00a0posta\u0107 Barbary Z\u0142otopolskiej &#8211;\u00a0\u017cony Marka Z\u0142otopolskiego, matki ich dzieci oraz jednej z\u00a0kluczowych bohaterek serialowej rodziny, kt\u00f3rej losy mia\u0142y istotne znaczenie dla rozwoju fabu\u0142y. Z\u00a0tego powodu by\u0142a silnie zwi\u0105zana z\u00a0produkcj\u0105 i\u00a0zale\u017ca\u0142o jej, aby rozstanie przebieg\u0142o w\u00a0spos\u00f3b uczciwy oraz sp\u00f3jny z\u00a0logik\u0105 serialowej opowie\u015bci.<\/p>\n<p> <img role=\"presentation\" class=\"absolute left-1\/2 top-1\/2 max-h-[80%] max-w-[100px] -translate-x-1\/2 -translate-y-1\/2\" src=\"https:\/\/v.wpimg.pl\/ZXJfd3AudTkrBBIAbg54LGhcRlAxHQUrPgJGH2MAeGJoSQ1eIBI_K2UHAEVuBTY5KQMMXC0RPyoVERQdMgM9ejc\" loading=\"lazy\" decoding=\"async\"\/> <\/p>\n<blockquote><p>&#8211; Ja nie musz\u0119 wyst\u0119powa\u0107 w\u00a0ka\u017cdym odcinku, ale chcia\u0142am, \u017ceby ta posta\u0107 by\u0142a bardziej wiarygodna &#8211;\u00a0zaznaczy\u0142a.<\/p><\/blockquote>\n<p>Vanessa Aleksander wprost o\u00a0castingach: &#8222;To jest praca o\u00a0przegrywaniu&#8221;<\/p>\n<p>  <img role=\"presentation\" class=\"absolute left-1\/2 top-1\/2 max-h-[80%] max-w-[100px] -translate-x-1\/2 -translate-y-1\/2\" src=\"https:\/\/v.wpimg.pl\/ZXJfd3AudTkrBBIAbg54LGhcRlAxHQUrPgJGH2MAeGJoSQ1eIBI_K2UHAEVuBTY5KQMMXC0RPyoVERQdMgM9ejc\" loading=\"lazy\" decoding=\"async\"\/> <\/p>\n<p>Aktorka by\u0142a zapewniana, \u017ce szczeg\u00f3\u0142y jej odej\u015bcia zostan\u0105 wcze\u015bniej om\u00f3wione i\u00a0dopracowane. Rzeczywisto\u015b\u0107 okaza\u0142a si\u0119 jednak zupe\u0142nie inna. Moment, w\u00a0kt\u00f3rym dowiedzia\u0142a si\u0119 prawdy, by\u0142 dla niej szokuj\u0105cy. Ju\u017c na planie wyczu\u0142a napi\u0119t\u0105 atmosfer\u0119.<\/p>\n<p>&#8211; Pytam charakteryzatorki: &#8222;S\u0142uchaj, co si\u0119 dzieje?&#8221;. A\u00a0ona m\u00f3wi: &#8222;To ty nic nie wiesz? To jest tw\u00f3j ostatni dzie\u0144 zdj\u0119ciowy&#8221; &#8211;\u00a0wspomina\u0142a. Informacja spad\u0142a na ni\u0105 zupe\u0142nie niespodziewanie. Nikt wcze\u015bniej nie poinformowa\u0142 jej o\u00a0decyzji produkcji, mimo prowadzonych rozm\u00f3w i\u00a0wcze\u015bniejszych zapewnie\u0144.<\/p>\n<p>Milczenie produkcji i\u00a0napi\u0119ta atmosfera <\/p>\n<p>Zaskoczona aktorka postanowi\u0142a wyja\u015bni\u0107 sytuacj\u0119 bezpo\u015brednio u\u00a0\u017ar\u00f3d\u0142a. &#8211;\u00a0Posz\u0142am do produkcji i\u00a0zapyta\u0142am, o\u00a0co chodzi. Us\u0142ysza\u0142am, \u017ce jest jaka\u015b zmiana i\u00a0\u017ce oni nie maj\u0105 na to wp\u0142ywu &#8211;\u00a0relacjonowa\u0142a. Najbardziej bola\u0142 j\u0105 jednak brak elementarnej uczciwo\u015bci i\u00a0fakt, \u017ce nikt nie uzna\u0142 za stosowne uprzedzi\u0107 jej wcze\u015bniej. Ca\u0142a sytuacja sta\u0142a si\u0119, jak sama przyzna\u0142a, &#8222;dosy\u0107 nieprzyjemna&#8221;.<\/p>\n<p> <img role=\"presentation\" class=\"absolute left-1\/2 top-1\/2 max-h-[80%] max-w-[100px] -translate-x-1\/2 -translate-y-1\/2\" src=\"https:\/\/v.wpimg.pl\/ZXJfd3AudTkrBBIAbg54LGhcRlAxHQUrPgJGH2MAeGJoSQ1eIBI_K2UHAEVuBTY5KQMMXC0RPyoVERQdMgM9ejc\" loading=\"lazy\" decoding=\"async\"\/> <\/p>\n<p>Paradoksalnie to w\u0142a\u015bnie ekipa serialu zachowa\u0142a si\u0119 wobec niej z\u00a0ogromn\u0105 klas\u0105. &#8211;\u00a0Ekipa mnie bardzo pi\u0119knie po\u017cegna\u0142a. Dosta\u0142am ogromny bukiet kwiat\u00f3w, by\u0142o bardzo mi\u0142o i\u00a0serdecznie &#8211;\u00a0m\u00f3wi\u0142a. Dzi\u0119ki temu mia\u0142a nadziej\u0119, \u017ce sprawa zako\u0144czy si\u0119 bez dalszych nieporozumie\u0144. Niestety, wkr\u00f3tce okaza\u0142o si\u0119, \u017ce to nie koniec przykrych do\u015bwiadcze\u0144.<\/p>\n<p>     <img decoding=\"async\" src=\"https:\/\/www.europesays.com\/pl\/wp-content\/uploads\/2025\/12\/MWY4ODMwYjY4Vjl3YgxvI3sObS0kVWF1LBZ1ZmIUYm5uATdxeEViMTBYKjYoByJ5PkY6NCwAPXkpWGAlPR5iIWgbKy0-ByE2IBsq.jpeg\" width=\"975\" height=\"552\" loading=\"lazy\" class=\"wp-media-image\" alt=\"Anna Nehrebecka ujawni\u0142a kulisy zwolnienia ze &quot;Z\u0142otopolskich&quot;\" data-lightbox=\"true\"\/> Anna Nehrebecka ujawni\u0142a kulisy zwolnienia ze &#8222;Z\u0142otopolskich&#8221; \u00a9 fragm. &#8222;Z\u0142otopolskich&#8221;, TVP VOD <\/p>\n<p>Zobacz te\u017c: <a href=\"https:\/\/kobieta.wp.pl\/zniknela-z-barw-szczescia-dzis-zyje-z-dala-od-polski-7234493465274880a\" rel=\"noopener noreferrer nofollow\" target=\"_blank\">Odesz\u0142a z\u00a0&#8222;Barw szcz\u0119\u015bcia&#8221; i\u00a0od m\u0119\u017ca. Dzi\u015b \u017cyje z\u00a0dala od Polski<\/a><\/p>\n<p> <img role=\"presentation\" class=\"absolute left-1\/2 top-1\/2 max-h-[80%] max-w-[100px] -translate-x-1\/2 -translate-y-1\/2\" src=\"https:\/\/v.wpimg.pl\/ZXJfd3AudTkrBBIAbg54LGhcRlAxHQUrPgJGH2MAeGJoSQ1eIBI_K2UHAEVuBTY5KQMMXC0RPyoVERQdMgM9ejc\" loading=\"lazy\" decoding=\"async\"\/><\/p>\n<p>Plotka, kt\u00f3ra uderzy\u0142a w\u00a0Nehrebeck\u0105 <\/p>\n<p>Kilka dni po powrocie do pracy w\u00a0teatrze Anna Nehrebecka us\u0142ysza\u0142a informacj\u0119, kt\u00f3ra &#8211;\u00a0jak sama przyzna\u0142a &#8211;\u00a0ostatecznie przela\u0142a czar\u0119 goryczy. Cho\u0107 wci\u0105\u017c pr\u00f3bowa\u0142a pogodzi\u0107 si\u0119 z\u00a0nag\u0142ym zako\u0144czeniem pracy na planie &#8222;Z\u0142otopolskich&#8221;, zetkni\u0119cie si\u0119 z\u00a0tak\u0105 plotk\u0105 by\u0142o dla niej prawdziwym szokiem.<\/p>\n<blockquote><p>&#8211; Jestem cztery dni po tym w\u00a0teatrze i\u00a0kto\u015b mnie puka w\u00a0rami\u0119. Kole\u017canka m\u00f3wi: &#8222;S\u0142uchaj, ale wrednie z\u00a0tob\u0105 post\u0105pili&#8221;. Odpowiadam: &#8222;Rzeczywi\u015bcie, by\u0142o to nieprzyjemne&#8221;. A\u00a0ona na to: &#8222;Ja wszystko rozumiem, ale \u017ceby powiedzie\u0107, \u017ce musieli si\u0119 z\u00a0tob\u0105 rozsta\u0107, bo ty si\u0119 k\u0142\u00f3ci\u0142a\u015b o\u00a0pieni\u0105dze?&#8221; &#8211;\u00a0relacjonowa\u0142a aktorka.<\/p><\/blockquote>\n<p>Dla Anny Nehrebeckiej by\u0142o to szczeg\u00f3lnie dotkliwe. &#8211;\u00a0To by\u0142o po prostu chamskie zachowanie &#8211; oceni\u0142a bez ogr\u00f3dek. Podkre\u015bli\u0142a, \u017ce nigdy nie prowadzi\u0142a rozm\u00f3w o\u00a0pieni\u0105dzach ani nie spiera\u0142a si\u0119 o\u00a0wynagrodzenie, dlatego rozpowszechniana wersja wydarze\u0144 by\u0142a dla niej nie tylko krzywdz\u0105ca, ale wr\u0119cz obra\u017aliwa.<\/p>\n<p> <img role=\"presentation\" class=\"absolute left-1\/2 top-1\/2 max-h-[80%] max-w-[100px] -translate-x-1\/2 -translate-y-1\/2\" src=\"https:\/\/v.wpimg.pl\/ZXJfd3AudTkrBBIAbg54LGhcRlAxHQUrPgJGH2MAeGJoSQ1eIBI_K2UHAEVuBTY5KQMMXC0RPyoVERQdMgM9ejc\" loading=\"lazy\" decoding=\"async\"\/> <\/p>\n<p>Aktorka postanowi\u0142a zareagowa\u0107. Napisa\u0142a do produkcji, jasno daj\u0105c do zrozumienia, \u017ce nie zgadza si\u0119 na szerzenie nieprawdziwych informacji na sw\u00f3j temat. Cho\u0107 dzi\u015b wspomina tamte wydarzenia z\u00a0wi\u0119kszym dystansem, w\u00a0jej s\u0142owach wci\u0105\u017c wybrzmiewaj\u0105 \u017cal i\u00a0rozczarowanie sposobem, w\u00a0jaki zako\u0144czono wieloletni\u0105 wsp\u00f3\u0142prac\u0119.<\/p>\n<p>Czytaj tak\u017ce: <a href=\"https:\/\/kobieta.wp.pl\/byla-zona-gonery-wspolnie-ciesza-sie-z-sukcesow-corki-7232320307977152a\" rel=\"noopener noreferrer nofollow\" target=\"_blank\">By\u0142a w\u00a0zwi\u0105zku ze znanym aktorem. Ich c\u00f3rka odnosi sukcesy<\/a><\/p>\n<p>Zapraszamy na grup\u0119 FB &#8211;\u00a0<a href=\"https:\/\/www.facebook.com\/groups\/126020819449720\" rel=\"noopener noreferrer nofollow\" target=\"_blank\">#Wszechmocne<\/a>. To tu b\u0119dziemy informowa\u0107 na bie\u017c\u0105co o\u00a0terminach webinar\u00f3w, wywiadach, nowych historiach.<\/p>\n<p> <img role=\"presentation\" class=\"absolute left-1\/2 top-1\/2 max-h-[80%] max-w-[100px] -translate-x-1\/2 -translate-y-1\/2\" src=\"https:\/\/v.wpimg.pl\/ZXJfd3AudTkrBBIAbg54LGhcRlAxHQUrPgJGH2MAeGJoSQ1eIBI_K2UHAEVuBTY5KQMMXC0RPyoVERQdMgM9ejc\" loading=\"lazy\" decoding=\"async\"\/> <\/p>\n<p>Masz newsa, zdj\u0119cie lub filmik? Prze\u015blij nam przez <a href=\"https:\/\/dziejesie.wp.pl\/\" rel=\"noopener noreferrer nofollow\" target=\"_blank\">dziejesie.wp.pl<\/a>.<\/p>\n<p>     <img decoding=\"async\" src=\"https:\/\/www.europesays.com\/pl\/wp-content\/uploads\/2025\/12\/NDE1Mzk3YSUkUztJREhsMGcLbxMCEWJmMBN3WERQYXFwBDVLWQNhIixdKAgOQyFqIkM4CgpEPmo1XWIbG1phMnQeKRMYQyIlPB4o.jpeg\" width=\"555\" height=\"120\" loading=\"lazy\" class=\"wp-media-image\" alt=\"Klub \u015awiadomej Konsumentki\" data-lightbox=\"true\"\/> Klub \u015awiadomej Konsumentki \u00a9 WP Kobieta<\/p>\n","protected":false},"excerpt":{"rendered":"Po wielu latach milczenia Anna Nehrebecka wr\u00f3ci\u0142a do bolesnych wspomnie\u0144 zwi\u0105zanych z\u00a0odej\u015bciem z\u00a0kultowego serialu &#8222;Z\u0142otopolscy&#8221;. W\u00a0rozmowie z\u00a0Ann\u0105 Jurksztowicz&hellip;\n","protected":false},"author":2,"featured_media":177606,"comment_status":"","ping_status":"","sticky":false,"template":"","format":"standard","meta":{"footnotes":""},"categories":[22],"tags":[122,42,38,40,39,41,123],"class_list":{"0":"post-177605","1":"post","2":"type-post","3":"status-publish","4":"format-standard","5":"has-post-thumbnail","7":"category-rozrywka","8":"tag-entertainment","9":"tag-pl","10":"tag-poland","11":"tag-polish","12":"tag-polska","13":"tag-polski","14":"tag-rozrywka"},"share_on_mastodon":{"url":"https:\/\/pubeurope.com\/@pl\/115807424642053515","error":""},"_links":{"self":[{"href":"https:\/\/www.europesays.com\/pl\/wp-json\/wp\/v2\/posts\/177605","targetHints":{"allow":["GET"]}}],"collection":[{"href":"https:\/\/www.europesays.com\/pl\/wp-json\/wp\/v2\/posts"}],"about":[{"href":"https:\/\/www.europesays.com\/pl\/wp-json\/wp\/v2\/types\/post"}],"author":[{"embeddable":true,"href":"https:\/\/www.europesays.com\/pl\/wp-json\/wp\/v2\/users\/2"}],"replies":[{"embeddable":true,"href":"https:\/\/www.europesays.com\/pl\/wp-json\/wp\/v2\/comments?post=177605"}],"version-history":[{"count":0,"href":"https:\/\/www.europesays.com\/pl\/wp-json\/wp\/v2\/posts\/177605\/revisions"}],"wp:featuredmedia":[{"embeddable":true,"href":"https:\/\/www.europesays.com\/pl\/wp-json\/wp\/v2\/media\/177606"}],"wp:attachment":[{"href":"https:\/\/www.europesays.com\/pl\/wp-json\/wp\/v2\/media?parent=177605"}],"wp:term":[{"taxonomy":"category","embeddable":true,"href":"https:\/\/www.europesays.com\/pl\/wp-json\/wp\/v2\/categories?post=177605"},{"taxonomy":"post_tag","embeddable":true,"href":"https:\/\/www.europesays.com\/pl\/wp-json\/wp\/v2\/tags?post=177605"}],"curies":[{"name":"wp","href":"https:\/\/api.w.org\/{rel}","templated":true}]}}