{"id":177662,"date":"2025-12-30T08:24:09","date_gmt":"2025-12-30T08:24:09","guid":{"rendered":"https:\/\/www.europesays.com\/pl\/177662\/"},"modified":"2025-12-30T08:24:09","modified_gmt":"2025-12-30T08:24:09","slug":"doomsday-rola-dooma-w-4-zwiastunie-totalnym-zaskoczeniem","status":"publish","type":"post","link":"https:\/\/www.europesays.com\/pl\/177662\/","title":{"rendered":"Doomsday. Rola Dooma w 4. zwiastunie totalnym zaskoczeniem"},"content":{"rendered":"<p>UWAGA: TEKST ZAWIERA SPOILERY!<\/p>\n<p>\n\t\t\t\t\tUWAGA! TA TRE\u015a\u0106 TO PLOTKA, CZYLI MO\u017bE OKAZA\u0106 SI\u0118 PRAWD\u0104, ALE NIE MUSI.\n\t\t\t\t<\/p>\n<p>                    <img loading=\"lazy\" decoding=\"async\" width=\"800\" height=\"450\" alt=\"Doktor Doom - praca wygenerowana przez AI\" src=\"https:\/\/cdn1.naekranie.pl\/media%2Fcache%2Farticle-cover%2F2025%2F12%2Fdoom_69537daaeb6f9.webp\" class=\"cover-fit img-fluid exclude-from-sen-gallery\" style=\"aspect-ratio: 1.7777777777778\" onerror=\"this.onerror=null;this.src=\" https:=\"\"\/><\/p>\n<p>                            Marvel\/FandomWire<\/p>\n<p>To mo\u017ce by\u0107 niezwykle gor\u0105cy dzie\u0144 dla wszystkich czekaj\u0105cych na Avengers: Doomsday. Nie jest wykluczone, \u017ce dzi\u015b o godz. 15:00 polskiego czasu Marvel oficjalnie udost\u0119pni w sieci po\u015bwi\u0119cony postaci Thora, drugi &#8222;zwiastun&#8221; przysz\u0142orocznej produkcji. Na tym jednak nie koniec. Wiele wskazuje na to, \u017ce Dom Pomys\u0142\u00f3w rozes\u0142a\u0142 do najwa\u017cniejszych scooper\u00f3w oficjalne zdj\u0119cia z wyczekiwanego filmu MCU.\u00a0<\/p>\n<p>Raportuje o tym m.in. James Mack, kt\u00f3ry twierdzi, \u017ce pokazane mu materia\u0142y s\u0105 &#8222;jednymi z najpi\u0119kniejszych rzeczy, jakie kiedykolwiek widzia\u0142&#8221;. Zachwyci\u0142 go wygl\u0105d Dooma, zaskoczy\u0142a obecno\u015b\u0107 nieog\u0142oszonej wcze\u015bniej postaci, na jednym ze zdj\u0119\u0107 Jelena Bie\u0142owa pojawia si\u0119 z Gambitem, na innym Profesor X przebywa w s\u0142ynnej siedzibie X-Men\u00f3w. Sp\u00f3jrzcie sami (w galerii znajdziecie te\u017c prac\u0119 BossLogica, kt\u00f3ry postanowi\u0142 wyr\u00f3\u017cni\u0107 Cyklopa i jego moce &#8211; oczywi\u015bcie w ramach odpowiedzi na wyciek 3. &#8222;zwiastuna&#8221;):<\/p>\n<p>Zaskakuj\u0105cy opis 4. ze &#8222;zwiastun\u00f3w&#8221;<\/p>\n<p>Pojawiaj\u0105 si\u0119 te\u017c zupe\u0142nie zaskakuj\u0105ce doniesienia na temat roli Dooma w <a rel=\"nofollow noopener\" href=\"https:\/\/naekranie.pl\/filmy\/avengers-5\" title=\"Avengers: Doomsday\" data-pl-title=\"Avengers: Doomsday\" data-en-title=\"Avengers: Doomsday\" class=\"swap-title\" data-pl- data-en- target=\"_blank\">Avengers: Doomsday<\/a>. Wed\u0142ug scoopera MyTimeToShineHello &#8222;przez wi\u0119kszo\u015b\u0107 filmu ma on by\u0107 po stronie heros\u00f3w&#8221;. Scena po napisach z Fantastycznej 4 nabiera wi\u0119c innego kontekstu; z\u0142oczy\u0144ca, wbrew sugestii, najprawdopodobniej wcale nie chce porwa\u0107 Franklina Richardsa, lecz pr\u00f3buje wkupi\u0107 si\u0119 w \u0142aski Pierwszej Rodziny Marvela. To z kolei prowadzi nas do spekulacji o 4. &#8222;zwiastunie&#8221;, w kt\u00f3rym mamy zobaczy\u0107 w\u0142a\u015bnie Fantastyczn\u0105 Czw\u00f3rk\u0119 podr\u00f3\u017cuj\u0105c\u0105 w statku do Wakandy wraz z&#8230; Doomem.\u00a0<\/p>\n<p>Avengers: Doomsday, czyli &#8222;czego\u015b takiego jeszcze nie by\u0142o&#8221;<\/p>\n<p>Na deser zostaj\u0105 nam s\u0142owa ekranowego Lokiego, Toma Hiddlestona. Jest on wyra\u017anie zadowolony ze swojej roli w Doomsday:<\/p>\n<p>M\u00f3j wk\u0142ad jest istotny. To monumentalne widowisko. Sedno historii jest absolutnie genialne i by\u0142em ca\u0142kowicie zaskoczony, gdy przeczyta\u0142em scenariusz (b\u0105d\u017a tylko jego skupione na Lokim fragmenty &#8211; przyp. aut.). Czego\u015b takiego jeszcze nie by\u0142o. (&#8230;) Loki musia\u0142 pogodzi\u0107 si\u0119 z tym, co zrobi\u0142. To da\u0142o mu w\u0142adz\u0119 nad w\u0142asn\u0105 histori\u0105.\u00a0<\/p>\n<p>MCU &#8211; najbrutalniejsze sceny Kinowego Uniwersum Marvela<\/p>\n<p>Film Avengers: Doomsday ma zaplanowan\u0105 premier\u0119 w Polsce na 18 grudnia 2026 roku.\u00a0<\/p>\n<p>\u0179r\u00f3d\u0142o:<br \/>\n                                                    X\/James Mack\/MyTimeToShineHello\/comicbookmovie.com\n                                            <\/p>\n","protected":false},"excerpt":{"rendered":"UWAGA: TEKST ZAWIERA SPOILERY! UWAGA! TA TRE\u015a\u0106 TO PLOTKA, CZYLI MO\u017bE OKAZA\u0106 SI\u0118 PRAWD\u0104, ALE NIE MUSI. Marvel\/FandomWire&hellip;\n","protected":false},"author":2,"featured_media":177663,"comment_status":"","ping_status":"","sticky":false,"template":"","format":"standard","meta":{"footnotes":""},"categories":[22],"tags":[122,42,38,40,39,41,123],"class_list":{"0":"post-177662","1":"post","2":"type-post","3":"status-publish","4":"format-standard","5":"has-post-thumbnail","7":"category-rozrywka","8":"tag-entertainment","9":"tag-pl","10":"tag-poland","11":"tag-polish","12":"tag-polska","13":"tag-polski","14":"tag-rozrywka"},"share_on_mastodon":{"url":"https:\/\/pubeurope.com\/@pl\/115807562235364724","error":""},"_links":{"self":[{"href":"https:\/\/www.europesays.com\/pl\/wp-json\/wp\/v2\/posts\/177662","targetHints":{"allow":["GET"]}}],"collection":[{"href":"https:\/\/www.europesays.com\/pl\/wp-json\/wp\/v2\/posts"}],"about":[{"href":"https:\/\/www.europesays.com\/pl\/wp-json\/wp\/v2\/types\/post"}],"author":[{"embeddable":true,"href":"https:\/\/www.europesays.com\/pl\/wp-json\/wp\/v2\/users\/2"}],"replies":[{"embeddable":true,"href":"https:\/\/www.europesays.com\/pl\/wp-json\/wp\/v2\/comments?post=177662"}],"version-history":[{"count":0,"href":"https:\/\/www.europesays.com\/pl\/wp-json\/wp\/v2\/posts\/177662\/revisions"}],"wp:featuredmedia":[{"embeddable":true,"href":"https:\/\/www.europesays.com\/pl\/wp-json\/wp\/v2\/media\/177663"}],"wp:attachment":[{"href":"https:\/\/www.europesays.com\/pl\/wp-json\/wp\/v2\/media?parent=177662"}],"wp:term":[{"taxonomy":"category","embeddable":true,"href":"https:\/\/www.europesays.com\/pl\/wp-json\/wp\/v2\/categories?post=177662"},{"taxonomy":"post_tag","embeddable":true,"href":"https:\/\/www.europesays.com\/pl\/wp-json\/wp\/v2\/tags?post=177662"}],"curies":[{"name":"wp","href":"https:\/\/api.w.org\/{rel}","templated":true}]}}