{"id":177674,"date":"2025-12-30T08:31:16","date_gmt":"2025-12-30T08:31:16","guid":{"rendered":"https:\/\/www.europesays.com\/pl\/177674\/"},"modified":"2025-12-30T08:31:16","modified_gmt":"2025-12-30T08:31:16","slug":"kino-lwow-w-rekach-miasta-co-moze-powstac-w-zabytkowym-budynku-przy-hallera-zdjecia-wroclaw-pl","status":"publish","type":"post","link":"https:\/\/www.europesays.com\/pl\/177674\/","title":{"rendered":"Kino \u201eLw\u00f3w\u201d w r\u0119kach miasta. Co mo\u017ce powsta\u0107 w zabytkowym budynku przy Hallera? [ZDJ\u0118CIA] &#8211; wroclaw.pl"},"content":{"rendered":"<ol>\n<li><a href=\"https:\/\/news.google.com\/rss\/articles\/CBMimAFBVV95cUxONWI0N1JRVjcyMnhFZnZlUngwSnEwYVpzdW15SHBHWGhEbkVRQXF4bW82SzNJNHFrN3VMaGNjcHpHWUxiVkxwZWRhWlRCOE03T193SmlXdHRVU29tRUphZHNiNklLS0I3ZkxzdExabEdNUEVOT2Y3eGJYanNzOUZLMkd4NmRvT2wzTzNGQWF0MjV6YjdBam9BUQ?oc=5\" target=\"_blank\" rel=\"nofollow noopener\">Kino \u201eLw\u00f3w\u201d w r\u0119kach miasta. Co mo\u017ce powsta\u0107 w zabytkowym budynku przy Hallera? [ZDJ\u0118CIA]<\/a>&nbsp;&nbsp;wroclaw.pl<\/li>\n<li><a href=\"https:\/\/news.google.com\/rss\/articles\/CBMiuwFBVV95cUxNcmtrTl9udk5FMG1kSU51T0JhYV9oY0xSSm42dlFtYk1GOGRCRmROZzdRajFxeXJxaDVWVmJlcS12MGF4U3gwcl8tb3FwWVFvbjAyMFhGVFBvdmlXV2NvdW4td0hvd0ZUdTFQUzNKY3hEOU9GQmpjdDRYNjk3TFlkaUJqRE5ha1I5Xy1qUXBJZVFITzZqRUhoN2hXODdYY2VDVkgwS1NnVk9fR3FLZXJxRmd4cHhraFY3TE5v?oc=5\" target=\"_blank\" rel=\"nofollow noopener\">Od lo\u017cy Odd Fellows do kina Lw\u00f3w. Wroc\u0142aw kupi\u0142 budynek uznanego architekta<\/a>&nbsp;&nbsp;wroclaw.wyborcza.pl<\/li>\n<li><a href=\"https:\/\/news.google.com\/rss\/articles\/CBMilgFBVV95cUxOUDItblFrelhGUC1odzV5Q29FOVR5UElXV19TcWFpam5jTHpLdnhhZ1BDSTBJQ2lIWmdvR0xxMjh6Ujh5MzNjZXFiQk01eDNBNF9NclFwUkQ5dHlBMGlnRmt2eHRVazA2Ukk0Yjc0TlpMNDNycXY5S2FzS0NJZXE3ZEwyQ2pvNlg3cFlsTzdjWTVJUWtSbkE?oc=5\" target=\"_blank\" rel=\"nofollow noopener\">Ujawniono, ile Wroc\u0142aw zap\u0142aci\u0142 za budynek dawnego Kina \u201eLw\u00f3w\u201d<\/a>&nbsp;&nbsp;TVP Wroc\u0142aw<\/li>\n<li><a href=\"https:\/\/news.google.com\/rss\/articles\/CBMixAFBVV95cUxQb21fakE1ZTViTGM5Qk9nNkI0X2RDVjY3M0JrSWc0UFdhQVNha1FxRUxFVDc0d18wdFV0STJINWlrS0Y3b20xSlBMRURKMWVBbWxkV3E2dHpOUm9wU2w1WFk4RzZmSkE3SFZyZjVqbkJKeFBPM0NtTS1mVk1QRFdQaXNMc0twRDJpYzhBZ1ZGc2NNQXcxSEduc2xLOW56ckxTRW1BQWNYLVVUNUhTaVFOdXpnRDhiU3BUMTlWOWkxUVVKZlRt?oc=5\" target=\"_blank\" rel=\"nofollow noopener\">Dawne kino Lw\u00f3w odkupione przez miasto. Jacek Sutryk: Chc\u0119, by dalej nam s\u0142u\u017cy\u0142o<\/a>&nbsp;&nbsp;Radio Wroc\u0142aw<\/li>\n<li><a href=\"https:\/\/news.google.com\/rss\/articles\/CBMimAFBVV95cUxOTFA5LTJUR3RvTzBCZVNPSEZZR0dxd2tOY1Vtc1FyNkJvTmQxeDFiSlhSZzB3T1RJUDBtN3RPZ3ZKVXdTUVJodmNfaEVxWDlxaUtDVl8zZkdqMVY3Skc3VHJ3Vk9CZFpNNmxZYXUzeFhSRzJGUm1vRzA5a3FOY0xDbXMxNm85SU1HeGRkM3ZJYm5fOTI3M3Vrcw?oc=5\" target=\"_blank\" rel=\"nofollow noopener\">\u015awi\u0105teczny prezent Jacka Sutryka za 5 mln z\u0142otych dla wroc\u0142awian<\/a>&nbsp;&nbsp;Wroc\u0142awskie Fakty<\/li>\n<\/ol>\n","protected":false},"excerpt":{"rendered":"Kino \u201eLw\u00f3w\u201d w r\u0119kach miasta. Co mo\u017ce powsta\u0107 w zabytkowym budynku przy Hallera? [ZDJ\u0118CIA]&nbsp;&nbsp;wroclaw.pl Od lo\u017cy Odd Fellows&hellip;\n","protected":false},"author":2,"featured_media":78377,"comment_status":"","ping_status":"","sticky":false,"template":"","format":"standard","meta":{"footnotes":""},"categories":[22],"tags":[122,42,38,40,39,41,123],"class_list":{"0":"post-177674","1":"post","2":"type-post","3":"status-publish","4":"format-standard","5":"has-post-thumbnail","7":"category-rozrywka","8":"tag-entertainment","9":"tag-pl","10":"tag-poland","11":"tag-polish","12":"tag-polska","13":"tag-polski","14":"tag-rozrywka"},"share_on_mastodon":{"url":"https:\/\/pubeurope.com\/@pl\/115807589793367262","error":""},"_links":{"self":[{"href":"https:\/\/www.europesays.com\/pl\/wp-json\/wp\/v2\/posts\/177674","targetHints":{"allow":["GET"]}}],"collection":[{"href":"https:\/\/www.europesays.com\/pl\/wp-json\/wp\/v2\/posts"}],"about":[{"href":"https:\/\/www.europesays.com\/pl\/wp-json\/wp\/v2\/types\/post"}],"author":[{"embeddable":true,"href":"https:\/\/www.europesays.com\/pl\/wp-json\/wp\/v2\/users\/2"}],"replies":[{"embeddable":true,"href":"https:\/\/www.europesays.com\/pl\/wp-json\/wp\/v2\/comments?post=177674"}],"version-history":[{"count":0,"href":"https:\/\/www.europesays.com\/pl\/wp-json\/wp\/v2\/posts\/177674\/revisions"}],"wp:featuredmedia":[{"embeddable":true,"href":"https:\/\/www.europesays.com\/pl\/wp-json\/wp\/v2\/media\/78377"}],"wp:attachment":[{"href":"https:\/\/www.europesays.com\/pl\/wp-json\/wp\/v2\/media?parent=177674"}],"wp:term":[{"taxonomy":"category","embeddable":true,"href":"https:\/\/www.europesays.com\/pl\/wp-json\/wp\/v2\/categories?post=177674"},{"taxonomy":"post_tag","embeddable":true,"href":"https:\/\/www.europesays.com\/pl\/wp-json\/wp\/v2\/tags?post=177674"}],"curies":[{"name":"wp","href":"https:\/\/api.w.org\/{rel}","templated":true}]}}