{"id":177694,"date":"2025-12-30T08:44:07","date_gmt":"2025-12-30T08:44:07","guid":{"rendered":"https:\/\/www.europesays.com\/pl\/177694\/"},"modified":"2025-12-30T08:44:07","modified_gmt":"2025-12-30T08:44:07","slug":"ranking-wplywowych-ludzi-w-zuzlu-miliony-nie-pomogly-jest-nowy-wladca-i-reakcja-politykow","status":"publish","type":"post","link":"https:\/\/www.europesays.com\/pl\/177694\/","title":{"rendered":"Ranking wp\u0142ywowych ludzi w \u017cu\u017clu. Miliony nie pomog\u0142y. Jest nowy &#8222;w\u0142adca&#8221; i reakcja polityk\u00f3w"},"content":{"rendered":"\n<p class=\"contentpart contentpart--default contentpart--text\" data-position=\"0\">Cho\u0107 prezesi klub\u00f3w mog\u0105 z \u017calem wspomina\u0107 czasy, gdy pieni\u0105dze z pa\u0144stwowych sp\u00f3\u0142ek p\u0142yn\u0119\u0142y do \u017cu\u017cla wartkim strumienie\u0144, to jednak nale\u017cy si\u0119 cieszy\u0107 z chwili spokoju, gdy jedna z popularniejszych dyscyplin w naszym kraju przesta\u0142a by\u0107 wykorzystywana jako element walki o poparcie wyborcze. Mimo to zdecydowana wi\u0119kszo\u015b\u0107 klub\u00f3w zanotowa\u0142a wyra\u017any wzrost przychod\u00f3w, a nadchodz\u0105cym kryzysem raczej nikt si\u0119 nie przejmuje.<\/p>\n<p class=\"contentpart contentpart--default contentpart--text\" data-position=\"1\">W naszym rankingu dosz\u0142o do zmiany na pozycji lidera i nie jest ona przypadkowa. Po latach dominacji prezesa PGE Ekstraligi Wojciecha St\u0119pniewskiego, w ko\u0144cu znalaz\u0142 si\u0119 kto\u015b, kogo s\u0142owa i decyzje maj\u0105 jeszcze wi\u0119ksze znaczenie dla dyscypliny.\u00a0<br \/>Ranking za miejsca 20-11 (<a href=\"https:\/\/sportowefakty.wp.pl\/zuzel\/1226340\/ranking-najbardziej-wplywowych-osob-w-polskim-zuzlu-pieciu-debiutantow-jeden-cza\" rel=\"nofollow noopener\" target=\"_blank\">uzasadnienia przeczytasz TUTAJ)<\/a>: <\/p>\n<p> <img role=\"presentation\" src=\"https:\/\/std.wpcdn.pl\/images\/adv\/placeholder_wp.svg\" loading=\"lazy\" alt=\"\" decoding=\"async\"\/>  <\/p>\n<p class=\"contentpart contentpart--default contentpart--text\" data-position=\"2\">20. Krzysztof Kasprzak (ekspert Canal+);\u00a019. Jerzy Kanclerz (w\u0142a\u015bciciel Abramczyk Polonii Bydgoszcz);\u00a018. Bart\u0142omiej Januszka (w\u0142a\u015bciciel Krono-Plastu W\u0142\u00f3kniarza Cz\u0119stochowa);\u00a017. Wiktor Przyjemski (zawodnik Abramczyk Polonii Bydgoszcz);\u00a016. Piotr Protasiewicz (dyrektor sportowy i trener Betard Sparty Wroc\u0142aw);\u00a015. Patryk Miros\u0142awski (dyrektor operacyjny i szef redakcji Eleven Sports);\u00a014. Piotr Baron (trener PRES Grupy Deweloperskiej Toru\u0144);\u00a013. Maciej Glazik (szef redakcji \u017cu\u017clowej Canal+);\u00a012. Leszek Demski (szef s\u0119dzi\u00f3w, cz\u0142onek GKS\u017b);\u00a011. Stanis\u0142aw Chomski (trener reprezentacji Polski)<br \/>10. miejsce &#8211; <a href=\"https:\/\/sportowefakty.wp.pl\/zuzel\/stanislaw-bienkowski\" rel=\"nofollow noopener\" target=\"_blank\">Stanis\u0142aw Bie\u0144kowski<\/a>\u00a0(by\u0142y w\u0142a\u015bciciel <a href=\"https:\/\/sportowefakty.wp.pl\/zuzel\/novyhotel-falubaz-zielona-gora\" rel=\"nofollow noopener\" target=\"_blank\">Stelmet Falubazu Zielona G\u00f3ra<\/a>, debiut w rankingu)<\/p>\n<p class=\"contentpart contentpart--default contentpart--text\" data-position=\"3\">W trakcie tego roku miliarder oficjalnie pozby\u0142 si\u0119 wszystkich udzia\u0142\u00f3w Falubazu, ale jednocze\u015bnie zdecydowa\u0142, \u017ce b\u0119dzie dalej wspiera\u0142 klub jako sponsor tytularny. Ca\u0142a sytuacja wydaje si\u0119 gr\u0105 biznesmena, kt\u00f3ra ma na celu zwi\u0119kszy\u0107 zaanga\u017cowanie miasta we wspierania \u017cu\u017cla. Obecnie wi\u0119kszo\u015bciowy pakiet akcji klubu kontroluje Adam Goli\u0144ski, czyli bardzo bliski wsp\u00f3\u0142pracownik Bie\u0144kowskiego i jest pewne, \u017ce nie zrobi niczego bez jego zgody. W minionym roku miliarder op\u0142aca\u0142 kontrakt Leona Madsena i Damiana Ratajczaka i to on musia\u0142 wyrazi\u0107 zgod\u0119 na wykupienie juniora z Fogo Unii Leszno za ponad 700 tysi\u0119cy z\u0142otych. Bez jego decyzji nie by\u0142oby te\u017c hitowego transferu Dominika Kubery. Wydaje si\u0119, \u017ce obecnie to w\u0142a\u015bnie od niego jednoosobowo zale\u017cy przysz\u0142o\u015b\u0107 \u017cu\u017cla w Zielonej G\u00f3rze, a je\u015bli tylko b\u0119dzie chcia\u0142, to Falubaz szybko mo\u017ce w\u0142\u0105czy\u0107 si\u0119 do walki o mistrzostwo Polski. W tym roku wyda\u0142 na klub pi\u0119\u0107 milion\u00f3w z\u0142otych, co czyni go jednym z najwi\u0119kszych sponsor\u00f3w tej dyscypliny na \u015bwiecie.<br \/>9. miejsce &#8211;\u00a0<a href=\"https:\/\/sportowefakty.wp.pl\/zuzel\/krzysztof-cegielski\" rel=\"nofollow noopener\" target=\"_blank\">Krzysztof Cegielski<\/a>\u00a0(szef stowarzyszenia \u017cu\u017clowc\u00f3w &#8222;Metanol&#8221;, spadek z 7. miejsca)<\/p>\n<p> <img role=\"presentation\" src=\"https:\/\/std.wpcdn.pl\/images\/adv\/placeholder_wp.svg\" loading=\"lazy\" alt=\"\" decoding=\"async\"\/>  <\/p>\n<p class=\"contentpart contentpart--default contentpart--text\" data-position=\"4\">Jako przedstawiciel \u017cu\u017clowc\u00f3w potrafi skutecznie walczy\u0107 o ich prawa. Udowodni\u0142 to ju\u017c przed startem sezonu 2025, kiedy dosz\u0142o do koszmarnego wypadku Taia Woffindena w Kro\u015bnie. To w\u0142a\u015bnie Krzysztof Cegielski wraz z Januszem Ko\u0142odziejem najg\u0142o\u015bniej podnosili temat nieprawid\u0142owego monta\u017cu dmuchanych band, co doprowadzi\u0142o do ponownych odbior\u00f3w tor\u00f3w i poprawy bezpiecze\u0144stwa na polskich stadionach.<\/p>\n<p class=\"contentpart contentpart--default contentpart--text\" data-position=\"5\">Obecnie \u017cadna ze spraw, kt\u00f3ra dotyczy zawodnik\u00f3w, nie odbywa si\u0119 bez jego udzia\u0142u. To mi\u0119dzy innymi wieloletnie starania Cegielskiego doprowadzi\u0142y do likwidacji regulaminu finansowego. Od tej pory zdecydowana wi\u0119kszo\u015b\u0107 um\u00f3w, kt\u00f3re zawieraj\u0105 \u017cu\u017clowcy, podpada pod proces licencyjny. Szef \u201cMetanolu\u201d skutecznie odpiera r\u00f3wnie\u017c wszystkie pomys\u0142y ograniczaj\u0105ce ich zarobki czy powierzchnie reklamowe.<\/p>\n<p class=\"contentpart contentpart--default contentpart--text\" data-position=\"6\">Poza tym ka\u017cdy powa\u017cnie kontuzjowany zawodnik mo\u017ce liczy\u0107 na jego pomoc. W ostatnich miesi\u0105cach na w\u0142asnej sk\u00f3rze m\u00f3g\u0142 przekona\u0107 si\u0119 o tym zw\u0142aszcza Daniel Kaczmarek. To w\u0142a\u015bnie Cegielski mocno przyczyni\u0142 si\u0119 do pokrycia koszt\u00f3w jego rehabilitacji.<\/p>\n<p> <img role=\"presentation\" src=\"https:\/\/std.wpcdn.pl\/images\/adv\/placeholder_wp.svg\" loading=\"lazy\" alt=\"\" decoding=\"async\"\/>  <\/p>\n<p class=\"contentpart contentpart--default contentpart--text\" data-position=\"7\">8. miejsce &#8211; <a href=\"https:\/\/sportowefakty.wp.pl\/zuzel\/ryszard-kowalski-2\" rel=\"nofollow noopener\" target=\"_blank\">Ryszard Kowalski<\/a>\u00a0(czo\u0142owy tuner \u015bwiata, powr\u00f3t do rankingu po przerwie)<\/p>\n<p class=\"contentpart contentpart--default contentpart--text\" data-position=\"8\">Tym razem <a href=\"https:\/\/sportowefakty.wp.pl\/zuzel\/bartosz-zmarzlik\" rel=\"nofollow noopener\" target=\"_blank\">Bartosz Zmarzlik<\/a>\u00a0nie mia\u0142 powod\u00f3w, by my\u015ble\u0107 o zmianie dostawcy sprz\u0119tu, a ju\u017c samo to nale\u017cy uzna\u0107 za spory sukces warsztatu RK Racingu i symbol tego, \u017ce po kilku s\u0142abszych sezonach, sytuacja zaczyna wraca\u0107 do normy. \u017bu\u017clowe\u00a0imperium rodziny Kowalskich zmniejszy\u0142o si\u0119 w ostatnich latach do\u015b\u0107 radykalnie, a obecnie to nie oni rozdaj\u0105 karty w \u015bwiatowym \u017cu\u017clu. W tym roku nieco odbudowali jednak swoj\u0105 pozycj\u0119 w \u015bwiatowym \u017cu\u017clu, a poza Zmarzlikiem dobr\u0105 reklam\u0119 robili im Artiom \u0141aguta, Wiktor Przyjemski, Jack Holder, czy Maksym Drabik. Mo\u017cna by\u0107 pewnym, \u017ce przysz\u0142oroczna rywalizacja Ryszarda i Daniela Kowalskich z Ashley&#8217;em Holloway&#8217;em zapowiada si\u0119 wybornie.<\/p>\n<p class=\"contentpart contentpart--default contentpart--text\" data-position=\"9\">7. miejsce &#8211; <a href=\"https:\/\/sportowefakty.wp.pl\/moto\/michal-sikora\" rel=\"nofollow noopener\" target=\"_blank\">Micha\u0142 Sikora<\/a>\u00a0(prezes PZM, spadek z 3. miejsca)<\/p>\n<p class=\"contentpart contentpart--default contentpart--text\" data-position=\"10\">Ostatecznie dzia\u0142acz uleg\u0142 presji i tuz przed startem tego sezonu zaakceptowa\u0142 wprowadzenie przepisu o zagranicznym juniorze. Trudno uzna\u0107 to za konsekwentne dzia\u0142anie, bo przecie\u017c dwa lata wcze\u015bniej PZM uparcie broni\u0142 absurdalnych kar za problemy kilku klub\u00f3w z wype\u0142nieniem regulaminu szkolenia. Konsekwencji nie mo\u017cna mu jednak odm\u00f3wi\u0107 w kwestii Rosjan z polskimi paszportami, czego najlepszym dowodem jest deklaracja nowego trenera reprezentacji Polski, \u017ce Artiom \u0141aguta i Emil Sajfutdinow nie otrzymaj\u0105 powo\u0142ania do polskiej kadry, nawet gdyby formalnie mogli wyst\u0119powa\u0107 w finale DP\u015a w naszej dru\u017cynie.<\/p>\n<p> <img role=\"presentation\" src=\"https:\/\/std.wpcdn.pl\/images\/adv\/placeholder_wp.svg\" loading=\"lazy\" alt=\"\" decoding=\"async\"\/>  <\/p>\n<p class=\"contentpart contentpart--default contentpart--text\" data-position=\"11\">Na plus dla Sikory trzeba te\u017c powiedzie\u0107, \u017ce po awanturze z wyrzuceniem Macieja Janowskiego z kadry, to w\u0142a\u015bnie on stara\u0142 si\u0119 by\u0107 mediatorem i ostatecznie wskaza\u0142 rozwi\u0105zanie sytuacji, kt\u00f3re pozwoli\u0142o obu stronom zapomnie\u0107 o wstydliwej sytuacji.<\/p>\n<p class=\"contentpart contentpart--default contentpart--text\" data-position=\"12\">6. miejsce &#8211; <a href=\"https:\/\/sportowefakty.wp.pl\/zuzel\/ashley-holloway\" rel=\"nofollow noopener\" target=\"_blank\">Ashley Holloway<\/a>\u00a0(czo\u0142owy tuner \u015bwiata, powr\u00f3t do rankingu po przerwie)<\/p>\n<p class=\"contentpart contentpart--default contentpart--text\" data-position=\"13\">Cho\u0107\u00a0<a href=\"https:\/\/sportowefakty.wp.pl\/zuzel\/brady-kurtz\" rel=\"nofollow noopener\" target=\"_blank\">Brady Kurtz<\/a>\u00a0nie zdoby\u0142 tytu\u0142u mistrza \u015bwiata, to po tym sezonie uzasadnione jest nazwanie Holloway&#8217;a najlepszym \u017cu\u017clowym tunerem \u015bwiata. Jego sprz\u0119t mia\u0142 gigantyczny wp\u0142yw na eksplozj\u0119 formy Kurtza, Patryka Dudka, Mikkela Michelsena, czy Piotra Pawlickiego. Nie ma wi\u0119c przypadku, \u017ce w przysz\u0142ym roku to w\u0142a\u015bnie klienci Ash-Tech b\u0119d\u0105 stanowili w Grand Prix zdecydowan\u0105 wi\u0119kszo\u015b\u0107 (b\u0119dzie mia\u0142 sze\u015bciu podopiecznych w gronie sta\u0142ych uczestnik\u00f3w). Co wa\u017cne, Holloway ca\u0142y czas utrzymuje tendencje wzrostow\u0105, a je\u015bli jaki\u015b zawodnik ma problemy z form\u0105, to mo\u017cna by\u0107 niemal pewnym, \u017ce wkr\u00f3tce w ramie jego motocykla pojawi\u0105 si\u0119 silniki w\u0142a\u015bnie od Holloway&#8217;a, bo to on sta\u0142 si\u0119 najbardziej popularnym specjalist\u0105 w \u017cu\u017clowym \u015brodowisku. Tunerowi nale\u017cy si\u0119 te\u017c szacunek, \u017ce mimo niech\u0119ci wi\u0119kszo\u015bci zawodnik\u00f3w ca\u0142y czas stara si\u0119 pcha\u0107 \u017cu\u017cel w kierunku nowych technologii, dzi\u0119ki czemu jego klienci &#8211; je\u015bli tylko chc\u0105 &#8211; mog\u0105 sprawdza\u0107 prac\u0119 silnika na laptopach.<\/p>\n<p> <img role=\"presentation\" src=\"https:\/\/std.wpcdn.pl\/images\/adv\/placeholder_wp.svg\" loading=\"lazy\" alt=\"\" decoding=\"async\"\/>  <\/p>\n<p class=\"contentpart contentpart--default contentpart--text\" data-position=\"14\">5. miejsce &#8211; <a href=\"https:\/\/sportowefakty.wp.pl\/zuzel\/przemyslaw-terminski\" rel=\"nofollow noopener\" target=\"_blank\">Przemys\u0142aw Termi\u0144ski<\/a>\u00a0(w\u0142a\u015bciciel <a href=\"https:\/\/sportowefakty.wp.pl\/zuzel\/pres-grupa-deweloperska-torun\" rel=\"nofollow noopener\" target=\"_blank\">PRES Grupy Deweloperskiej Toru\u0144<\/a>, awans z 6. miejsca)<\/p>\n<p class=\"contentpart contentpart--default contentpart--text\" data-position=\"15\">Zbudowa\u0142 pot\u0119g\u0119 bez praktycznie \u017cadnego wsparcia sp\u00f3\u0142ek Skarbu Pa\u0144stwa i udowodni\u0142, \u017ce potrafi wyci\u0105ga\u0107 wnioski. Jeszcze w 2019 roku torunianie w fatalnym stylu spadli w PGE Ekstraligi, a du\u017cy udzia\u0142 mia\u0142 w tym w\u0142a\u015bnie Termi\u0144ski, kt\u00f3ry k\u0142\u00f3ci\u0142 si\u0119 z zawodnikami i tworzy\u0142 wok\u00f3\u0142 klubu nieprzyjemn\u0105 atmosfer\u0119. Obecnie w Toruniu chcia\u0142by je\u017adzi\u0107 praktycznie ka\u017cdy zawodnik z PGE Ekstraligi, a rozmowy transferowe przeprowadzane s\u0105 w b\u0142yskawicznym tempie. Klub ju\u017c w tym roku przekroczy\u0142 30 mln z\u0142otych bud\u017cetu, a za rok ich bud\u017cet mo\u017ce by\u0107 nawet o kilka milion\u00f3w wi\u0119kszy. Coraz cz\u0119\u015bciej pomys\u0142y Termi\u0144skiego zyskuj\u0105 tak\u017ce poparcie innych klub\u00f3w. Tak by\u0142o cho\u0107by z postulatem likwidacji Ekstraligi U24, bo cho\u0107 rozgrywki ostatecznie pozosta\u0142y w kalendarzu, to jednak w znacznie okrojonej formule. Biznesmen jest obecnie najbardziej autentyczny w walce o zmniejszenie koszt\u00f3w w \u017cu\u017clu. Jego pozycja jest na tyle wysoka, \u017ce je\u015bli tylko w\u0142\u0105czy si\u0119 w jak\u0105\u015b akcj\u0119, to mo\u017cna by\u0107 niemal pewnym, \u017ce zako\u0144czy si\u0119 ona powodzeniem. Bardzo mocno popiera\u0142 cho\u0107by wprowadzenie zagranicznego juniora, jest zwolennikiem wyp\u0142acania dodatkowych pieni\u0119dzy za punkty wychowank\u00f3w i deklaruje, \u017ce poprze ka\u017cd\u0105 inicjatyw\u0119 maj\u0105c\u0105 znie\u015b\u0107 regulacje ograniczaj\u0105ce swobod\u0119 przy budowie dru\u017cyny.<\/p>\n<p class=\"contentpart contentpart--default contentpart--text\" data-position=\"16\">4. miejsce &#8211;\u00a0<a href=\"https:\/\/sportowefakty.wp.pl\/zuzel\/jakub-kepa\" rel=\"nofollow noopener\" target=\"_blank\">Jakub K\u0119pa<\/a>\u00a0(prezes <a href=\"https:\/\/sportowefakty.wp.pl\/zuzel\/orlen-oil-motor-lublin\" rel=\"nofollow noopener\" target=\"_blank\">Orlen Oil Motoru Lublin<\/a>, miejsce w ranking bez zmian)<\/p>\n<p class=\"contentpart contentpart--default contentpart--text\" data-position=\"17\">W 2025 roku dosz\u0142o do zako\u0144czenia dominacji Orlen Oil Motoru w PGE Ekstralidze. Zesp\u00f3\u0142 straci\u0142 tak\u017ce trzy swoje gwiazdy, bo na zmian\u0119 barw zdecydowali si\u0119 Wiktor Przyjemski, Dominik Kubera i Jack Holder. Nie zmienia to jednak faktu, \u017ce lublinianie ci\u0105gle zaliczaj\u0105 si\u0119 do \u015bcis\u0142ej ligowej czo\u0142\u00f3wki i w przysz\u0142ym roku b\u0119d\u0105 jednym z g\u0142\u00f3wnych kandydat\u00f3w do medali. Motor jest te\u017c w dalszym w ci\u0105gu \u015bwietnym p\u0142atnikiem i ma drugi najwy\u017cszy bud\u017cet w lidze, ust\u0119puj\u0105c pod tym wzgl\u0119dem jedynie Betard Sparcie. Nie ulega jednak w\u0105tpliwo\u015bci, \u017ce klub czeka trudniejszy czas, bo w 2027 roku lublinianie b\u0119d\u0105 musieli startowa\u0107 w innym mie\u015bcie ze wzgl\u0119du na modernizacj\u0119 swojego obiektu. Poza tym wyzwaniem b\u0119dzie zatrzymania Bartosza Zmarzlika, o kt\u00f3rego mocniej zabiega ekipa z Wroc\u0142awia.<\/p>\n<p class=\"contentpart contentpart--default contentpart--text\" data-position=\"18\">3. miejsce &#8211; <a href=\"https:\/\/sportowefakty.wp.pl\/zuzel\/andrzej-rusko\" rel=\"nofollow noopener\" target=\"_blank\">Andrzej Rusko<\/a>\u00a0(prezes <a href=\"https:\/\/sportowefakty.wp.pl\/zuzel\/wts-wroclaw\" rel=\"nofollow noopener\" target=\"_blank\">Betard Sparty Wroc\u0142aw<\/a>, spadek z 2. miejsca)<\/p>\n<p class=\"contentpart contentpart--default contentpart--text\" data-position=\"19\">Szef wroc\u0142awskiego klubu wzbudza kontrowersje, ale nie mo\u017cna odm\u00f3wi\u0107 mu skuteczno\u015bci w zarz\u0105dzaniu klubem, kt\u00f3ry ca\u0142y czas jest maszynk\u0105 do zarabiania wielkich pieni\u0119dzy. Z opublikowanego niedawno raportu finansowego za rok 2024 wynika, \u017ce Sparta zako\u0144czy\u0142a rok obrachunkowy z zyskiem&#8230; 7,1 mln z\u0142otych. A wszystko przy ca\u0142kowitym bud\u017cecie 36,7 mln z\u0142otych!<\/p>\n<p class=\"contentpart contentpart--default contentpart--text\" data-position=\"20\">Nawet w bardziej popularnych dyscyplinach trudno szuka\u0107 drugiego takiego przypadku. Sparta jest obecnie najbardziej stabilnym o\u015brodkiem \u017cu\u017clowym, a finansowanie gwarantuje jej wsparcie wielu sponsor\u00f3w i wype\u0142niony po brzegi nowoczesny stadion. Nic dziwnego, \u017ce klub ma wielkie aspiracje i obecnie mocno zabiega o transfer sze\u015bciokrotnego mistrza \u015bwiata Bartosza Zmarzlika.<\/p>\n<p class=\"contentpart contentpart--default contentpart--text\" data-position=\"21\">2. miejsce &#8211; <a href=\"https:\/\/sportowefakty.wp.pl\/zuzel\/wojciech-stepniewski\" rel=\"nofollow noopener\" target=\"_blank\">Wojciech St\u0119pniewski<\/a>\u00a0(prezes PGE Ekstraligi, spadek z 1. miejsca)<\/p>\n<p class=\"contentpart contentpart--default contentpart--text\" data-position=\"22\">Ostatnie lata w polskim \u017cu\u017clu nale\u017ca\u0142y do niego, a przez 13 lat na stanowisku prezesa PGE Ekstraligi dokona\u0142 niemo\u017cliwego, czyli podwy\u017cszy\u0142 warto\u015b\u0107 kontraktu telewizyjnego z zera do 71,5 mln z\u0142otych rocznie. To wszystko da\u0142o mu tak\u0105 pozycj\u0119, \u017ce dzi\u015b trudno sobie wyobrazi\u0107, by w polskim \u017cu\u017clu jaka\u015b decyzja mog\u0142a zosta\u0107 podj\u0119ta wbrew niemu. W tym roku jednak spektakularnych sukces\u00f3w zabrak\u0142o, a sami dzia\u0142acze wys\u0142ali wyra\u017any sygna\u0142 do \u015brodowiska, \u017ce z\u0142ote czasy dla \u017cu\u017cla powoli mog\u0105 si\u0119 ko\u0144czy\u0107. Trudno bowiem inaczej interpretowa\u0107 decyzj\u0119 o corocznym mro\u017ceniu 10 mln z\u0142otych &#8222;nadwy\u017cki&#8221; z nowego kontraktu telewizyjnego.<\/p>\n<p class=\"contentpart contentpart--default contentpart--text\" data-position=\"23\">Jako prezes PGE Ekstraligi wci\u0105\u017c nie znalaz\u0142 sposobu na zatrzymanie wzrastaj\u0105cych wynagrodze\u0144 dla zawodnik\u00f3w i zwi\u0105zanych z nich problem\u00f3w finansowych niekt\u00f3rych klub\u00f3w. Przynajmniej na razie nie ma tak\u017ce pomys\u0142\u00f3w na to, jak rozszerzy\u0107 rozgrywki najlepszej \u017cu\u017clowej ligi \u015bwiata o kolejne dwie dru\u017cyny, co jeszcze bardziej zwi\u0119kszy\u0142oby widowiskowo\u015b\u0107 rozgrywek. Po wycofaniu si\u0119 Eleven Sports z pokazywania \u017cu\u017cla, St\u0119pniewski musi tak\u017ce na nowo &#8222;wykreowa\u0107&#8221; rywala Canal+ w walce o prawa telewizyjne. Mowa co prawda dopiero o roku 2029, ale pierwsze negocjacje rusz\u0105 w tej sprawie zapewne ju\u017c w 2027 roku. Te trzy wyzwania b\u0119d\u0105 kluczowe dla oceny kolejnego roku jego rz\u0105d\u00f3w w PGE Ekstralidze i polskim \u017cu\u017clu.<\/p>\n<p class=\"contentpart contentpart--default contentpart--text\" data-position=\"24\">1. miejsce &#8211;\u00a0<a href=\"https:\/\/sportowefakty.wp.pl\/zuzel\/bartosz-zmarzlik\" rel=\"nofollow noopener\" target=\"_blank\">Bartosz Zmarzlik<\/a>\u00a0(sze\u015bciokrotny mistrza \u015bwiata, zawodnik Orlen Oil Motoru Lublin, awans z 5. miejsca)<\/p>\n<p class=\"contentpart contentpart--default contentpart--text\" data-position=\"25\">W tym roku zdoby\u0142 sz\u00f3sty tytu\u0142 mistrzowski i wyr\u00f3wna\u0142 rekord Ivana Maugera i Tony\u2019ego Rickardssona. Jego rywalizacja o z\u0142oto z Bradym Kurtzem rozgrza\u0142a kibic\u00f3w do czerwono\u015bci, bo rozstrzygn\u0119\u0142a si\u0119 dopiero w ostatnim wy\u015bcigu cyklu Grand Prix. Zmarzlik kolejny raz udowodni\u0142, \u017ce ma niesamowit\u0105 odporno\u015b\u0107 psychiczn\u0105 i stan\u0105\u0142 na wysoko\u015bci zadania w najwa\u017cniejszym momencie, a to przecie\u017c cecha najwi\u0119kszych sportowc\u00f3w.<\/p>\n<p class=\"contentpart contentpart--default contentpart--text\" data-position=\"26\">Poza tym mo\u017cna zauwa\u017cy\u0107 wa\u017cn\u0105 zmian\u0119 w jego zachowaniu poza torem. Wcze\u015bniej mistrz rzadko zabiera\u0142 g\u0142os w kluczowych kwestiach, bo wola\u0142 unika\u0107 kontrowersji. Tym razem by\u0142o inaczej, o czym mo\u017cna by\u0142o przekona\u0107 si\u0119 przy okazji zgrupowania \u017bu\u017clowej Reprezentacji Polski na Malcie, kiedy z kadry zosta\u0142 wyrzucony Maciej Janowski. Zmarzlik wstawi\u0142 si\u0119 wtedy za swoim koleg\u0105 i pr\u00f3bowa\u0142 przekona\u0107 prezesa Micha\u0142a Sikor\u0119 do zmiany stanowiska.<\/p>\n<p class=\"contentpart contentpart--default contentpart--text\" data-position=\"27\">Warto r\u00f3wnie\u017c zauwa\u017cy\u0107, ile emocje wzbudza jego przysz\u0142o\u015b\u0107 w polskiej lidze. Zmarzlik ma umow\u0119 z Orlen Oil Motorem tylko na sezon 2026, a mocno zabiega o niego najbogatszy polski klub Betard Sparta Wroc\u0142aw. Jego nowy kontrakt na 2027 rok mo\u017ce by\u0107 najwy\u017cszym w historii polskiego \u017cu\u017cla, a decyzja mistrza \u015bwiata okaza\u0107 si\u0119 kluczowa dla uk\u0142adu si\u0142 w PGE Ekstralidze.<\/p>\n<p class=\"contentpart contentpart--default contentpart--text\" data-position=\"28\">Ranking przygotowali Jaros\u0142aw Galewski i Mateusz Puka<\/p>\n","protected":false},"excerpt":{"rendered":"Cho\u0107 prezesi klub\u00f3w mog\u0105 z \u017calem wspomina\u0107 czasy, gdy pieni\u0105dze z pa\u0144stwowych sp\u00f3\u0142ek p\u0142yn\u0119\u0142y do \u017cu\u017cla wartkim strumienie\u0144,&hellip;\n","protected":false},"author":2,"featured_media":177695,"comment_status":"","ping_status":"","sticky":false,"template":"","format":"standard","meta":{"footnotes":""},"categories":[24],"tags":[3969,780,2850,7313,9414,2164,42,38,40,39,41,127,126,174],"class_list":{"0":"post-177694","1":"post","2":"type-post","3":"status-publish","4":"format-standard","5":"has-post-thumbnail","7":"category-sport","8":"tag-andrzej-rusko","9":"tag-bartosz-zmarzlik","10":"tag-betard-sparta-wroclaw","11":"tag-jakub-kepa","12":"tag-krzysztof-cegielski","13":"tag-orlen-oil-motor-lublin","14":"tag-pl","15":"tag-poland","16":"tag-polish","17":"tag-polska","18":"tag-polski","19":"tag-sport","20":"tag-sports","21":"tag-zuzel"},"share_on_mastodon":{"url":"https:\/\/pubeurope.com\/@pl\/115807640849570336","error":""},"_links":{"self":[{"href":"https:\/\/www.europesays.com\/pl\/wp-json\/wp\/v2\/posts\/177694","targetHints":{"allow":["GET"]}}],"collection":[{"href":"https:\/\/www.europesays.com\/pl\/wp-json\/wp\/v2\/posts"}],"about":[{"href":"https:\/\/www.europesays.com\/pl\/wp-json\/wp\/v2\/types\/post"}],"author":[{"embeddable":true,"href":"https:\/\/www.europesays.com\/pl\/wp-json\/wp\/v2\/users\/2"}],"replies":[{"embeddable":true,"href":"https:\/\/www.europesays.com\/pl\/wp-json\/wp\/v2\/comments?post=177694"}],"version-history":[{"count":0,"href":"https:\/\/www.europesays.com\/pl\/wp-json\/wp\/v2\/posts\/177694\/revisions"}],"wp:featuredmedia":[{"embeddable":true,"href":"https:\/\/www.europesays.com\/pl\/wp-json\/wp\/v2\/media\/177695"}],"wp:attachment":[{"href":"https:\/\/www.europesays.com\/pl\/wp-json\/wp\/v2\/media?parent=177694"}],"wp:term":[{"taxonomy":"category","embeddable":true,"href":"https:\/\/www.europesays.com\/pl\/wp-json\/wp\/v2\/categories?post=177694"},{"taxonomy":"post_tag","embeddable":true,"href":"https:\/\/www.europesays.com\/pl\/wp-json\/wp\/v2\/tags?post=177694"}],"curies":[{"name":"wp","href":"https:\/\/api.w.org\/{rel}","templated":true}]}}