{"id":177700,"date":"2025-12-30T08:49:08","date_gmt":"2025-12-30T08:49:08","guid":{"rendered":"https:\/\/www.europesays.com\/pl\/177700\/"},"modified":"2025-12-30T08:49:08","modified_gmt":"2025-12-30T08:49:08","slug":"pozar-w-podwarszawskim-wolominie-dwie-osoby-ranne-onet","status":"publish","type":"post","link":"https:\/\/www.europesays.com\/pl\/177700\/","title":{"rendered":"Po\u017car w podwarszawskim Wo\u0142ominie. Dwie osoby ranne &#8211; Onet"},"content":{"rendered":"<ol>\n<li><a href=\"https:\/\/news.google.com\/rss\/articles\/CBMirwFBVV95cUxPVEZBcmk5QWlVWDhnTzJ2VUljcURZbHdrQjNWYmRiTmhWRlEtZE5uZTF6WmcxSmh1QWFNb3ptd3AtMFU4Qm1PMlN0SFJYV19aNkRSQVBrelNNSkVVNnc5clViWFVySFZlWHoxWjdOdDNJMUE4a1ZTUHFrdUNEeDh5RklodDI0RjdSd05IQlkzTHZGXzhvSW1zNF9BNjNGOUJ1Zk5pMUEtMHZxb2ltSHVr?oc=5\" target=\"_blank\" rel=\"nofollow noopener\">Po\u017car w podwarszawskim Wo\u0142ominie. Dwie osoby ranne<\/a>&nbsp;&nbsp;Onet<\/li>\n<li><a href=\"https:\/\/news.google.com\/rss\/articles\/CBMixgFBVV95cUxNUXNySzdPTjE2VlAzV1FrXzN5YVc5RGQwWm9fYkZ5MERGY3lBcjdsMm5TN1lJRXNqWWNIWDdtQ1lVMEs3UnVRT1gwQTlxY1lUTmE2Vk9iSTBRNHRXd2tORHN0WTVpQVlhcDdzZWlrU0s4d041UVl3dWg4dTl4OG5FRzk4Z0ZsX2R3VnVKU2lxSTY3VkdrVTd5MmQyLXZnRUJ0dGs3VnBUUlVkMDZIWU1fUnotd241cEhKM21zWmNQWWJERlU4RGc?oc=5\" target=\"_blank\" rel=\"nofollow noopener\">&#8222;Czarna seria&#8221; przed Nowym Rokiem. Stra\u017cacy podali dramatyczne dane<\/a>&nbsp;&nbsp;Onet<\/li>\n<li><a href=\"https:\/\/news.google.com\/rss\/articles\/CBMiswFBVV95cUxQV09LNEhnWWlhMzBmbnZYbUFXNmtVSHJSOEVLV1JWY3J6SjJvd0VJb3dvNEkzekVJTlpTVFNma0NwVmlpVVpVS2E5cVNSQXBYd1p3RUVFSXFUa0t1bjNncjZheThjZURqYUJiY2ZjYmI2M1c1TnZYejFRVThyUXQ2MGx4bmRJVUNJMVQxU3pKWFRHcktEcTRoOW82engzamxxOTRSemVISTVtZEY4bndnOVg5dw?oc=5\" target=\"_blank\" rel=\"nofollow noopener\">Nocny po\u017car pod Warszaw\u0105. Ucierpia\u0142y dwie osoby, l\u0105dowa\u0142 LPR<\/a>&nbsp;&nbsp;RMF24<\/li>\n<li><a href=\"https:\/\/news.google.com\/rss\/articles\/CBMiyAFBVV95cUxOVlBYSFBVOFBkUnVQX2REUV9ZZzRib0U5NXhvUzFRSFZCbE9HZnJURGZrU0tTYVRzZTNmZjlVOGlxOXJLOTZncWtUWUkzcUxCWjlEU0RwTXpTdFBOazdMZmFic1FTdkVLR2dKYkJfeWE0MVNlMGduUFZIUkg2dll0TVRmQnFzNEhvOEcyUEpCdWZDVUY5d0h1R0llOWJiZ0xCLXI1VlM5YWM0Y2VaR0RJYjV2TUg5ZW8zMjJaX0xNWUp1R0t2aHdfNtIBwgFBVV95cUxObWhPNW1XalNMbkJzVE1vMDNGWi1MRmxkaWtFQkltZ05iblFVWEFGRDJYTnNBTUk2RHpJLUF2Qk9TZnlaeDNka25ySk1pX0VxT0tiOFVXUkhHRkhXTEJ1dUtzY2Q0RzhMT3k2YkF6NFRST3pOZmhNbWQwX2ZCM19SWnpXTzFwMHVrYjV1LWE2MnFMX1ZBWXRUcTNZUzdzYXdEeXdaQ2h3QklHWmZUQmtDeUZWejcxczdnWUFzUWwtZk16QQ?oc=5\" target=\"_blank\" rel=\"nofollow noopener\">Wo\u0142omin. Po\u017car mieszkania w budynku wielorodzinnym. Pojawi\u0142y si\u0119 rozbie\u017cne doniesienia<\/a>&nbsp;&nbsp;Wprost<\/li>\n<li><a href=\"https:\/\/news.google.com\/rss\/articles\/CBMigwFBVV95cUxNMTFUcVNKeXpjYlg1NVZmaDlaNVAzck5lQ0NkTmEwdlVGbjhWZHh0Q2FCcmNwMEQ0N2FEa1FKN0s0bDBvQ1Y5U2plV0pHbGs2TzBmSVVXZUNkcUdwbXhNaXlUMkZxY2c5aV9ZSlp4c3JZSVUxbVBYajBiZzIwWm5MY0dRZw?oc=5\" target=\"_blank\" rel=\"nofollow noopener\">Po\u017car w Wo\u0142ominie. Dwie osoby ranne<\/a>&nbsp;&nbsp;WP Wiadomo\u015bci<\/li>\n<\/ol>\n","protected":false},"excerpt":{"rendered":"Po\u017car w podwarszawskim Wo\u0142ominie. Dwie osoby ranne&nbsp;&nbsp;Onet &#8222;Czarna seria&#8221; przed Nowym Rokiem. Stra\u017cacy podali dramatyczne dane&nbsp;&nbsp;Onet Nocny po\u017car&hellip;\n","protected":false},"author":2,"featured_media":177701,"comment_status":"","ping_status":"","sticky":false,"template":"","format":"standard","meta":{"footnotes":"","_share_on_mastodon":"0"},"categories":[12],"tags":[32,33,36,37,27,34,35,28,31,53,25,52,68,51,55,42,38,40,39,41,4686,47,29,30,65,50,26,34906],"class_list":["post-177700","post","type-post","status-publish","format-standard","has-post-thumbnail","category-polska","tag-breaking-news","tag-breakingnews","tag-featured-news","tag-featurednews","tag-headlines","tag-latest-news","tag-latestnews","tag-naglowki","tag-najwazniejsze-artykuly","tag-new_header","tag-news","tag-onet3","tag-onet3d","tag-onet3d_2i","tag-phx","tag-pl","tag-poland","tag-polish","tag-polska","tag-polski","tag-pozar_pozary","tag-screening_general","tag-top-stories","tag-topstories","tag-update_me","tag-v2021","tag-wiadomosci","tag-wolomin"],"share_on_mastodon":{"url":"https:\/\/pubeurope.com\/@pl\/115807660634982489","error":""},"_links":{"self":[{"href":"https:\/\/www.europesays.com\/pl\/wp-json\/wp\/v2\/posts\/177700","targetHints":{"allow":["GET"]}}],"collection":[{"href":"https:\/\/www.europesays.com\/pl\/wp-json\/wp\/v2\/posts"}],"about":[{"href":"https:\/\/www.europesays.com\/pl\/wp-json\/wp\/v2\/types\/post"}],"author":[{"embeddable":true,"href":"https:\/\/www.europesays.com\/pl\/wp-json\/wp\/v2\/users\/2"}],"replies":[{"embeddable":true,"href":"https:\/\/www.europesays.com\/pl\/wp-json\/wp\/v2\/comments?post=177700"}],"version-history":[{"count":0,"href":"https:\/\/www.europesays.com\/pl\/wp-json\/wp\/v2\/posts\/177700\/revisions"}],"wp:featuredmedia":[{"embeddable":true,"href":"https:\/\/www.europesays.com\/pl\/wp-json\/wp\/v2\/media\/177701"}],"wp:attachment":[{"href":"https:\/\/www.europesays.com\/pl\/wp-json\/wp\/v2\/media?parent=177700"}],"wp:term":[{"taxonomy":"category","embeddable":true,"href":"https:\/\/www.europesays.com\/pl\/wp-json\/wp\/v2\/categories?post=177700"},{"taxonomy":"post_tag","embeddable":true,"href":"https:\/\/www.europesays.com\/pl\/wp-json\/wp\/v2\/tags?post=177700"}],"curies":[{"name":"wp","href":"https:\/\/api.w.org\/{rel}","templated":true}]}}