{"id":177723,"date":"2025-12-30T09:02:08","date_gmt":"2025-12-30T09:02:08","guid":{"rendered":"https:\/\/www.europesays.com\/pl\/177723\/"},"modified":"2025-12-30T09:02:08","modified_gmt":"2025-12-30T09:02:08","slug":"elementy-reaktora-jadrowego-na-dnie-morza-srodziemnego-zaskakujace-ustalenia","status":"publish","type":"post","link":"https:\/\/www.europesays.com\/pl\/177723\/","title":{"rendered":"Elementy reaktora j\u0105drowego na dnie Morza \u015ar\u00f3dziemnego. Zaskakuj\u0105ce ustalenia"},"content":{"rendered":"<p class=\"ods-c-paragraph \">Statek Ursa Major mia\u0142 by\u0107 cz\u0119\u015bci\u0105 tzw. rosyjskiej floty cieni \u2014 sieci jednostek wykorzystywanych do prowadzenia operacji morskich poza kontrol\u0105 i z pomini\u0119ciem sankcji. Zosta\u0142 zbudowany w 2009 r. i zaton\u0105\u0142 w grudniu ub.r. na Morzu \u015ar\u00f3dziemnym pomi\u0119dzy Hiszpani\u0105 a Algieri\u0105. W wyniku zdarzenia dwie osoby zgin\u0119\u0142y, a 14 cz\u0142onk\u00f3w za\u0142ogi zosta\u0142o uratowanych przez hiszpa\u0144skie s\u0142u\u017cby ratownicze. <a href=\"https:\/\/wiadomosci.onet.pl\/swiat\/rosyjski-statek-zatonal-na-morzu-srodziemnym-mowia-o-ataku-terrorystycznym\/y3743qz\" id=\"12b025dc-afe2-4188-8505-2f0e3d3ee1d8\" rel=\"nofollow noopener\" target=\"_blank\">W\u0142a\u015bciciel statku przekonywa\u0142, \u017ce na pok\u0142adzie dosz\u0142o do eksplozji<\/a>.<\/p>\n<p> Jaki \u0142adunek przewozi\u0142 statek Ursa Major? <\/p>\n<p> Gdzie zaton\u0105\u0142 statek Ursa Major? <\/p>\n<p> Ile os\u00f3b zgin\u0119\u0142o w wyniku katastrofy? <\/p>\n<p> Jakie jednostki rosyjskie pojawi\u0142y si\u0119 na miejscu katastrofy? <\/p>\n<p class=\"ods-c-paragraph \">&#8222;La Verdad&#8221;, powo\u0142uj\u0105c si\u0119 na ustalenia hiszpa\u0144skich s\u0142u\u017cb i ekspert\u00f3w, podaje, \u017ce Ursa Major transportowa\u0142 dwie pokrywy reaktor\u00f3w j\u0105drowych typu VM-4SG. By\u0142y one u\u017cywane do zasilania okr\u0119t\u00f3w podwodnych radzieckiej marynarki wojennej. Podejrzewa si\u0119, \u017ce reaktory mia\u0142y trafi\u0107 do Korei P\u00f3\u0142nocnej. <a href=\"https:\/\/wiadomosci.onet.pl\/swiat\/korea-polnocna-prezy-nuklearne-muskuly-kim-dzong-un-na-budowie-specjalnego-okretu\/hcykmlf\" id=\"41eec9cf-872b-4bd4-9635-8fac4db11664\" rel=\"nofollow noopener\" target=\"_blank\">Pjongang twierdzi, \u017ce finalizuje budow\u0119 pierwszego okr\u0119tu podwodnego o nap\u0119dzie nuklearnym<\/a>.<\/p>\n<p class=\"ods-c-paragraph \">Trasa, kt\u00f3r\u0105 wybra\u0142 Ursa Major, by\u0142a nietypowa: zamiast korzysta\u0107 z tradycyjnych p\u00f3\u0142nocnych lub wschodnich szlak\u00f3w, p\u0142yn\u0105\u0142 z Petersburga do W\u0142adywostoku przez Morze \u015ar\u00f3dziemne.<\/p>\n<p>Rosyjska interwencja na miejscu katastrofy<\/p>\n<p class=\"ods-c-paragraph \">Wiadomo, \u017ce na miejscu katastrofy pojawi\u0142 si\u0119 rosyjski okr\u0119t desantowy Iwan Gre\u0144. Wed\u0142ug relacji, za\u0142oga tego okr\u0119tu mia\u0142a domaga\u0107 si\u0119, by hiszpa\u0144skie jednostki opu\u015bci\u0142y ten obszar.<\/p>\n<p class=\"ods-c-paragraph \">W styczniu 2025 r. by\u0142 tam tak\u017ce rosyjski statek oceanograficzny Jantar. Teoretycznie m\u00f3g\u0142 on bra\u0107 udzia\u0142 w operacjach niszczenia, odzyskiwania lub ukrywania resztek tajnego \u0142adunku spoczywaj\u0105cego na dnie morza.<\/p>\n","protected":false},"excerpt":{"rendered":"Statek Ursa Major mia\u0142 by\u0107 cz\u0119\u015bci\u0105 tzw. rosyjskiej floty cieni \u2014 sieci jednostek wykorzystywanych do prowadzenia operacji morskich&hellip;\n","protected":false},"author":2,"featured_media":177724,"comment_status":"","ping_status":"","sticky":false,"template":"","format":"standard","meta":{"footnotes":""},"categories":[14],"tags":[32,33,8110,27,267,2014,34,35,28,31,48,25,46,40,41,87,47,80,29,30,26,82,83,84],"class_list":{"0":"post-177723","1":"post","2":"type-post","3":"status-publish","4":"format-standard","5":"has-post-thumbnail","7":"category-swiat","8":"tag-breaking-news","9":"tag-breakingnews","10":"tag-flota_cieni","11":"tag-headlines","12":"tag-hiszpania","13":"tag-korea_polnocna","14":"tag-latest-news","15":"tag-latestnews","16":"tag-naglowki","17":"tag-najwazniejsze-artykuly","18":"tag-nat_styl","19":"tag-news","20":"tag-omp","21":"tag-polish","22":"tag-polski","23":"tag-rosja","24":"tag-screening_general","25":"tag-swiat","26":"tag-top-stories","27":"tag-topstories","28":"tag-wiadomosci","29":"tag-world","30":"tag-world-news","31":"tag-worldnews"},"share_on_mastodon":{"url":"https:\/\/pubeurope.com\/@pl\/115807711670621804","error":""},"_links":{"self":[{"href":"https:\/\/www.europesays.com\/pl\/wp-json\/wp\/v2\/posts\/177723","targetHints":{"allow":["GET"]}}],"collection":[{"href":"https:\/\/www.europesays.com\/pl\/wp-json\/wp\/v2\/posts"}],"about":[{"href":"https:\/\/www.europesays.com\/pl\/wp-json\/wp\/v2\/types\/post"}],"author":[{"embeddable":true,"href":"https:\/\/www.europesays.com\/pl\/wp-json\/wp\/v2\/users\/2"}],"replies":[{"embeddable":true,"href":"https:\/\/www.europesays.com\/pl\/wp-json\/wp\/v2\/comments?post=177723"}],"version-history":[{"count":0,"href":"https:\/\/www.europesays.com\/pl\/wp-json\/wp\/v2\/posts\/177723\/revisions"}],"wp:featuredmedia":[{"embeddable":true,"href":"https:\/\/www.europesays.com\/pl\/wp-json\/wp\/v2\/media\/177724"}],"wp:attachment":[{"href":"https:\/\/www.europesays.com\/pl\/wp-json\/wp\/v2\/media?parent=177723"}],"wp:term":[{"taxonomy":"category","embeddable":true,"href":"https:\/\/www.europesays.com\/pl\/wp-json\/wp\/v2\/categories?post=177723"},{"taxonomy":"post_tag","embeddable":true,"href":"https:\/\/www.europesays.com\/pl\/wp-json\/wp\/v2\/tags?post=177723"}],"curies":[{"name":"wp","href":"https:\/\/api.w.org\/{rel}","templated":true}]}}