{"id":177781,"date":"2025-12-30T09:38:09","date_gmt":"2025-12-30T09:38:09","guid":{"rendered":"https:\/\/www.europesays.com\/pl\/177781\/"},"modified":"2025-12-30T09:38:09","modified_gmt":"2025-12-30T09:38:09","slug":"zamach-na-ciaglosc-panstwa-nawrocki-i-trump-przemeblowuja-historie-opinia","status":"publish","type":"post","link":"https:\/\/www.europesays.com\/pl\/177781\/","title":{"rendered":"&#8222;Zamach na ci\u0105g\u0142o\u015b\u0107 pa\u0144stwa&#8221;. Nawrocki i Trump przemeblowuj\u0105 histori\u0119 [OPINIA]"},"content":{"rendered":"<p>W grudniu 2025 r. Warszaw\u0119 i Waszyngton po\u0142\u0105czy\u0142 d\u017awi\u0119k wiertarek. W obu stolicach ekipy techniczne realizuj\u0105 scenariusz przyw\u00f3dc\u00f3w, kt\u00f3rzy uznali, \u017ce skuteczne sprawowanie w\u0142adzy wymaga fizycznej demolki wn\u0119trz. Karol Nawrocki w Pa\u0142acu Prezydenckim i Donald Trump w Bia\u0142ym Domu przeprowadzaj\u0105 remanent wykraczaj\u0105cy daleko poza estetyk\u0119. Mamy do czynienia z operacj\u0105 na pami\u0119ci pa\u0144stwowej, wykonywan\u0105 przy pomocy \u0142omu i tabliczki z obelg\u0105. Cel jest jeden: og\u0142osi\u0107 Rok Zerowy, w kt\u00f3rym historia zaczyna si\u0119 i ko\u0144czy na obecnym liderze.<\/p>\n<p class=\"ods-c-paragraph \">Prezydent Nawrocki wybra\u0142 grudniowy czas rocznic stanu wojennego na spektakularny gest \u2014 rozkr\u0119cenie Okr\u0105g\u0142ego Sto\u0142u. <a href=\"https:\/\/wiadomosci.onet.pl\/kraj\/karol-nawrocki-przeniosl-okragly-stol-polacy-ocenili-jego-decyzje-sondaz\/4r48rps\" id=\"67a01b89-b232-401e-a32e-3fd061437ee7\" rel=\"nofollow noopener\" target=\"_blank\">Mebel, przy kt\u00f3rym 5 kwietnia 1989 r. otwarto drog\u0119 do upadku systemu, opu\u015bci\u0142 sal\u0119 w kawa\u0142kach<\/a>. G\u0142owa pa\u0144stwa stan\u0119\u0142a na tle tego demonta\u017cu, og\u0142aszaj\u0105c &#8222;koniec postkomunizmu&#8221;.<\/p>\n<p class=\"ods-c-paragraph \">Data by\u0142a nieprzypadkowa, cho\u0107 prezydent pomyli\u0142 w swoim wyst\u0105pieniu niemal wszystko: cytuj\u0105c Joann\u0119 Szczepkowsk\u0105, przypisa\u0142 jej s\u0142owa z pa\u017adziernika 1989 r. dacie 4 czerwca. Stworzy\u0142 tym samym historyczny absurd, w kt\u00f3rym aktorka og\u0142asza koniec systemu, zanim jeszcze policzono g\u0142osy. Ta ignorancja nie przeszkodzi\u0142a mu w wyg\u0142oszeniu manifestu o meblu &#8222;infekuj\u0105cym prza\u015bno\u015bci\u0105&#8221;. W miejscu symbolu trudnego kompromisu stan\u0119\u0142a tego samego dnia bo\u017conarodzeniowa stajenka. Zmiana jest uderzaj\u0105co dos\u0142owna: przedmiot b\u0119d\u0105cy dowodem na to, \u017ce Polacy o odmiennych biografiach potrafili ze sob\u0105 rozmawia\u0107, zosta\u0142 zast\u0105piony przez nienaruszalny dogmat religijny.<\/p>\n<p>Dalszy ci\u0105g artyku\u0142u pod materia\u0142em wideo<\/p>\n<p class=\"ods-c-paragraph \">W\u0142a\u015bnie ten gest spotka\u0142 si\u0119 z mia\u017cd\u017c\u0105c\u0105 krytyk\u0105 Piotra Pacewicza na \u0142amach OKO.press. Nie jest to jednak typowa przepychanka publicysty z politykiem, lecz starcie biografii. Gdy Karol Nawrocki jako sze\u015bciolatek bawi\u0142 si\u0119 w piaskownicy, 36-letni w\u00f3wczas Pacewicz siedzia\u0142 w centrum wydarze\u0144, kt\u00f3re dzi\u015b prezydent pr\u00f3buje wymaza\u0107. Jako sekretarz prof. Bronis\u0142awa Geremka wsp\u00f3\u0142tworzy\u0142 strategi\u0119 opozycji i zak\u0142ada\u0142 &#8222;Gazet\u0119 Wyborcz\u0105&#8221;. Nie uczy\u0142 si\u0119 historii z biuletyn\u00f3w IPN \u2014 on j\u0105 pisa\u0142.<\/p>\n<p class=\"ods-c-paragraph \">Dlatego gdy Nawrocki m\u00f3wi dzi\u015b o &#8222;syndromie sztokholmskim&#8221; opozycji demokratycznej, Pacewicz staje w obronie nie tylko w\u0142asnego \u017cyciorysu, ale i pami\u0119ci milion\u00f3w Polak\u00f3w. Ma do tego pe\u0142ne merytoryczne prawo. Jego diagnoza o &#8222;Polsce z powy\u0142amywanymi nogami&#8221; trafia w sedno. Prezydent niszczy symbol nie dlatego, \u017ce jest &#8222;prza\u015bny&#8221;, ale dlatego, \u017ce nie ma w\u0142asnego. Musi zdewaluowa\u0107 osi\u0105gni\u0119cia poprzednik\u00f3w, by na gruzach zbudowa\u0107 swoj\u0105 kruch\u0105 legend\u0119.<\/p>\n<p>Zamach na ci\u0105g\u0142o\u015b\u0107 pa\u0144stwa<\/p>\n<p class=\"ods-c-paragraph \">Ta sama motywacja nap\u0119dza dzia\u0142ania za oceanem. Podczas gdy Nawrocki walczy ze stolarzami, Donald Trump wypowiada wojn\u0119 muzealnikom. Jego <a href=\"https:\/\/wiadomosci.onet.pl\/swiat\/donald-trump-wyburzyl-cale-skrzydlo-bialego-domu-zdjecia-satelitarne-pokazuja-skale\/rb14b2n\" id=\"c38001c7-4554-400d-bc6b-fa15c0cfc7cc\" rel=\"nofollow noopener\" target=\"_blank\">&#8222;porz\u0105dkowanie&#8221; Bia\u0142ego Domu<\/a> przejdzie do historii jako akt politycznego wandalizmu. W kolumnadzie prezydenckiej znikn\u0119\u0142y oficjalne noty biograficzne pod portretami poprzednik\u00f3w. Zast\u0105pi\u0142y je autorskie komentarze Trumpa. Joe Biden zosta\u0142 opisany na mosi\u0119\u017cnej tablicy jako &#8222;Sleepy Joe&#8221; (\u015bpi\u0105cy Joe) i &#8222;najgorszy prezydent w historii&#8221;, a Baracka Obam\u0119 zredukowano do has\u0142a o &#8222;dzieleniu narodu&#8221;.<\/p>\n<p class=\"ods-c-paragraph \">Szczytem pogardy dla urz\u0119du jest jednak zagospodarowanie miejsca na oficjalny portret ust\u0119puj\u0105cego prezydenta. <a href=\"https:\/\/wiadomosci.onet.pl\/swiat\/kuriozalna-inicjatywa-donalda-trumpa-chodzi-o-zdjecie-joego-bidena\/d91rvh5\" id=\"7560d6aa-912d-468a-ae35-4d884dd4f4dd\" rel=\"nofollow noopener\" target=\"_blank\">Zamiast wizerunku Bidena zawis\u0142o tam zdj\u0119cie maszyny typu &#8222;autopen&#8221;<\/a> \u2014 urz\u0105dzenia do automatycznego sk\u0142adania podpis\u00f3w. W ten spos\u00f3b Trump instytucjonalizuje teori\u0119 o niedo\u0142\u0119\u017cno\u015bci rywala. Wieszaj\u0105c zdj\u0119cie maszyny w sercu ameryka\u0144skiej demokracji, oficjalnie komunikuje: procedury to fikcja, a ostatnie cztery lata nie istnia\u0142y. Dope\u0142nieniem tego obrazu s\u0105 wizerunki samego Trumpa \u2014 z zaci\u015bni\u0119t\u0105 pi\u0119\u015bci\u0105 i te stylizowane na policyjny &#8222;mugshot&#8221; [formalne zdj\u0119cie wykonywane aresztowanym podejrzanym]. Prezydentura zamienia si\u0119 w reality show, gdzie lider jest jednocze\u015bnie celebryt\u0105 i m\u0119czennikiem.<\/p>\n<p><img decoding=\"async\" src=\"https:\/\/www.europesays.com\/pl\/wp-content\/uploads\/2025\/12\/eHSk9lBaHR0cHM6Ly9vY2RuLmV1L3B1bHNjbXMvTURBXy81OWNkOTM1ZGIyNjZiNzRkMTBiMzRkMjNmZDIyZThlYi5qcGeRlQLNB.jpeg\" height=\"627\" width=\"940\" alt=\"Portrety prezydent\u00f3w USA Donalda Trumpa i Baracka Obamy, mi\u0119dzy nimi zdj\u0119cie autopenu w miejscu, gdzie powinna zawisn\u0105\u0107 fotografia Joego Bidena, Bia\u0142y Dom, 30 pa\u017adziernika 2025 r.\" loading=\"lazy\" class=\"ods-c-image__img ods-c-image__img--viewport-width\"\/><\/p>\n<p>Portrety prezydent\u00f3w USA Donalda Trumpa i Baracka Obamy, mi\u0119dzy nimi zdj\u0119cie autopenu w miejscu, gdzie powinna zawisn\u0105\u0107 fotografia Joego Bidena, Bia\u0142y Dom, 30 pa\u017adziernika 2025 r.Alex Wong \/ Staff \/ Getty Images<\/p>\n<p class=\"ods-c-paragraph \">Dzia\u0142ania w Warszawie i Waszyngtonie to w istocie zamach na ci\u0105g\u0142o\u015b\u0107 pa\u0144stwa. Z definicji jest ono sztafet\u0105 pokole\u0144, ale Nawrocki i Trump zrywaj\u0105 t\u0119 umow\u0119. Traktuj\u0105 urz\u0119dy jak zdobycz wojenn\u0105 \u2014 zwyci\u0119zca bierze wszystko i ma prawo zr\u00f3wna\u0107 z ziemi\u0105 dorobek pokonanych. <a href=\"https:\/\/www.onet.pl\/informacje\/onetwarszawa\/zwrot-w-sprawie-usuniecia-okraglego-stolu-z-palacu-prezydenckiego-to-nie-decyzja\/bfvy18e,79cfc278\" id=\"47cb08a3-141f-454a-9de4-47a0d7987d25\" rel=\"nofollow noopener\" target=\"_blank\">Wymiana Okr\u0105g\u0142ego Sto\u0142u na szopk\u0119<\/a> i portretu Bidena na zdj\u0119cie maszyny to jednak dow\u00f3d s\u0142abo\u015bci. Tylko niepewny siebie lider musi fizycznie usuwa\u0107 \u015blady po konkurentach, by poczu\u0107 si\u0119 wa\u017cnym.<\/p>\n<p class=\"ods-c-paragraph \">Skutki tej operacji b\u0119d\u0105 dewastuj\u0105ce. W Polsce prezydent uczy m\u0142odych ludzi nihilizmu: pokazuje, \u017ce historia to plastelina, a fakty mo\u017cna dowolnie naci\u0105ga\u0107, je\u015bli s\u0142u\u017cy to upokorzeniu przeciwnika. W USA Trump odziera urz\u0105d z powagi, wysy\u0142aj\u0105c sygna\u0142 dyktatorom, \u017ce Bia\u0142y Dom sta\u0142 si\u0119 miejscem na hejt wygrawerowany w metalu.<\/p>\n<p class=\"ods-c-paragraph \">Pacewicz pisa\u0142 o &#8222;Polsce z powy\u0142amywanymi nogami&#8221;, ale rzeczywisto\u015b\u0107 dopisa\u0142a do tej metafory jeszcze smutniejszy epilog. Obywatele zostaj\u0105 sami w zdemolowanym wn\u0119trzu, gdzie trudn\u0105 histori\u0119 zast\u0119puje si\u0119 \u0142atw\u0105 dekoracj\u0105. Symbol narodowego kompromisu ma trafi\u0107 do muzeum, a na jego miejscu w Pa\u0142acu Prezydenckim stan\u0119\u0142a szopka. Czego chcie\u0107 wi\u0119cej?<\/p>\n<p class=\"ods-c-paragraph \">Zobaczycie, \u017ce z t\u0105 szopka b\u0119d\u0105 k\u0142opoty.<\/p>\n","protected":false},"excerpt":{"rendered":"W grudniu 2025 r. Warszaw\u0119 i Waszyngton po\u0142\u0105czy\u0142 d\u017awi\u0119k wiertarek. W obu stolicach ekipy techniczne realizuj\u0105 scenariusz przyw\u00f3dc\u00f3w,&hellip;\n","protected":false},"author":2,"featured_media":177782,"comment_status":"","ping_status":"","sticky":false,"template":"","format":"standard","meta":{"footnotes":""},"categories":[12],"tags":[56,32,33,44,36,37,27,1616,43,49,34,35,28,31,48,25,31359,46,1650,42,38,40,39,41,47,29,30,26],"class_list":{"0":"post-177781","1":"post","2":"type-post","3":"status-publish","4":"format-standard","5":"has-post-thumbnail","7":"category-polska","8":"tag-article_premium","9":"tag-breaking-news","10":"tag-breakingnews","11":"tag-donald_trump","12":"tag-featured-news","13":"tag-featurednews","14":"tag-headlines","15":"tag-joe_biden","16":"tag-karol_nawrocki","17":"tag-kraj","18":"tag-latest-news","19":"tag-latestnews","20":"tag-naglowki","21":"tag-najwazniejsze-artykuly","22":"tag-nat_styl","23":"tag-news","24":"tag-okragly_stol","25":"tag-omp","26":"tag-palac_prezydencki","27":"tag-pl","28":"tag-poland","29":"tag-polish","30":"tag-polska","31":"tag-polski","32":"tag-screening_general","33":"tag-top-stories","34":"tag-topstories","35":"tag-wiadomosci"},"share_on_mastodon":{"url":"https:\/\/pubeurope.com\/@pl\/115807853250479617","error":""},"_links":{"self":[{"href":"https:\/\/www.europesays.com\/pl\/wp-json\/wp\/v2\/posts\/177781","targetHints":{"allow":["GET"]}}],"collection":[{"href":"https:\/\/www.europesays.com\/pl\/wp-json\/wp\/v2\/posts"}],"about":[{"href":"https:\/\/www.europesays.com\/pl\/wp-json\/wp\/v2\/types\/post"}],"author":[{"embeddable":true,"href":"https:\/\/www.europesays.com\/pl\/wp-json\/wp\/v2\/users\/2"}],"replies":[{"embeddable":true,"href":"https:\/\/www.europesays.com\/pl\/wp-json\/wp\/v2\/comments?post=177781"}],"version-history":[{"count":0,"href":"https:\/\/www.europesays.com\/pl\/wp-json\/wp\/v2\/posts\/177781\/revisions"}],"wp:featuredmedia":[{"embeddable":true,"href":"https:\/\/www.europesays.com\/pl\/wp-json\/wp\/v2\/media\/177782"}],"wp:attachment":[{"href":"https:\/\/www.europesays.com\/pl\/wp-json\/wp\/v2\/media?parent=177781"}],"wp:term":[{"taxonomy":"category","embeddable":true,"href":"https:\/\/www.europesays.com\/pl\/wp-json\/wp\/v2\/categories?post=177781"},{"taxonomy":"post_tag","embeddable":true,"href":"https:\/\/www.europesays.com\/pl\/wp-json\/wp\/v2\/tags?post=177781"}],"curies":[{"name":"wp","href":"https:\/\/api.w.org\/{rel}","templated":true}]}}