{"id":177821,"date":"2025-12-30T10:11:09","date_gmt":"2025-12-30T10:11:09","guid":{"rendered":"https:\/\/www.europesays.com\/pl\/177821\/"},"modified":"2025-12-30T10:11:09","modified_gmt":"2025-12-30T10:11:09","slug":"kary-za-wylaczenie-tachografu-w-2026-r-wiezienie-za-wylacznik-i-eskorta-policji","status":"publish","type":"post","link":"https:\/\/www.europesays.com\/pl\/177821\/","title":{"rendered":"Kary za wy\u0142\u0105czenie tachografu w 2026 r. Wi\u0119zienie za wy\u0142\u0105cznik i eskorta policji"},"content":{"rendered":"<ul class=\"ods-m-bullet-list\">\n<li class=\"ods-a-bullet ods-a-bullet--bold\"> Policja uzyska uprawnienia do przeszukiwania nie tylko pojazd\u00f3w, ale nawet kierowc\u00f3w oraz eskortowania ich do autoryzowanych serwis\u00f3w <\/li>\n<li class=\"ods-a-bullet ods-a-bullet--bold\"> Za manipulacje przewidziano kary do 12 miesi\u0119cy wi\u0119zienia oraz wysokie grzywny <\/li>\n<li class=\"ods-a-bullet ods-a-bullet--bold\"> Grzywny za pos\u0142ugiwanie si\u0119 fa\u0142szywymi kartami wzrosn\u0105 w przeliczeniu do prawie 8 tys. z\u0142 <\/li>\n<li id=\"ods-a-bullet-czat-ai-summary\" data-section=\"ochat-summary-link\" class=\"ods-a-bullet ods-a-bullet--czatai\"> <a href=\"#\"><br \/>\n    Du\u017co czytania, a ma\u0142o czasu? Sprawd\u017a skr\u00f3t artyku\u0142u<br \/>\n<\/a> <\/li>\n<\/ul>\n<p>SPIS TRE\u015aCI<\/p>\n<ol class=\"ods-a-table-of-content__items\">\n<li class=\"ods-a-table-of-content__item\"><a href=\"#toc-co-zmieni-sie-dla-kierowcow-w-2026-r\" class=\"ods-a-table-of-content__link\">Co zmieni si\u0119 dla kierowc\u00f3w w 2026 r.?<\/a><\/li>\n<li class=\"ods-a-table-of-content__item\"><a href=\"#toc-za-co-dadza-prawie-8-tys-zl-kary\" class=\"ods-a-table-of-content__link\">Za co dadz\u0105 prawie 8 tys. z\u0142 kary?<\/a><\/li>\n<li class=\"ods-a-table-of-content__item\"><a href=\"#toc-w-2026-r-trzy-podwyzki-dla-kierowcow\" class=\"ods-a-table-of-content__link\">W 2026 r. trzy podwy\u017cki dla kierowc\u00f3w<\/a><\/li>\n<li class=\"ods-a-table-of-content__item\"><a href=\"#toc-o-co-chodzi-z-nowa-oplata-za-emisje-w-autach-wyprodukowanych-przed-2019-r\" class=\"ods-a-table-of-content__link\">O co chodzi z now\u0105 op\u0142at\u0105 za emisj\u0119 w autach wyprodukowanych przed 2019 r.?<\/a><\/li>\n<li class=\"ods-a-table-of-content__item\"><a href=\"#toc-kogo-dotycza-podwyzki-oplat-drogowych-2026\" class=\"ods-a-table-of-content__link\">Kogo dotycz\u0105 podwy\u017cki op\u0142at drogowych 2026?<\/a><\/li>\n<li class=\"ods-a-table-of-content__item\"><a href=\"#toc-jaka-kara-za-brak-oplaty-e-toll\" class=\"ods-a-table-of-content__link\">Jaka kara za brak op\u0142aty e-TOLL?<\/a><\/li>\n<\/ol>\n<p class=\"ods-c-paragraph \">Powiedzmy wprost: koniec z patyczkowaniem si\u0119 z kierowcami \u0142ami\u0105cymi przepisy. Nielegalne wy\u0142\u0105czniki i manipulacje przy kartach sko\u0144cz\u0105 si\u0119 dla nich wi\u0119zieniem, wysok\u0105 grzywn\u0105 i\/lub przymusow\u0105 wizyt\u0105 w autoryzowanym serwisie, do kt\u00f3rego udadz\u0105 si\u0119 w eskorcie policji. To wszystko ju\u017c od 1 lipca 2026 r. Ba\u0107 powinni si\u0119 nie tylko nieuczciwi kierowcy, ale te\u017c firmy transportowe oraz te produkuj\u0105ce wspomniane wy\u0142\u0105czniki.<\/p>\n<p class=\"ods-c-paragraph \">Zanim przeczytasz do ko\u0144ca, wybierz swoje ulubione samochody 2025 r. Dalsza cz\u0119\u015b\u0107 tekstu znajduje si\u0119 pod ankiet\u0105.<\/p>\n<p> Co zmieni si\u0119 dla kierowc\u00f3w w 2026 r.?<\/p>\n<p class=\"ods-c-paragraph \">Nowe regulacje przewiduj\u0105 rozszerzenie uprawnie\u0144 szwedzkiej policji podczas kontroli drogowych. Funkcjonariusze b\u0119d\u0105 mogli eskortowa\u0107 pojazdy do autoryzowanych serwis\u00f3w tachograf\u00f3w, aby tam sprawdzi\u0107 zgodno\u015b\u0107 urz\u0105dze\u0144 z przepisami. Dodatkowo policja uzyska prawo do przeszukiwania ci\u0119\u017car\u00f3wek oraz kierowc\u00f3w w celu znalezienia kart lub urz\u0105dze\u0144 s\u0142u\u017c\u0105cych do manipulowania zapisami.<\/p>\n<p>Dalszy ci\u0105g artyku\u0142u pod materia\u0142em wideo<\/p>\n<p> Kiedy wejdzie w \u017cycie nowe prawo dotycz\u0105ce wy\u0142\u0105cznik\u00f3w? <\/p>\n<p> Jakie kary przewiduje nowe prawo za manipulacje? <\/p>\n<p> Jakie uprawnienia zyska policja w 2026 roku? <\/p>\n<p> Co zmieni si\u0119 w op\u0142atach drogowych w 2026 roku? <\/p>\n<p class=\"ods-c-paragraph \">W projekcie nowelizacji przewidziano tak\u017ce znacznie surowsze kary za fa\u0142szowanie danych w tachografach. Nowe przepisy maj\u0105 wprowadzi\u0107 do 12 miesi\u0119cy wi\u0119zienia za usuwanie lub zmienianie zapis\u00f3w urz\u0105dze\u0144 rejestruj\u0105cych czas pracy. Tak\u0105 sam\u0105 kar\u0105 zagro\u017cone b\u0119dzie korzystanie z pojazd\u00f3w wyposa\u017conych w oprogramowanie lub urz\u0105dzenia umo\u017cliwiaj\u0105ce manipulacj\u0119 danymi.<\/p>\n<p class=\"ods-c-paragraph \">Nowe przepisy obejm\u0105 nie tylko kierowc\u00f3w, ale tak\u017ce przedsi\u0119biorstwa zajmuj\u0105ce si\u0119 produkcj\u0105, rozwijaniem, posiadaniem, dystrybucj\u0105 lub przenoszeniem produkt\u00f3w przeznaczonych do manipulowania zapisami tachograf\u00f3w. W ten spos\u00f3b szwedzki rz\u0105d zamierza ograniczy\u0107 dost\u0119p do nielegalnych urz\u0105dze\u0144 i uderzy\u0107 w firmy wprowadzaj\u0105ce je na rynek.<\/p>\n<p>   Za co dadz\u0105 prawie 8 tys. z\u0142 kary?<\/p>\n<p class=\"ods-c-paragraph \">Projekt przewiduje r\u00f3wnie\u017c zmiany dotycz\u0105ce pos\u0142ugiwania si\u0119 kartami do tachograf\u00f3w uzyskanymi na podstawie nieprawdziwych danych lub fa\u0142szywych dokument\u00f3w. Dotychczas za takie wykroczenie grozi\u0142a kara do 8 tys. koron, czyli oko\u0142o 3,1 tys. z\u0142. Po wej\u015bciu w \u017cycie nowych przepis\u00f3w, wysoko\u015b\u0107 grzywny wzro\u015bnie do 20 tys. koron, co odpowiada oko\u0142o 7,8 tys. z\u0142.<\/p>\n<p class=\"ods-c-paragraph \">Podwy\u017cszona kara ma zr\u00f3wna\u0107 si\u0119 z sankcj\u0105 za korzystanie z cudzej karty do tachografu, co wed\u0142ug szwedzkich w\u0142adz ma wp\u0142yn\u0105\u0107 na ograniczenie tego typu nadu\u017cy\u0107 w bran\u017cy transportowej.<\/p>\n<p>W 2026 r. trzy podwy\u017cki dla kierowc\u00f3w<\/p>\n<p class=\"ods-c-paragraph \">Nie tylko w Szwecji zmiany dla kierowc\u00f3w zawodowych i firm transportowych b\u0119d\u0105 powa\u017cne. Kilka dni temu na \u0142amach Auto \u015awiata informowali\u015bmy o trzech podwy\u017ckach op\u0142at, kt\u00f3re czekaj\u0105 polskich kierowc\u00f3w w 2026 r.<\/p>\n<ol class=\"ods-m-numbered-list\">\n<li class=\"ods-m-numbered-list__item\"> 1\n<p>W pierwszych miesi\u0105cach 2026 r. w \u017cycie wejd\u0105 zmiany w cennikach e-TOLL. Najpierw przewidziano waloryzacj\u0119 op\u0142at, kt\u00f3re wzrosn\u0105 o 4-6,6 proc.<\/p>\n<\/li>\n<li class=\"ods-m-numbered-list__item\"> 2\n<p>Nast\u0119pnie od 1 lutego 2026 r. system obejmie dodatkowe 645 km dr\u00f3g, a stawki podstawowe wzrosn\u0105 o oko\u0142o 40-42 proc. Rz\u0105d planuje te dzia\u0142ania, by zwi\u0119kszy\u0107 wp\u0142ywy bud\u017cetowe.<\/p>\n<\/li>\n<li class=\"ods-m-numbered-list__item\"> 3\n<p>Nowe przepisy zak\u0142adaj\u0105 r\u00f3wnie\u017c wprowadzenie op\u0142aty emisyjnej, kt\u00f3ra obejmie pojazdy ci\u0119\u017carowe wyprodukowane przed 2019 r. Zgodnie z zapowiedziami, op\u0142aty za przejazd starszymi pojazdami b\u0119d\u0105 wy\u017csze, natomiast w\u0142a\u015bciciele nowszych ci\u0119\u017car\u00f3wek mog\u0105 liczy\u0107 na preferencyjne stawki. Jak podkre\u015blaj\u0105 przedstawiciele bran\u017cy, zmiany te maj\u0105 sk\u0142oni\u0107 przewo\u017anik\u00f3w do wymiany flot, by spe\u0142nia\u0142y aktualne normy emisji.<\/p>\n<\/li>\n<\/ol>\n<p>   O co chodzi z now\u0105 op\u0142at\u0105 za emisj\u0119 w autach wyprodukowanych przed 2019 r.?<\/p>\n<p class=\"ods-c-paragraph \">Najwi\u0119cej emocji budzi wprowadzenie op\u0142aty za emisj\u0119, kt\u00f3ra dosi\u0119gnie auta wyprodukowane przed 2019 r. Nowe zasady maj\u0105 wej\u015b\u0107 w \u017cycie w drugiej po\u0142owie 2026 r., a wysoko\u015b\u0107 op\u0142at b\u0119dzie uzale\u017cniona od wynik\u00f3w systemu Vecto, czyli narz\u0119dzia Komisji Europejskiej do obliczania emisji CO2 pojazd\u00f3w ci\u0119\u017carowych powy\u017cej 3,5 tony.<\/p>\n<p><img decoding=\"async\" src=\"https:\/\/www.europesays.com\/pl\/wp-content\/uploads\/2025\/12\/P6Tk9lCaHR0cHM6Ly9vY2RuLmV1L3B1bHNjbXMvTURBXy85YTE1NDRjNTY1MjAwYWY4OGM2YjY2YTU1MzY4NGVhOC5qcGVnkpUDA.jpeg\" height=\"627\" width=\"940\" alt=\"Ci\u0119\u017car\u00f3wki wyprodukowane przed 2019 r. b\u0119d\u0105 obj\u0119te op\u0142atami za emisj\u0119\" loading=\"lazy\" class=\"ods-c-image__img ods-c-image__img--viewport-width\"\/><\/p>\n<p>Ci\u0119\u017car\u00f3wki wyprodukowane przed 2019 r. b\u0119d\u0105 obj\u0119te op\u0142atami za emisj\u0119Lesterman \/ Shutterstock<\/p>\n<p> Kogo dotycz\u0105 podwy\u017cki op\u0142at drogowych 2026?<\/p>\n<p class=\"ods-c-paragraph \">Zgodnie z informacjami Krajowej Administracji Skarbowej obowi\u0105zek korzystania z e-TOLL dotyczy pojazd\u00f3w o dopuszczalnej masie ca\u0142kowitej przekraczaj\u0105cej 3,5 tony. Dotyczy to zar\u00f3wno ci\u0119\u017car\u00f3wek, jak i zespo\u0142\u00f3w pojazd\u00f3w, je\u015bli ich \u0142\u0105czna masa przekracza ten pr\u00f3g. System obejmuje r\u00f3wnie\u017c autobusy, natomiast ci\u0105gniki rolnicze s\u0105 z op\u0142at wy\u0142\u0105czone.<\/p>\n<p class=\"ods-c-paragraph \">Kierowcy mog\u0105 przekazywa\u0107 dane do systemu e-TOLL na trzy sposoby: przez aplikacj\u0119 mobiln\u0105 e-TOLL PL, lokalizator zamontowany w poje\u017adzie (ZSL) lub przez urz\u0105dzenie pok\u0142adowe (OBU). Ka\u017cda z tych metod wymaga wcze\u015bniejszej rejestracji w Internetowym Koncie Klienta.<\/p>\n<p>Jaka kara za brak op\u0142aty e-TOLL?<\/p>\n<p class=\"ods-c-paragraph \">Za przejazd drog\u0105 obj\u0119t\u0105 systemem e-TOLL bez wniesienia op\u0142aty lub za podanie nieprawid\u0142owych danych grozi mandat od 250 do nawet 1,5 tys. z\u0142. W ci\u0105gu jednej doby mo\u017ce zosta\u0107 na\u0142o\u017cona jedna kara za konkretne naruszenie.<\/p>\n","protected":false},"excerpt":{"rendered":"Policja uzyska uprawnienia do przeszukiwania nie tylko pojazd\u00f3w, ale nawet kierowc\u00f3w oraz eskortowania ich do autoryzowanych serwis\u00f3w Za&hellip;\n","protected":false},"author":2,"featured_media":177822,"comment_status":"","ping_status":"","sticky":false,"template":"","format":"standard","meta":{"footnotes":""},"categories":[16],"tags":[210,113,112,3777,48,46,42,38,414,40,39,41,47,34733,32284,26],"class_list":{"0":"post-177821","1":"post","2":"type-post","3":"status-publish","4":"format-standard","5":"has-post-thumbnail","7":"category-biznes","8":"tag-aktualnosci","9":"tag-biznes","10":"tag-business","11":"tag-mandaty","12":"tag-nat_styl","13":"tag-omp","14":"tag-pl","15":"tag-poland","16":"tag-policja","17":"tag-polish","18":"tag-polska","19":"tag-polski","20":"tag-screening_general","21":"tag-tachograf","22":"tag-tir_y","23":"tag-wiadomosci"},"share_on_mastodon":{"url":"https:\/\/pubeurope.com\/@pl\/115807982917763658","error":""},"_links":{"self":[{"href":"https:\/\/www.europesays.com\/pl\/wp-json\/wp\/v2\/posts\/177821","targetHints":{"allow":["GET"]}}],"collection":[{"href":"https:\/\/www.europesays.com\/pl\/wp-json\/wp\/v2\/posts"}],"about":[{"href":"https:\/\/www.europesays.com\/pl\/wp-json\/wp\/v2\/types\/post"}],"author":[{"embeddable":true,"href":"https:\/\/www.europesays.com\/pl\/wp-json\/wp\/v2\/users\/2"}],"replies":[{"embeddable":true,"href":"https:\/\/www.europesays.com\/pl\/wp-json\/wp\/v2\/comments?post=177821"}],"version-history":[{"count":0,"href":"https:\/\/www.europesays.com\/pl\/wp-json\/wp\/v2\/posts\/177821\/revisions"}],"wp:featuredmedia":[{"embeddable":true,"href":"https:\/\/www.europesays.com\/pl\/wp-json\/wp\/v2\/media\/177822"}],"wp:attachment":[{"href":"https:\/\/www.europesays.com\/pl\/wp-json\/wp\/v2\/media?parent=177821"}],"wp:term":[{"taxonomy":"category","embeddable":true,"href":"https:\/\/www.europesays.com\/pl\/wp-json\/wp\/v2\/categories?post=177821"},{"taxonomy":"post_tag","embeddable":true,"href":"https:\/\/www.europesays.com\/pl\/wp-json\/wp\/v2\/tags?post=177821"}],"curies":[{"name":"wp","href":"https:\/\/api.w.org\/{rel}","templated":true}]}}