{"id":177851,"date":"2025-12-30T10:43:07","date_gmt":"2025-12-30T10:43:07","guid":{"rendered":"https:\/\/www.europesays.com\/pl\/177851\/"},"modified":"2025-12-30T10:43:07","modified_gmt":"2025-12-30T10:43:07","slug":"gral-w-ekstraklasie-moze-trafic-do-barcelony-to-nie-zart","status":"publish","type":"post","link":"https:\/\/www.europesays.com\/pl\/177851\/","title":{"rendered":"Gra\u0142 w Ekstraklasie, mo\u017ce trafi\u0107 do Barcelony! To nie \u017cart"},"content":{"rendered":"<p class=\"art_paragraph\">FC Barcelona w ostatnich tygodniach prezentuje wysok\u0105 form\u0119. Od czasu listopadowej pora\u017cki z Chelsea w <a href=\"https:\/\/www.sport.pl\/pilka\/0,65041.html#anchorLink\" rel=\"nofollow noopener\" target=\"_blank\">Lidze Mistrz\u00f3w<\/a> wygra\u0142a siedem <a href=\"https:\/\/www.sport.pl\/euro\/7,154862,31079522,kto-dzis-gra-na-euro-2024-jakie-mecze-dzisiaj-piatek-21-czerwca.html#anchorLink\" rel=\"nofollow noopener\" target=\"_blank\">mecz\u00f3w<\/a> z rz\u0119du. Z tego powodu mniej zacz\u0119\u0142o si\u0119 m\u00f3wi\u0107 o transferowych potrzebach ekipy Hansiego Flicka, ale zar\u00f3wno kibice, jak i eksperci nie maj\u0105 w\u0105tpliwo\u015bci: Barca musi wzmocni\u0107 obron\u0119. Szczeg\u00f3lnie bior\u0105c pod uwag\u0119 odej\u015bcie latem <a href=\"https:\/\/www.sport.pl\/inigo-martinez#anchorLink\" rel=\"nofollow noopener\" target=\"_blank\">Inigo Martineza<\/a>, kontuzje\u00a0Andreasa Christensena czy problemy mentalne Ronalda Araujo.<\/p>\n<p>\n    Zobacz wideo Oto ca\u0142a prawda o talencie Lewandowskiego. &#8222;Kto\u015b, kto to m\u00f3wi\u0142, po prostu k\u0142amie&#8221;\n  <\/p>\n<p class=\"art_paragraph\">To ten obro\u0144ca trafi do Barcy? Jego ojciec zabra\u0142 g\u0142os<\/p>\n<p class=\"art_paragraph\">Jakiego \u015brodkowego obro\u0144c\u0119 \u015bci\u0105gnie Barca? W mediach bardzo cz\u0119sto pojawia\u0142a si\u0119 kandydatura Nico Schlotterbecka z Borussii Dortmund. Teraz jednak hiszpa\u0144ski &#8222;Sport&#8221; pisze o innym <a href=\"https:\/\/www.sport.pl\/zawodnik#anchorLink\" rel=\"nofollow noopener\" target=\"_blank\">zawodniku<\/a> z Bundesligi. To Luka Vuskovi\u0107, a wi\u0119c gracz, kt\u00f3ry w 2024 roku by\u0142\u00a0na wypo\u017cyczeniu w\u00a0Radomiaku Radom. Od sezonu 2025\/2026 Chorwat b\u0142yszczy ju\u017c w barwach Hamburgera SV, do kt\u00f3rego zosta\u0142 wypo\u017cyczony z <a href=\"https:\/\/www.sport.pl\/tottenham#anchorLink\" rel=\"nofollow noopener\" target=\"_blank\">Tottenhamu<\/a>. Jego warto\u015b\u0107 na &#8222;Transfermarkt&#8221; jest oceniana na 40 mln euro.<\/p>\n<p class=\"art_paragraph\">&#8222;Zainteresowanie Bar\u00e7y nie jest niczym nowym.\u00a0Kierownictwo sportowe \u015bledzi\u0142o Vuskovica\u00a0od jego pocz\u0105tk\u00f3w\u00a0w Hajduku Split,\u00a0gdzie zadebiutowa\u0142 w pierwszym zespole w wieku 16 lat. W Barcy jego profil zawsze by\u0142 szczeg\u00f3lnie ceniony: lewono\u017cny \u015brodkowy obro\u0144ca, dominuj\u0105cy w powietrzu\u00a0(1,93 m),\u00a0z dobr\u0105 umiej\u0119tno\u015bci\u0105 gry pi\u0142k\u0105 i umiej\u0119tno\u015bci\u0105 pe\u0142nienia funkcji pivota. To wszechstronno\u015b\u0107 bardzo ceniona w raportach skaut\u00f3w&#8221; &#8211; czytamy na portalu &#8222;Sportu&#8221;.<\/p>\n<p class=\"art_paragraph\">Hiszpa\u0144ska gazeta cytuje te\u017c\u00a0Danijela Vuskovicia, ojca pi\u0142karza. &#8211; Dzwoni\u0105, wielu w\u0142a\u015bciwie dzwoni, ale nie zwracam na nich uwagi, bo wszystko samo si\u0119 wyja\u015bni. Po prostu pozwalam temu toczy\u0107 si\u0119 swoim biegiem. S\u0105 ludzie, kt\u00f3rzy zajmuj\u0105 si\u0119 wszystkim i od czasu do czasu nas informuj\u0105 &#8211; m\u00f3wi\u0142 o potencjalnym transferze zawodnika HSV.<\/p>\n<p class=\"art_paragraph\">Ojciec 18-latka doda\u0142 jeszcze: &#8211; Nie wiem, czy Tottenham widzi w nim przysz\u0142ego zawodnika, czy te\u017c by\u0142by otwarty na transfer, gdyby otrzyma\u0142 odpowiedni\u0105 ofert\u0119. Celem Lukasa jest obecnie odnie\u015b\u0107 sukces w HSV i zagra\u0107 na Mistrzostwach \u015awiata z Chorwacj\u0105 &#8211; podsumowa\u0142 Danijel Vuskovi\u0107.<\/p>\n<p class=\"art_paragraph\">ZOBACZ TE\u017b: <a href=\"https:\/\/www.sport.pl\/pilka\/7,65082,32496256,tego-barcelona-juz-nie-zamiecie-pod-dywan-wyrok-moze-byc-tylko.html\" class=\"art_link\" rel=\"dofollow noopener\" target=\"_blank\">Tego Barcelona ju\u017c nie zamiecie pod dywan. Wyrok mo\u017ce by\u0107 tylko jeden<\/a><\/p>\n<p class=\"art_paragraph\">FC Barcelona kolejny mecz rozegra 3 stycznia. Jej rywalem b\u0119dzie Espanyol.<\/p>\n","protected":false},"excerpt":{"rendered":"FC Barcelona w ostatnich tygodniach prezentuje wysok\u0105 form\u0119. Od czasu listopadowej pora\u017cki z Chelsea w Lidze Mistrz\u00f3w wygra\u0142a&hellip;\n","protected":false},"author":2,"featured_media":177852,"comment_status":"","ping_status":"","sticky":false,"template":"","format":"standard","meta":{"footnotes":""},"categories":[24],"tags":[42,38,40,39,41,127,126],"class_list":{"0":"post-177851","1":"post","2":"type-post","3":"status-publish","4":"format-standard","5":"has-post-thumbnail","7":"category-sport","8":"tag-pl","9":"tag-poland","10":"tag-polish","11":"tag-polska","12":"tag-polski","13":"tag-sport","14":"tag-sports"},"share_on_mastodon":{"url":"https:\/\/pubeurope.com\/@pl\/115808108680380370","error":""},"_links":{"self":[{"href":"https:\/\/www.europesays.com\/pl\/wp-json\/wp\/v2\/posts\/177851","targetHints":{"allow":["GET"]}}],"collection":[{"href":"https:\/\/www.europesays.com\/pl\/wp-json\/wp\/v2\/posts"}],"about":[{"href":"https:\/\/www.europesays.com\/pl\/wp-json\/wp\/v2\/types\/post"}],"author":[{"embeddable":true,"href":"https:\/\/www.europesays.com\/pl\/wp-json\/wp\/v2\/users\/2"}],"replies":[{"embeddable":true,"href":"https:\/\/www.europesays.com\/pl\/wp-json\/wp\/v2\/comments?post=177851"}],"version-history":[{"count":0,"href":"https:\/\/www.europesays.com\/pl\/wp-json\/wp\/v2\/posts\/177851\/revisions"}],"wp:featuredmedia":[{"embeddable":true,"href":"https:\/\/www.europesays.com\/pl\/wp-json\/wp\/v2\/media\/177852"}],"wp:attachment":[{"href":"https:\/\/www.europesays.com\/pl\/wp-json\/wp\/v2\/media?parent=177851"}],"wp:term":[{"taxonomy":"category","embeddable":true,"href":"https:\/\/www.europesays.com\/pl\/wp-json\/wp\/v2\/categories?post=177851"},{"taxonomy":"post_tag","embeddable":true,"href":"https:\/\/www.europesays.com\/pl\/wp-json\/wp\/v2\/tags?post=177851"}],"curies":[{"name":"wp","href":"https:\/\/api.w.org\/{rel}","templated":true}]}}