{"id":177858,"date":"2025-12-30T10:53:06","date_gmt":"2025-12-30T10:53:06","guid":{"rendered":"https:\/\/www.europesays.com\/pl\/177858\/"},"modified":"2025-12-30T10:53:06","modified_gmt":"2025-12-30T10:53:06","slug":"jsw-we-wtorek-rozmowy-wazne-dla-dalszych-losow-spolki","status":"publish","type":"post","link":"https:\/\/www.europesays.com\/pl\/177858\/","title":{"rendered":"JSW. We wtorek rozmowy wa\u017cne dla dalszych los\u00f3w sp\u00f3\u0142ki"},"content":{"rendered":"\n<p>&#13;<br \/>\n&#8222;We wtorek, 30 grudnia odb\u0119d\u0105 si\u0119 rozmowy, kt\u00f3re w\u00a0istotny spos\u00f3b zadecyduj\u0105 o\u00a0dalszych losach JSW i\u00a0tysi\u0119cy miejsc pracy. Zarz\u0105d z\u00a0ca\u0142\u0105 moc\u0105 apeluje do\u00a0strony spo\u0142ecznej o\u00a0pe\u0142n\u0105 odpowiedzialno\u015b\u0107, gotowo\u015b\u0107 do\u00a0kompromisu i\u00a0podj\u0119cie decyzji, kt\u00f3re zabezpiecz\u0105 przysz\u0142o\u015b\u0107 sp\u00f3\u0142ki&#8221; \u2013\u00a0napisano w\u00a0komunikacie. &#13;\n<\/p>\n<p>&#13;<br \/>\nDodano, \u017ce\u00a0&#8222;od postawy strony spo\u0142ecznej zale\u017cy, czy\u00a0mo\u017cliwe b\u0119dzie uruchomienie kluczowych dzia\u0142a\u0144 naprawczych i\u00a0unikni\u0119cie najpowa\u017cniejszych konsekwencji dla\u00a0JSW oraz\u00a0jej pracownik\u00f3w&#8221;. &#13;\n<\/p>\n<p>Zarz\u0105d JSW: Koszty s\u0105 wy\u017csze ni\u017c\u00a0przychody. Nie\u00a0mo\u017cna tak dalej funkcjonowa\u0107 <\/p>\n<p>&#13;<br \/>\nZarz\u0105d podkre\u015bli\u0142, \u017ce\u00a0od\u00a0wielu tygodni prowadzi intensywne prace nad planem restrukturyzacji biznesowej. W\u00a0tym czasie odby\u0142y si\u0119 liczne spotkania z\u00a0reprezentatywnymi organizacjami zwi\u0105zkowymi. Skala wyzwa\u0144, przed kt\u00f3rymi obecnie stoi JSW, jest wi\u0119ksza ni\u017c\u00a0w\u00a0poprzednich okresach dekoniunktury, a\u00a0czas na\u00a0podejmowanie decyzji jest mocno ograniczony. W\u00a0takich okoliczno\u015bciach rola strony spo\u0142ecznej ma\u00a0znaczenie fundamentalne. &#13;\n<\/p>\n<p>&#13;<br \/>\n&#8222;Nie mo\u017cna dalej funkcjonowa\u0107 w\u00a0sytuacji, kiedy koszty s\u0105 wy\u017csze ni\u017c\u00a0przychody. Optymalizacja koszt\u00f3w pracy jest jednym z\u00a0g\u0142\u00f3wnych warunk\u00f3w zapewnienia dalszego funkcjonowania JSW oraz\u00a0uzyskania niezb\u0119dnego finansowania. Wszystkie dzia\u0142ania naprawcze, kt\u00f3re le\u017ca\u0142y bezpo\u015brednio w\u00a0gestii zarz\u0105du, zosta\u0142y ju\u017c wdro\u017cone lub\u00a0znajduj\u0105 si\u0119 na\u00a0zaawansowanym etapie realizacji. Jednak bez porozumienia ze\u00a0stron\u0105 spo\u0142eczn\u0105 w\u00a0zakresie tymczasowego ograniczenia koszt\u00f3w pracy skuteczna realizacja programu naprawczego nie\u00a0b\u0119dzie mo\u017cliwa&#8221; \u2013\u00a0napisano. &#13;\n<\/p>\n<p>Najwi\u0119kszy w\u00a0Polsce producent w\u0119gla koksowego na\u00a0kraw\u0119dzi<\/p>\n<p>&#13;<br \/>\nGrupa JSW to\u00a0najwi\u0119kszy producent wysokiej jako\u015bci w\u0119gla koksowego typu 35 (hard) i\u00a0znacz\u0105cy producent koksu w\u00a0Unii Europejskiej. Grupa JSW jest tak\u017ce jednym z\u00a0najwi\u0119kszych pracodawc\u00f3w w\u00a0Polsce (zatrudnia ponad 30 tys. os\u00f3b). Sp\u00f3\u0142ka jest notowana na\u00a0GPW od\u00a02011\u00a0r.; wchodzi w\u00a0sk\u0142ad indeksu WIG20. &#13;\n<\/p>\n<p>&#13;<br \/>\nCzytaj te\u017c:<br \/><a href=\"https:\/\/dorzeczy.pl\/ekonomia\/802509\/restrukturyzacja-jsw-spolka-wydobedzie-135-mln-ton-wegla-w-2026-roku.html\" rel=\"follow nofollow noopener\" data-schema=\"DORZECZY\" data-image=\"https:\/\/img.dorzeczy.pl\/_thumb\/e3\/7b\/50682a63c7c8fa3b0be1c4da4e17.jpeg\" target=\"_blank\">K\u0142opoty JSW. Ujawniono wyniki analiz<\/a>&#13;<\/p>\n","protected":false},"excerpt":{"rendered":"&#13; &#8222;We wtorek, 30 grudnia odb\u0119d\u0105 si\u0119 rozmowy, kt\u00f3re w\u00a0istotny spos\u00f3b zadecyduj\u0105 o\u00a0dalszych losach JSW i\u00a0tysi\u0119cy miejsc pracy.&hellip;\n","protected":false},"author":2,"featured_media":177859,"comment_status":"","ping_status":"","sticky":false,"template":"","format":"standard","meta":{"footnotes":""},"categories":[16],"tags":[113,112,1347,98,105,18033,12929,49,42,38,40,39,41,1756],"class_list":{"0":"post-177858","1":"post","2":"type-post","3":"status-publish","4":"format-standard","5":"has-post-thumbnail","7":"category-biznes","8":"tag-biznes","9":"tag-business","10":"tag-damian-cygan","11":"tag-dorzeczy","12":"tag-ekonomia","13":"tag-gornictwo","14":"tag-jsw","15":"tag-kraj","16":"tag-pl","17":"tag-poland","18":"tag-polish","19":"tag-polska","20":"tag-polski","21":"tag-praca"},"share_on_mastodon":{"url":"https:\/\/pubeurope.com\/@pl\/115808148039142408","error":""},"_links":{"self":[{"href":"https:\/\/www.europesays.com\/pl\/wp-json\/wp\/v2\/posts\/177858","targetHints":{"allow":["GET"]}}],"collection":[{"href":"https:\/\/www.europesays.com\/pl\/wp-json\/wp\/v2\/posts"}],"about":[{"href":"https:\/\/www.europesays.com\/pl\/wp-json\/wp\/v2\/types\/post"}],"author":[{"embeddable":true,"href":"https:\/\/www.europesays.com\/pl\/wp-json\/wp\/v2\/users\/2"}],"replies":[{"embeddable":true,"href":"https:\/\/www.europesays.com\/pl\/wp-json\/wp\/v2\/comments?post=177858"}],"version-history":[{"count":0,"href":"https:\/\/www.europesays.com\/pl\/wp-json\/wp\/v2\/posts\/177858\/revisions"}],"wp:featuredmedia":[{"embeddable":true,"href":"https:\/\/www.europesays.com\/pl\/wp-json\/wp\/v2\/media\/177859"}],"wp:attachment":[{"href":"https:\/\/www.europesays.com\/pl\/wp-json\/wp\/v2\/media?parent=177858"}],"wp:term":[{"taxonomy":"category","embeddable":true,"href":"https:\/\/www.europesays.com\/pl\/wp-json\/wp\/v2\/categories?post=177858"},{"taxonomy":"post_tag","embeddable":true,"href":"https:\/\/www.europesays.com\/pl\/wp-json\/wp\/v2\/tags?post=177858"}],"curies":[{"name":"wp","href":"https:\/\/api.w.org\/{rel}","templated":true}]}}