{"id":177890,"date":"2025-12-30T11:16:08","date_gmt":"2025-12-30T11:16:08","guid":{"rendered":"https:\/\/www.europesays.com\/pl\/177890\/"},"modified":"2025-12-30T11:16:08","modified_gmt":"2025-12-30T11:16:08","slug":"beda-kolejne-ekshumacje-na-wolyniu-jest-zgoda-ukrainy-onet","status":"publish","type":"post","link":"https:\/\/www.europesays.com\/pl\/177890\/","title":{"rendered":"B\u0119d\u0105 kolejne ekshumacje na Wo\u0142yniu. Jest zgoda Ukrainy &#8211; Onet"},"content":{"rendered":"<ol>\n<li><a href=\"https:\/\/news.google.com\/rss\/articles\/CBMitwFBVV95cUxOMFM0bmpPcTY4X2xhaGR0NGIxdk9sNTBCbWlNRmpUR1ROTDJ1SEluclM1ZkVKUmU3bWpnMUxTeUZ4MGV2dHNDVzgxeFNySzdJYXNfU2VYRHZ5a01kUG9NOEs4aWxWM3dtaEVURzNEZlYzbkl5UTh0M083RnM5RkhsN1BSQjQ4RnFlc1dNdk5zT0p0YnY1M29obFpSTklzVjRsNzlCSXhWelBKbHp1elFtQ0xHWk1najQ?oc=5\" target=\"_blank\" rel=\"nofollow noopener\">B\u0119d\u0105 kolejne ekshumacje na Wo\u0142yniu. Jest zgoda Ukrainy<\/a>&nbsp;&nbsp;Onet<\/li>\n<li><a href=\"https:\/\/news.google.com\/rss\/articles\/CBMiqgFBVV95cUxQNEY2VEV0YVp3ZUllaXFDSTEzU1lvYThRTHlYTzZxZ0FLbFFfZUwzd2hqc1VwX0JzdV9OSFY4ZVNWOWJOSjZwa3FLT2k3SnV4U1R4VkhFckF5allNVGFoeEZPN1c0dmdxM0tkbHd6dUhaUUdGQjRvLUI1bWdDck9xSHVucklsbWtOUHJibGFJWWFtMVlLcExKa19GWWlTVzhVSDBheGF6RFJodw?oc=5\" target=\"_blank\" rel=\"nofollow noopener\">Kolejne prace ekshumacyjne w Pu\u017anikach odb\u0119d\u0105 si\u0119 wiosn\u0105. Jest zgoda Ukrainy<\/a>&nbsp;&nbsp;Onet Wiadomo\u015bci<\/li>\n<li><a href=\"https:\/\/news.google.com\/rss\/articles\/CBMisAFBVV95cUxNZzJzak5Ebm9GWFF3RlpfYWFqd2ZDc25HT0VVU1VRRTVXbjRXYlFxSExhaFFrYUNQdzRjZTFkOHpjMDVEaExIR3JHRkI0d0U1bDUzR0ZfNVlTQ2NSc3doTFViRk42cEIzenBESnJkWkFmZkVNWXB3N1VySW1mbUxUVmJYX24zQjRqUmxlMUVXMkRQNUdMV2dIcXRkN0xtQ0RQcjNKWXdWZ05mX2xmY3ZJRQ?oc=5\" target=\"_blank\" rel=\"nofollow noopener\">Jest zgoda Ukrainy. B\u0119d\u0105 kolejne prace poszukiwawcze w Pu\u017anikach<\/a>&nbsp;&nbsp;RMF24<\/li>\n<li><a href=\"https:\/\/news.google.com\/rss\/articles\/CBMiiwFBVV95cUxOenJrOTZTSHlvbm5uR19aUkVPWkc1S2xEckJrR0U1Y2hmNFNMZWNyeXdDOWpIYU9nV2JISDQ1M010T09BN2lVZC1meEl4RUNKWUlKSmphY2s1cEE2OEhCRmtwSWxRSkdianFoOWJfMFRjMVZuUHJaTDhsUDIxTmg4UkdfQ1pjWWlWcHJv?oc=5\" target=\"_blank\" rel=\"nofollow noopener\">Polska dosta\u0142a zgod\u0119 na kolejne ekshumacje w Pu\u017anikach<\/a>&nbsp;&nbsp;Tysol.pl<\/li>\n<li><a href=\"https:\/\/news.google.com\/rss\/articles\/CBMif0FVX3lxTE1hRTcxNEw1ZEdJVFFSWHRLaFhoSnVlNDJSMmlGbnhDdXM5WWc1TVE0ajEtRGFONVAwX2pjTGM0NGVNV1dUWXJiQkRaRlR4Zk1SczEzYnZhMUhnUHNOM2VqblhGVXY2VXE4TXRqdG1nZFNhcXQtdW10LUdoeTFnZ1k?oc=5\" target=\"_blank\" rel=\"nofollow noopener\">Poszukiwania w Ug\u0142ach. Jest data<\/a>&nbsp;&nbsp;WP Wiadomo\u015bci<\/li>\n<\/ol>\n","protected":false},"excerpt":{"rendered":"B\u0119d\u0105 kolejne ekshumacje na Wo\u0142yniu. Jest zgoda Ukrainy&nbsp;&nbsp;Onet Kolejne prace ekshumacyjne w Pu\u017anikach odb\u0119d\u0105 si\u0119 wiosn\u0105. Jest zgoda&hellip;\n","protected":false},"author":2,"featured_media":177891,"comment_status":"","ping_status":"","sticky":false,"template":"","format":"standard","meta":{"footnotes":""},"categories":[12],"tags":[32,33,244,34923,36,37,27,67,34,35,28,31,53,25,52,68,51,55,42,38,40,39,41,47,29,30,390,65,50,26,7659],"class_list":{"0":"post-177890","1":"post","2":"type-post","3":"status-publish","4":"format-standard","5":"has-post-thumbnail","7":"category-polska","8":"tag-breaking-news","9":"tag-breakingnews","10":"tag-ctr_tst","11":"tag-ekshumacja_ekshumacje","12":"tag-featured-news","13":"tag-featurednews","14":"tag-headlines","15":"tag-intextvideo_splayer","16":"tag-latest-news","17":"tag-latestnews","18":"tag-naglowki","19":"tag-najwazniejsze-artykuly","20":"tag-new_header","21":"tag-news","22":"tag-onet3","23":"tag-onet3d","24":"tag-onet3d_2i","25":"tag-phx","26":"tag-pl","27":"tag-poland","28":"tag-polish","29":"tag-polska","30":"tag-polski","31":"tag-screening_general","32":"tag-top-stories","33":"tag-topstories","34":"tag-ukraina_ukrainiec_ukrainka_ukraincy_ukrainki","35":"tag-update_me","36":"tag-v2021","37":"tag-wiadomosci","38":"tag-wolyn"},"share_on_mastodon":{"url":"https:\/\/pubeurope.com\/@pl\/115808238482054486","error":""},"_links":{"self":[{"href":"https:\/\/www.europesays.com\/pl\/wp-json\/wp\/v2\/posts\/177890","targetHints":{"allow":["GET"]}}],"collection":[{"href":"https:\/\/www.europesays.com\/pl\/wp-json\/wp\/v2\/posts"}],"about":[{"href":"https:\/\/www.europesays.com\/pl\/wp-json\/wp\/v2\/types\/post"}],"author":[{"embeddable":true,"href":"https:\/\/www.europesays.com\/pl\/wp-json\/wp\/v2\/users\/2"}],"replies":[{"embeddable":true,"href":"https:\/\/www.europesays.com\/pl\/wp-json\/wp\/v2\/comments?post=177890"}],"version-history":[{"count":0,"href":"https:\/\/www.europesays.com\/pl\/wp-json\/wp\/v2\/posts\/177890\/revisions"}],"wp:featuredmedia":[{"embeddable":true,"href":"https:\/\/www.europesays.com\/pl\/wp-json\/wp\/v2\/media\/177891"}],"wp:attachment":[{"href":"https:\/\/www.europesays.com\/pl\/wp-json\/wp\/v2\/media?parent=177890"}],"wp:term":[{"taxonomy":"category","embeddable":true,"href":"https:\/\/www.europesays.com\/pl\/wp-json\/wp\/v2\/categories?post=177890"},{"taxonomy":"post_tag","embeddable":true,"href":"https:\/\/www.europesays.com\/pl\/wp-json\/wp\/v2\/tags?post=177890"}],"curies":[{"name":"wp","href":"https:\/\/api.w.org\/{rel}","templated":true}]}}