{"id":177949,"date":"2025-12-30T11:58:09","date_gmt":"2025-12-30T11:58:09","guid":{"rendered":"https:\/\/www.europesays.com\/pl\/177949\/"},"modified":"2025-12-30T11:58:09","modified_gmt":"2025-12-30T11:58:09","slug":"ai-w-mobywatelu-wirtualny-asystent-w-aplikacji-od-31-grudnia","status":"publish","type":"post","link":"https:\/\/www.europesays.com\/pl\/177949\/","title":{"rendered":"AI w mObywatelu. Wirtualny asystent w aplikacji od 31 grudnia"},"content":{"rendered":"<p class=\"typography ids-typeset-body ids-typeset-body--preset-large link paragraph ids-paragraph ids-paragraph--default\">mObywatel otrzyma\u0142 w tym roku du\u017co nowo\u015bci, w tym obejmuj\u0105ce od\u015bwie\u017cony interfejs oprogramowania. Na koniec 2025 r. Ministerstwo Cyfryzacji przygotowa\u0142o jedn\u0105 z najwa\u017cniejszych nowych funkcji, nad kt\u00f3r\u0105 prace trwa\u0142y od wielu miesi\u0119cy. Jest ni\u0105 <a href=\"https:\/\/geekweek.interia.pl\/technologia\/news-mobywatel-z-nowa-funkcja-zaczynamy-juz-w-sylwestra,nId,22499335\" target=\"_self\" rel=\"nofollow noopener\">wirtualny asystent<\/a>, czyli czatbot.<\/p>\n<p>Wirtualny asystent debiutuje w aplikacji mObywatel<\/p>\n<p class=\"typography ids-typeset-body ids-typeset-body--preset-large link paragraph ids-paragraph ids-paragraph--default\">Ministerstwo Cyfryzacji zorganizowa\u0142o dzi\u015b specjaln\u0105 konferencj\u0119, kt\u00f3r\u0105 po\u015bwi\u0119cono nowej funkcji z aplikacji <a href=\"https:\/\/geekweek.interia.pl\/marki-i-produkty-mobywatel,gsbi,2905\" target=\"_self\" rel=\"nofollow noopener\">mObywatel<\/a>. Udzia\u0142 w wydarzeniu wzi\u0105\u0142 udzia\u0142 <a href=\"https:\/\/geekweek.interia.pl\/technologia\/news-mobywatel-z-nowa-funkcja-zaczynamy-juz-w-sylwestra,nId,22499335\" target=\"_self\" rel=\"nofollow noopener\">wiceminister resortu Dariusz Standerski<\/a>. Wirtualny asystent to rozwi\u0105zanie bazuj\u0105ce na\u00a0polskim modelu j\u0119zykowym <a href=\"https:\/\/geekweek.interia.pl\/technologia\/sztuczna-inteligencja\/news-pllum-juz-w-czestochowie-pierwszy-samorzad-wdraza-polska-szt,nId,22174011\" target=\"_self\" rel=\"nofollow noopener\">PLLuM<\/a>, kt\u00f3ry stworzono w rodzimych instytutach. Resort zapewnia, \u017ce w ten spos\u00f3b b\u0119dzie w stanie lepiej zrozumie\u0107 potrzeby u\u017cytkownik\u00f3w w kraju. Wdro\u017cenie poprzedzi\u0142 okres publicznych test\u00f3w trwaj\u0105cy blisko 2 miesi\u0105ce.<\/p>\n<p class=\"typography ids-typeset-body ids-typeset-body--preset-large link paragraph ids-paragraph ids-paragraph--default\">Czatbot z aplikacji mObywatel u\u0142atwi nawigacj\u0119 w platformie. Zapewne nie raz zastanawiali\u015bcie si\u0119 nad tym, jak skorzysta\u0107 z danej us\u0142ugi w platformie? Teraz b\u0119dzie to bardzo proste. Wystarczy tylko spyta\u0107 czatbota o konkretn\u0105 spraw\u0119. Po chwili zostan\u0105 zwr\u00f3cone wyniki w postaci odpowiedzi na zadane pytania z konkretnymi linkami.<\/p>\n<blockquote role=\"blockquote\" class=\"quote ids-quote ids-quote--nosurface--short--medium\"><p>Udost\u0119pniamy pierwsz\u0105 wersj\u0119 Wirtualnego asystenta w aplikacji mObywatel. To czatbot oparty na polskim modelu j\u0119zykowym PLLuM, dzi\u0119ki temu dobrze rozumie nasz j\u0119zyk i sprawnie go przetwarza<\/p><\/blockquote>\n<p class=\"typography ids-typeset-body ids-typeset-body--preset-large link paragraph ids-paragraph ids-paragraph--default\">&#8222;Wirtualny asystent zosta\u0142 stworzony po to, aby wspiera\u0107 obywateli w za\u0142atwianiu codziennych spraw i szybkim dost\u0119pie do kluczowych informacji. B\u0119dzie doskonalony wsp\u00f3lnie z u\u017cytkownikami&#8221; &#8211; doda\u0142 Dariusz Standerski z Ministerstwa Cyfryzacji.<\/p>\n<p class=\"typography ids-typeset-body ids-typeset-body--preset-large link paragraph ids-paragraph ids-paragraph--default\">Za\u0142\u00f3\u017cmy, \u017ce chcemy wyrobi\u0107 nowy dow\u00f3d osobisty, bo stary wkr\u00f3tce trafi wa\u017cno\u015b\u0107. Wirtualny asystent przekieruje nas do us\u0142ugi Uzyskaj dow\u00f3d i dowiemy si\u0119 krok po kroku, jak nale\u017cy z niej w\u0142a\u015bciwie skorzysta\u0107. Na p\u00f3\u017aniejszym etapie b\u0119dzie mo\u017cna zapyta\u0107 czatbota, czy dokument jest ju\u017c gotowy do odbioru w urz\u0119dzie. Je\u015bli tak, to zostaniemy o tym fakcie poinformowani.<\/p>\n<p class=\"typography ids-typeset-body ids-typeset-body--preset-large link paragraph ids-paragraph ids-paragraph--default\">Co bardzo wa\u017cne, wirtualny asystent zapewnia bezpiecze\u0144stwo i prywatno\u015b\u0107. Ministerstwo Cyfryzacji wyja\u015bnia, \u017ce czatbot nie zapisuje historii rozm\u00f3w oraz prywatnych danych u\u017cytkownik\u00f3w.<\/p>\n<p>Kiedy czatbot w aplikacji mObywatel?<\/p>\n<p class=\"typography ids-typeset-body ids-typeset-body--preset-large link paragraph ids-paragraph ids-paragraph--default\">Wirtualny asystent b\u0119dzie dost\u0119pny w platformie mObywatel od 31 grudnia br., czyli ju\u017c od \u015brody. Chc\u0105c skorzysta\u0107 z nowej funkcji nale\u017cy si\u0119 upewni\u0107, \u017ce <a href=\"https:\/\/geekweek.interia.pl\/technologia\/news-mobywatel-zmienil-sie-nie-do-poznania-jak-zaktualizowac-apli,nId,22171719\" target=\"_self\" rel=\"nofollow noopener\">zainstalowana wersja aplikacji jest aktualna<\/a>. Mo\u017cna to zrobi\u0107 w bardzo prosty spos\u00f3b.<\/p>\n<p class=\"typography ids-typeset-body ids-typeset-body--preset-large link paragraph ids-paragraph ids-paragraph--default\">Czatbot b\u0119dzie dost\u0119pny od sylwestra w mObywatelu na telefony z Androidem oraz iOS. Pocz\u0105wszy od wersji z numerkiem 4.71.1 lub wy\u017cszej. Wirtualnego asystenta b\u0119dzie mo\u017cna uruchomi\u0107 poprzez now\u0105 ikonk\u0119 na ekranie aplikacji (w prawym g\u00f3rnym rogu oraz w menu Wi\u0119cej).<\/p>\n<p class=\"typography ids-typeset-body ids-typeset-body--preset-large link paragraph ids-paragraph ids-paragraph--default\">Wiceminister cyfryzacji Dariusz Standerski ujawni\u0142, \u017ce udost\u0119pniany w\u0142a\u015bnie wirtualny asystent w mObywatelu to jego pierwsza wersja. To oznacza, \u017ce w przysz\u0142o\u015bci mo\u017cna spodziewa\u0107 si\u0119 udoskonale\u0144 i nowych funkcji w czatbocie.<\/p>\n<ul class=\"typography ids-typeset-body ids-typeset-body--preset-small list--article-list ids-list ids-list--unordered ids-list--size-small \" datatype=\"disc\">\n<li class=\"ids-list-item ids-list-item__content brief-list-item\"><a class=\"ids-undecorated-link link ids-link \" data-spons=\"false\" href=\"https:\/\/geekweek.interia.pl\/technologia\/news-jak-zalozyc-mobywatela-dla-dziecka-i-dodac-dokumenty-w-aplik,nId,22426275\" rel=\"nofollow noopener\" target=\"_blank\">Jak za\u0142o\u017cy\u0107 mObywatela dla dziecka i doda\u0107 dokumenty w aplikacji?<\/a><\/li>\n<li class=\"ids-list-item ids-list-item__content brief-list-item\"><a class=\"ids-undecorated-link link ids-link \" data-spons=\"false\" href=\"https:\/\/geekweek.interia.pl\/technologia\/news-kiedy-apostazja-w-mobywatelu-minister-cyfryzacji-odpowiada,nId,22454892\" rel=\"nofollow noopener\" target=\"_blank\">Kiedy apostazja w mObywatelu? Minister cyfryzacji odpowiada<\/a><\/li>\n<\/ul>\n<p class=\"typography ids-typeset-body ids-typeset-body--preset-large link paragraph ids-paragraph ids-paragraph--default\">W drodze s\u0105 r\u00f3wnie\u017c inne nowo\u015bci, kt\u00f3re <a href=\"https:\/\/geekweek.interia.pl\/technologia\/news-korzystasz-z-mobywatela-w-2026-r-aplikacja-dostanie-liczne-n,nId,22499879\" target=\"_self\" rel=\"nofollow noopener\">mObywatel otrzyma w 2026 r<\/a>. S\u0105 to nowe dokumenty oraz us\u0142ugi, kt\u00f3rych b\u0119dzie ca\u0142kiem sporo.<\/p>\n<p>Nowa ods\u0142ona aplikacji mObywatel. Co s\u0105dz\u0105 o niej Polacy?materia\u0142y promocyjne<\/p>\n<p><a class=\"ids-undecorated-link source ids-page-info--source__link\" href=\"https:\/\/www.interia.pl\" rel=\"nofollow noopener\" target=\"_blank\"><img decoding=\"async\" class=\"ids-image-holder__img\" loading=\"lazy\" alt=\"\" title=\"\" height=\"24px\" src=\"https:\/\/www.europesays.com\/pl\/wp-content\/uploads\/2025\/12\/1767018369_582_0009A60QQ5I2TYF7-C202-F4.webp.webp\"\/><\/a><\/p>\n<p>Masz sugestie, uwagi albo widzisz b\u0142\u0105d? Napisz do nas<\/p>\n<p>Zapisz si\u0119 na geekweekowy newsletter i \u0142ap naj\u015bwie\u017csze newsy ze \u015bwiata tech, lifehacki, porady i ciekawostki.<\/p>\n","protected":false},"excerpt":{"rendered":"mObywatel otrzyma\u0142 w tym roku du\u017co nowo\u015bci, w tym obejmuj\u0105ce od\u015bwie\u017cony interfejs oprogramowania. Na koniec 2025 r. Ministerstwo&hellip;\n","protected":false},"author":2,"featured_media":177950,"comment_status":"","ping_status":"","sticky":false,"template":"","format":"standard","meta":{"footnotes":""},"categories":[12],"tags":[32,33,36,37,27,34,35,28,31,25,42,38,40,39,41,29,30,26],"class_list":{"0":"post-177949","1":"post","2":"type-post","3":"status-publish","4":"format-standard","5":"has-post-thumbnail","7":"category-polska","8":"tag-breaking-news","9":"tag-breakingnews","10":"tag-featured-news","11":"tag-featurednews","12":"tag-headlines","13":"tag-latest-news","14":"tag-latestnews","15":"tag-naglowki","16":"tag-najwazniejsze-artykuly","17":"tag-news","18":"tag-pl","19":"tag-poland","20":"tag-polish","21":"tag-polska","22":"tag-polski","23":"tag-top-stories","24":"tag-topstories","25":"tag-wiadomosci"},"share_on_mastodon":{"url":"https:\/\/pubeurope.com\/@pl\/115808403635129964","error":""},"_links":{"self":[{"href":"https:\/\/www.europesays.com\/pl\/wp-json\/wp\/v2\/posts\/177949","targetHints":{"allow":["GET"]}}],"collection":[{"href":"https:\/\/www.europesays.com\/pl\/wp-json\/wp\/v2\/posts"}],"about":[{"href":"https:\/\/www.europesays.com\/pl\/wp-json\/wp\/v2\/types\/post"}],"author":[{"embeddable":true,"href":"https:\/\/www.europesays.com\/pl\/wp-json\/wp\/v2\/users\/2"}],"replies":[{"embeddable":true,"href":"https:\/\/www.europesays.com\/pl\/wp-json\/wp\/v2\/comments?post=177949"}],"version-history":[{"count":0,"href":"https:\/\/www.europesays.com\/pl\/wp-json\/wp\/v2\/posts\/177949\/revisions"}],"wp:featuredmedia":[{"embeddable":true,"href":"https:\/\/www.europesays.com\/pl\/wp-json\/wp\/v2\/media\/177950"}],"wp:attachment":[{"href":"https:\/\/www.europesays.com\/pl\/wp-json\/wp\/v2\/media?parent=177949"}],"wp:term":[{"taxonomy":"category","embeddable":true,"href":"https:\/\/www.europesays.com\/pl\/wp-json\/wp\/v2\/categories?post=177949"},{"taxonomy":"post_tag","embeddable":true,"href":"https:\/\/www.europesays.com\/pl\/wp-json\/wp\/v2\/tags?post=177949"}],"curies":[{"name":"wp","href":"https:\/\/api.w.org\/{rel}","templated":true}]}}