{"id":177951,"date":"2025-12-30T12:00:08","date_gmt":"2025-12-30T12:00:08","guid":{"rendered":"https:\/\/www.europesays.com\/pl\/177951\/"},"modified":"2025-12-30T12:00:08","modified_gmt":"2025-12-30T12:00:08","slug":"burza-po-dyskwalifikacji-w-tcs-sven-hannawald-wydal-wyrok-precz-z-nim-przeglad-sportowy-onet","status":"publish","type":"post","link":"https:\/\/www.europesays.com\/pl\/177951\/","title":{"rendered":"Burza po dyskwalifikacji w TCS. Sven Hannawald wyda\u0142 wyrok. &quot;Precz z nim&quot; &#8211; Przegl\u0105d Sportowy Onet"},"content":{"rendered":"<ol>\n<li><a href=\"https:\/\/news.google.com\/rss\/articles\/CBMi2gFBVV95cUxPWkZid2ludUxIQjM2OHFTQ1BvRUJXQk9NZnlzWU9wWkV5MHpFc2lRWWRudHk4NDhPNC02V3R1eFhlNGg1OWVXOGtBbGN3Y2pkWGxHZmhCZWV3Zl9VRzZqVDJacVljQm1uTUJwUEtlYVR0aTlQWWdhcE5mdnlvU25zaVdPNzNKdlNBTlhseTJucG5NNUV1anBzOE9BWXI5TjJLWm9uYnU5NzBsVnl4czJxRmFnTk5sb2ZpZFpfdFE2Y1FjV3JEQzNxRHdod3pVVTRqSDc1VG1oczYtUQ?oc=5\" target=\"_blank\" rel=\"nofollow noopener\">Burza po dyskwalifikacji w TCS. Sven Hannawald wyda\u0142 wyrok. &#8222;Precz z nim&#8221;<\/a>&nbsp;&nbsp;Przegl\u0105d Sportowy Onet<\/li>\n<li><a href=\"https:\/\/news.google.com\/rss\/articles\/CBMiqAFBVV95cUxOaWNNMzZJeVFpcF8yR0tRcWtnVzdFc0l5SzdmbXZPWWxaWUxpdGY4dFlYMVA2eXVlTDlOVG1oaWdKVFBYdHNXREYtSkJma0M2M0p6anVPVkJNMkphRGlUM1dGQ1JyenUyd2xqcmJpUjYwSWlIeVUtcEdhbEd6YVRXNjdYRnFmbURzdmh2bnVRRzFZcGNjWkYwZUF2NGJaUDFTWVNoQmpwRkM?oc=5\" target=\"_blank\" rel=\"nofollow noopener\">Dramat Niemc\u00f3w. Mog\u0105 tylko Polakom zazdro\u015bci\u0107 [OPINIA]<\/a>&nbsp;&nbsp;SportoweFakty<\/li>\n<li><a href=\"https:\/\/news.google.com\/rss\/articles\/CBMiugFBVV95cUxPQUFPWUh4OEV5OWpQTHY1blB5WmVsSjNYTDZiTkxQRUlfLVAxY0R3bEV0OEUtTXE2cTlHd1dXRDRyZDZucm5VVEdzZHpIaC1uWGNVaG5FaTMtcV9NVk9DaXNRMUtCTlc0QWpoNG5KY1ZUbHJvVVFNY1h2SHNRZFowYlZvWW1SQVNsemNmbWxpOUhaVUtraXBHaF81U2Fna2x5ZkY5dlJUS09iV1RXVURJcThKaEZ6MjltY0E?oc=5\" target=\"_blank\" rel=\"nofollow noopener\">Burza po dyskwalifikacji czo\u0142owego skoczka \u015bwiata. Oto co si\u0119 sta\u0142o w kabinie<\/a>&nbsp;&nbsp;Sport.pl<\/li>\n<li><a href=\"https:\/\/news.google.com\/rss\/articles\/CBMi2gJBVV95cUxNT2didDdqQ1FrVTBQdXc3TjF6M2tKaVdyNjlGRTBvWWNURERCMDg3Ti1wT0xCcHp3ZEpFY056dF9sRHN1T0t1d3JpRFlaRDdKUjBCV2ZRcXBOaHNWa19ldi12blFYaVFyTEZQTkRJVDh4QkJGVXdrbHNVZ1VEZTRHQ0FMd0Vzb1FLa3EyaXVrc3JqdUczRDhuMEgyQ0lOZlJ5ZnF4OGFfRjFiajQ2Q1pKM0VJT0hUUldoWXl4TjZNT1hCbHJYeWhfQ3RpdkRKV0FHcWZtblpWN0pHaUlfNjE5Wkt0ZnAyWVhwYnBHYzZHc2pPN1JFTTliQ1g4QmdFNGVPeHRDdV9OOHpKWTBmTGY5YlZObkFmTDBYbWVwNDBfNHo0QVBXYzk1ZWgwYXpCdklpSlZfcEZQTWdjelpDQWVSV1VUM0hHazYyOVNCSGhxNTJwZk9iN1B1NzJ3?oc=5\" target=\"_blank\" rel=\"nofollow noopener\">Pogr\u0105\u017cy\u0142y go milimetry. Kulisy dyskwalifikacji Zajca<\/a>&nbsp;&nbsp;Eurosport Polska<\/li>\n<li><a href=\"https:\/\/news.google.com\/rss\/articles\/CBMiwwFBVV95cUxQU0NZQUNteFBuQzQzS0I5UGt0VE8xaXk4bnM2NEhoSGtmbXEycWk5OVgxdk9vdFZ6ZFlUTzJ6bVdaellVNVBTUEhlM0M3WkJPOEN5clRCblYxVkhvZlhmVXV5TmtjLVA2OWVBZGdOOXItSy11aW5GTGFadWFJRWdKZUprMFplWVljY2lfdTY4cmI0WGp2YlY0ckpvTG5KSmNCVTYyTVYxeFo5bTlUYVdYWDNRb3BxeXBNXzRWN2ZmenFDYlU?oc=5\" target=\"_blank\" rel=\"nofollow noopener\">Burza po dyskwalifikacji Zajca w Oberstdorfie. S\u0142oweniec nie m\u00f3g\u0142 milcze\u0107<\/a>&nbsp;&nbsp;Sport w INTERIA.PL<\/li>\n<\/ol>\n","protected":false},"excerpt":{"rendered":"Burza po dyskwalifikacji w TCS. Sven Hannawald wyda\u0142 wyrok. &#8222;Precz z nim&#8221;&nbsp;&nbsp;Przegl\u0105d Sportowy Onet Dramat Niemc\u00f3w. Mog\u0105 tylko&hellip;\n","protected":false},"author":2,"featured_media":177952,"comment_status":"","ping_status":"","sticky":false,"template":"","format":"standard","meta":{"footnotes":""},"categories":[24],"tags":[67,42,38,40,39,41,136,128,47,1874,127,135,126,34931,34701,4562,28548,130],"class_list":{"0":"post-177951","1":"post","2":"type-post","3":"status-publish","4":"format-standard","5":"has-post-thumbnail","7":"category-sport","8":"tag-intextvideo_splayer","9":"tag-pl","10":"tag-poland","11":"tag-polish","12":"tag-polska","13":"tag-polski","14":"tag-ps_detal_new","15":"tag-psv2","16":"tag-screening_general","17":"tag-skoki_narciarskie","18":"tag-sport","19":"tag-sport_sport","20":"tag-sports","21":"tag-sven_hannawald","22":"tag-timi_zajc","23":"tag-tka","24":"tag-turniej_czterech_skoczni","25":"tag-wiadomosci_sportowe"},"share_on_mastodon":{"url":"https:\/\/pubeurope.com\/@pl\/115808411780683512","error":""},"_links":{"self":[{"href":"https:\/\/www.europesays.com\/pl\/wp-json\/wp\/v2\/posts\/177951","targetHints":{"allow":["GET"]}}],"collection":[{"href":"https:\/\/www.europesays.com\/pl\/wp-json\/wp\/v2\/posts"}],"about":[{"href":"https:\/\/www.europesays.com\/pl\/wp-json\/wp\/v2\/types\/post"}],"author":[{"embeddable":true,"href":"https:\/\/www.europesays.com\/pl\/wp-json\/wp\/v2\/users\/2"}],"replies":[{"embeddable":true,"href":"https:\/\/www.europesays.com\/pl\/wp-json\/wp\/v2\/comments?post=177951"}],"version-history":[{"count":0,"href":"https:\/\/www.europesays.com\/pl\/wp-json\/wp\/v2\/posts\/177951\/revisions"}],"wp:featuredmedia":[{"embeddable":true,"href":"https:\/\/www.europesays.com\/pl\/wp-json\/wp\/v2\/media\/177952"}],"wp:attachment":[{"href":"https:\/\/www.europesays.com\/pl\/wp-json\/wp\/v2\/media?parent=177951"}],"wp:term":[{"taxonomy":"category","embeddable":true,"href":"https:\/\/www.europesays.com\/pl\/wp-json\/wp\/v2\/categories?post=177951"},{"taxonomy":"post_tag","embeddable":true,"href":"https:\/\/www.europesays.com\/pl\/wp-json\/wp\/v2\/tags?post=177951"}],"curies":[{"name":"wp","href":"https:\/\/api.w.org\/{rel}","templated":true}]}}