{"id":177994,"date":"2025-12-30T12:27:07","date_gmt":"2025-12-30T12:27:07","guid":{"rendered":"https:\/\/www.europesays.com\/pl\/177994\/"},"modified":"2025-12-30T12:27:07","modified_gmt":"2025-12-30T12:27:07","slug":"nagly-dekret-lukaszenki-ulaskawil-kolejnych-wiezniow-wp-wiadomosci","status":"publish","type":"post","link":"https:\/\/www.europesays.com\/pl\/177994\/","title":{"rendered":"Nag\u0142y dekret \u0141ukaszenki. U\u0142askawi\u0142 kolejnych wi\u0119\u017ani\u00f3w &#8211; WP Wiadomo\u015bci"},"content":{"rendered":"<ol>\n<li><a href=\"https:\/\/news.google.com\/rss\/articles\/CBMimwFBVV95cUxPcWdoRjBMXzVDNEV1R2lfSFhmT0JTMC1WWW5NRGxCUmhZNUJtTHBXVm5ZbjJDZXA5NmpIWlRfMG5aRjIzQzFJQjBjRGZzamRneWd5bjRNOFhtUms4QXkzVkxZc2NuLUdJOFA2dVZ1eWhhQ0U1b3pwd1VKRlA0M3MwTGpPclI5dHluYWR3N3VNMHNSb0thTEFvNzA3VQ?oc=5\" target=\"_blank\" rel=\"nofollow noopener\">Nag\u0142y dekret \u0141ukaszenki. U\u0142askawi\u0142 kolejnych wi\u0119\u017ani\u00f3w<\/a>&nbsp;&nbsp;WP Wiadomo\u015bci<\/li>\n<li><a href=\"https:\/\/news.google.com\/rss\/articles\/CBMiugFBVV95cUxQMlFhcDJnM1AzaWNOcVlqUFdrWV9ybThHa09Cb3gyU3diSXVsUGhsM0huUXAxMV9zcG05QVNFTGdrRDRFMUhSTk1vVjI1a2ZzdTU5MFZlMW9vT0N2YlFmVTFONEhTQlB3VTNIZThCZUFIUTRXSTdVUXNlR3MyYmNvQmFfT1dBaS1yQlRTVFdSMUVhVERCVDNjeFVFRHBIOHdneEdPT3BnaVBKUlpFZVhzS3BhWkhncWpXckE?oc=5\" target=\"_blank\" rel=\"nofollow noopener\">Niespodziewana decyzja bia\u0142oruskiego dyktatora tu\u017c przed Nowym Rokiem. &#8222;Z przyczyn humanitarnych&#8221;<\/a>&nbsp;&nbsp;Wydarzenia w INTERIA.PL<\/li>\n<li><a href=\"https:\/\/news.google.com\/rss\/articles\/CBMijAFBVV95cUxNYXk5dEhJMUs1NDFSTGtVSG5haUtGWHJ0TGJLWnkyTXlFV1FSOW42dnVwSXk1czRoX1VwVDdjTl9IX2xmWUtlU2xINUhFSlE5cjEweE93c01JMFE4c0xaSDJkWUM2LTEzZW1TWDUxMFZ4Q3oxX0o3UjZkdDZfOTlBRmtCSjJJeEpobF9DdQ?oc=5\" target=\"_blank\" rel=\"nofollow noopener\">Alaksandr \u0141ukaszenka podpisa\u0142 dekret o u\u0142askawieniu 22 os\u00f3b. Skorzysta\u0142y z aktu \u0142aski<\/a>&nbsp;&nbsp;Wyborcza.pl<\/li>\n<li><a href=\"https:\/\/news.google.com\/rss\/articles\/CBMiowFBVV95cUxNU3J4R1hWNGtYVTNQSjdidFVZOW1selA1V0ZYU05uUlk2WGZHNENZN2k4RFpieEdIWmNPNVRsTFZjWjh2SklpMGJNSV85V3F5LTYwcTJERVo4a0QwMGhqaXgzQ0wyazNxQ1JYb1JQNXFwSkMzVmRreEo2QW5nVFNRTjdvUmNhOUdMYTFZNFhYLUkxSjB3YUtjQWRfZGNPNTM4Q1Vz?oc=5\" target=\"_blank\" rel=\"nofollow noopener\">Aleksander \u0141ukaszenko u\u0142askawi\u0142 22 osoby. &#8222;Wyrazi\u0142y skruch\u0119&#8221;<\/a>&nbsp;&nbsp;Onet Wiadomo\u015bci<\/li>\n<li><a href=\"https:\/\/news.google.com\/rss\/articles\/CBMiowFBVV95cUxNWDFZOFdfMGFWdk5QS2FNU3lNenhYRDVOUnE3UXFvOVBrYjBycUJXeElfeFY5ai1NV0I5elV4QVM0SnNDbHBDaGpheGNETUpzTUliUnI0NkxYVG13SDBsLXpDLV9ubDVvNnJvVGFoTXdoVWxQRVNuQnhCdl9mR2U0aFVMeGxQWW95azg4UTNQTkZNSldhZEozTWJUVlpaOGVBeE5V?oc=5\" target=\"_blank\" rel=\"nofollow noopener\">\u0141ukaszenka zdecydowa\u0142. Bia\u0142oru\u015b uwalnia 22 wi\u0119\u017ani\u00f3w politycznych<\/a>&nbsp;&nbsp;Do Rzeczy<\/li>\n<\/ol>\n","protected":false},"excerpt":{"rendered":"Nag\u0142y dekret \u0141ukaszenki. U\u0142askawi\u0142 kolejnych wi\u0119\u017ani\u00f3w&nbsp;&nbsp;WP Wiadomo\u015bci Niespodziewana decyzja bia\u0142oruskiego dyktatora tu\u017c przed Nowym Rokiem. &#8222;Z przyczyn humanitarnych&#8221;&nbsp;&nbsp;Wydarzenia&hellip;\n","protected":false},"author":2,"featured_media":177995,"comment_status":"","ping_status":"","sticky":false,"template":"","format":"standard","meta":{"footnotes":""},"categories":[5],"tags":[32,33,36,37,27,34,35,28,31,25,42,38,40,39,41,29,30,26],"class_list":{"0":"post-177994","1":"post","2":"type-post","3":"status-publish","4":"format-standard","5":"has-post-thumbnail","7":"category-naglowki","8":"tag-breaking-news","9":"tag-breakingnews","10":"tag-featured-news","11":"tag-featurednews","12":"tag-headlines","13":"tag-latest-news","14":"tag-latestnews","15":"tag-naglowki","16":"tag-najwazniejsze-artykuly","17":"tag-news","18":"tag-pl","19":"tag-poland","20":"tag-polish","21":"tag-polska","22":"tag-polski","23":"tag-top-stories","24":"tag-topstories","25":"tag-wiadomosci"},"share_on_mastodon":{"url":"https:\/\/pubeurope.com\/@pl\/115808517944521598","error":""},"_links":{"self":[{"href":"https:\/\/www.europesays.com\/pl\/wp-json\/wp\/v2\/posts\/177994","targetHints":{"allow":["GET"]}}],"collection":[{"href":"https:\/\/www.europesays.com\/pl\/wp-json\/wp\/v2\/posts"}],"about":[{"href":"https:\/\/www.europesays.com\/pl\/wp-json\/wp\/v2\/types\/post"}],"author":[{"embeddable":true,"href":"https:\/\/www.europesays.com\/pl\/wp-json\/wp\/v2\/users\/2"}],"replies":[{"embeddable":true,"href":"https:\/\/www.europesays.com\/pl\/wp-json\/wp\/v2\/comments?post=177994"}],"version-history":[{"count":0,"href":"https:\/\/www.europesays.com\/pl\/wp-json\/wp\/v2\/posts\/177994\/revisions"}],"wp:featuredmedia":[{"embeddable":true,"href":"https:\/\/www.europesays.com\/pl\/wp-json\/wp\/v2\/media\/177995"}],"wp:attachment":[{"href":"https:\/\/www.europesays.com\/pl\/wp-json\/wp\/v2\/media?parent=177994"}],"wp:term":[{"taxonomy":"category","embeddable":true,"href":"https:\/\/www.europesays.com\/pl\/wp-json\/wp\/v2\/categories?post=177994"},{"taxonomy":"post_tag","embeddable":true,"href":"https:\/\/www.europesays.com\/pl\/wp-json\/wp\/v2\/tags?post=177994"}],"curies":[{"name":"wp","href":"https:\/\/api.w.org\/{rel}","templated":true}]}}