{"id":177998,"date":"2025-12-30T12:29:09","date_gmt":"2025-12-30T12:29:09","guid":{"rendered":"https:\/\/www.europesays.com\/pl\/177998\/"},"modified":"2025-12-30T12:29:09","modified_gmt":"2025-12-30T12:29:09","slug":"to-dlatego-agnieszka-kaczorowska-nie-ochrzcila-corek-nie-naleze-do-kosciola-katolickiego-plotek-pl","status":"publish","type":"post","link":"https:\/\/www.europesays.com\/pl\/177998\/","title":{"rendered":"To dlatego Agnieszka Kaczorowska nie ochrzci\u0142a c\u00f3rek. &#039;Nie nale\u017c\u0119 do Ko\u015bcio\u0142a Katolickiego&#039; &#8211; Plotek.pl"},"content":{"rendered":"<ol>\n<li><a href=\"https:\/\/news.google.com\/rss\/articles\/CBMisgFBVV95cUxNd0FHMTlyaEdxeU9XT3RfQTJQRkkzdEpfa01xdGJ4dV9HTEFuOUF0eHp3UkZGSTFoQ0FoODN3RW54azNndjBiblhnY1FMaDJFVHMzam9oSFJNbTlHeGZYbFhiOGJ4Y1dXOUtJLUdmcXZoelBiVzdXd25fczFTRm9zMkhZVFNCcHo3V1h5X204eXF3bzItbWd2cnZOU0xEX2pOUUNENjBQZVBlUzZfRVo4Z3ln?oc=5\" target=\"_blank\" rel=\"nofollow noopener\">To dlatego Agnieszka Kaczorowska nie ochrzci\u0142a c\u00f3rek. 'Nie nale\u017c\u0119 do Ko\u015bcio\u0142a Katolickiego&#8217;<\/a>&nbsp;&nbsp;Plotek.pl<\/li>\n<li><a href=\"https:\/\/news.google.com\/rss\/articles\/CBMipgFBVV95cUxNSjBieURSTkQ4U2xwcFlKRWxCM3l6bTJHQ0RZemwtZnpvbzNGMDEwREE0U21kRjQ0QlVCY295cTlHTlhPYmNUN2xLTFhSZ3U5MV9oTkdjQ2xjY0djdUcxQUN6N2VtVjdnRURCdHBSQk5pVGs2MzJoLVJIWHpMOVN6TkF4VktLbWpMRFNQQWx6cVpHd2lNX0xqVHVuek9hMnJySmw1Z093?oc=5\" target=\"_blank\" rel=\"nofollow noopener\">Kaczorowska nie ochrzci\u0142a c\u00f3rek. To nie tradycja zdecydowa\u0142a o jej wyborze<\/a>&nbsp;&nbsp;Fakt<\/li>\n<li><a href=\"https:\/\/news.google.com\/rss\/articles\/CBMi1wFBVV95cUxNQTdhcmFJQ2c5UDlZN0FlZk1NakhIbzU3X0JNUHBhQ2k2M3BBS3RDRi10Zjl5ZS12ZnQ1TFBXUXFQa2RxdlRMdHZzOUxZN2lFQXBueVl0Y2liVWZ3SzZ0U0Y3eURoVFlPR3BTX19RTW5zQ0w0N0FaRkJlaDFlNmNnRXZCWkpPUEdxeXZucVl2bF9PdTlrYlhndWhnUDlqUkhFWjljUEJsWmVFVmJpODNmNzRhQmVqR3BsclFUVi1ad2JNaHZFVVQ2ZVNVb2ZKTUZwZ1UtTUR5VQ?oc=5\" target=\"_blank\" rel=\"nofollow noopener\">Agnieszka Kaczorowska wraca do afery po jej s\u0142owach o &#8222;modzie na brzydot\u0119&#8221;: &#8222;BA\u0141AM SI\u0118 WYCHODZI\u0106 Z DOMU&#8221;<\/a>&nbsp;&nbsp;Pudelek<\/li>\n<li><a href=\"https:\/\/news.google.com\/rss\/articles\/CBMi1wFBVV95cUxOa0JyUnN5WFBSam5rYkh1RXhQR04xRHZpdTh5WDBCbTdneVBQUHoxclk5MDQ4REJiOFcxMmZ2dkNYQlVsb1RzRjRVU2ZLVU9xTTNTSUtwTml3UjcyTzJ3SDJkTHkwaHZRRVRMdGZ1SnlsNTN2UjdTZFNWeUdEZm5xQ3dLMFdMY3ZFeS0tQzN3U1FwUjZxNk1sdHpYQlVZZnFWUzJCdzB5M3hhalVyOTFFbnlMS3NHSS05QXlWNS10S3dsQjFjRjNBUkZzY1ZhQVo3TjY1TVlEUQ?oc=5\" target=\"_blank\" rel=\"nofollow noopener\">Szokuj\u0105ce wyznanie Kaczorowskiej! &#8222;To by\u0142 taki punkt zwrotny, kiedy si\u0119 odklei\u0142am&#8221;<\/a>&nbsp;&nbsp;Super Express<\/li>\n<li><a href=\"https:\/\/news.google.com\/rss\/articles\/CBMirgFBVV95cUxOdVI2WFdYTmJuMGZRaXdXSnZBZGltYk9uWVRkVlF6NGRBY2Zvd1g2M2xBN01nVmdYclZfd1dKekJ0Q0prdzF0eHRaOTNmRWJjNGVPS09SZzVaamcxWWJMVk00OUVJT1lYS01PTkhkTnFiMTQ3bVBQYXBqZDlhS3hFNkt5cG9PSTlXbjBsZmtYSVB3OXFMVXpVNktfWUE4Y2FpMmwydENDU0VsRzZnRHc?oc=5\" target=\"_blank\" rel=\"nofollow noopener\">Kaczorowska tu\u017c po \u015bwi\u0119tach opowiedzia\u0142a o prze\u0142omie w \u017cyciu. Ju\u017c tego nie ukrywa<\/a>&nbsp;&nbsp;Pomponik.pl<\/li>\n<\/ol>\n","protected":false},"excerpt":{"rendered":"To dlatego Agnieszka Kaczorowska nie ochrzci\u0142a c\u00f3rek. 'Nie nale\u017c\u0119 do Ko\u015bcio\u0142a Katolickiego&#8217;&nbsp;&nbsp;Plotek.pl Kaczorowska nie ochrzci\u0142a c\u00f3rek. To nie&hellip;\n","protected":false},"author":2,"featured_media":113738,"comment_status":"","ping_status":"","sticky":false,"template":"","format":"standard","meta":{"footnotes":""},"categories":[22],"tags":[122,42,38,40,39,41,123],"class_list":{"0":"post-177998","1":"post","2":"type-post","3":"status-publish","4":"format-standard","5":"has-post-thumbnail","7":"category-rozrywka","8":"tag-entertainment","9":"tag-pl","10":"tag-poland","11":"tag-polish","12":"tag-polska","13":"tag-polski","14":"tag-rozrywka"},"share_on_mastodon":{"url":"https:\/\/pubeurope.com\/@pl\/115808525519062366","error":""},"_links":{"self":[{"href":"https:\/\/www.europesays.com\/pl\/wp-json\/wp\/v2\/posts\/177998","targetHints":{"allow":["GET"]}}],"collection":[{"href":"https:\/\/www.europesays.com\/pl\/wp-json\/wp\/v2\/posts"}],"about":[{"href":"https:\/\/www.europesays.com\/pl\/wp-json\/wp\/v2\/types\/post"}],"author":[{"embeddable":true,"href":"https:\/\/www.europesays.com\/pl\/wp-json\/wp\/v2\/users\/2"}],"replies":[{"embeddable":true,"href":"https:\/\/www.europesays.com\/pl\/wp-json\/wp\/v2\/comments?post=177998"}],"version-history":[{"count":0,"href":"https:\/\/www.europesays.com\/pl\/wp-json\/wp\/v2\/posts\/177998\/revisions"}],"wp:featuredmedia":[{"embeddable":true,"href":"https:\/\/www.europesays.com\/pl\/wp-json\/wp\/v2\/media\/113738"}],"wp:attachment":[{"href":"https:\/\/www.europesays.com\/pl\/wp-json\/wp\/v2\/media?parent=177998"}],"wp:term":[{"taxonomy":"category","embeddable":true,"href":"https:\/\/www.europesays.com\/pl\/wp-json\/wp\/v2\/categories?post=177998"},{"taxonomy":"post_tag","embeddable":true,"href":"https:\/\/www.europesays.com\/pl\/wp-json\/wp\/v2\/tags?post=177998"}],"curies":[{"name":"wp","href":"https:\/\/api.w.org\/{rel}","templated":true}]}}