{"id":177999,"date":"2025-12-30T12:31:16","date_gmt":"2025-12-30T12:31:16","guid":{"rendered":"https:\/\/www.europesays.com\/pl\/177999\/"},"modified":"2025-12-30T12:31:16","modified_gmt":"2025-12-30T12:31:16","slug":"pkp-intercity-kupuje-pociagi-kdp-polskie-firmy-wezma-udzial-znamy-szczegoly","status":"publish","type":"post","link":"https:\/\/www.europesays.com\/pl\/177999\/","title":{"rendered":"PKP Intercity kupuje poci\u0105gi KDP. Polskie firmy wezm\u0105 udzia\u0142? Znamy szczeg\u00f3\u0142y!"},"content":{"rendered":"<p>Nowe poci\u0105gi du\u017cych pr\u0119dko\u015bci maj\u0105 rozwija\u0107 od 320 do 350 km\/h, a w ich powstaniu i utrzymaniu maj\u0105 wzi\u0105\u0107 udzia\u0142 polskie firmy. \u2013 To historyczny moment dla polskiej kolei. Celem jest maksymalny udzia\u0142 polskich przedsi\u0119biorstw w budowie jak i utrzymaniu taboru oraz \u017ceby kolej by\u0142a pierwszym wyborem Polak\u00f3w \u2013 m\u00f3wi\u0142 minister infrastruktury Dariusz Klimczak. <\/p>\n<p>Dzisiaj (30 grudnia) PKP Intercity oficjalnie og\u0142osi\u0142y rozpocz\u0119cie post\u0119powania na dostaw\u0119 sk\u0142ad\u00f3w kolei du\u017cych pr\u0119dko\u015bci. Minister Klimczak podkre\u015bla\u0142, \u017ce w post\u0119powaniu b\u0119d\u0105 mogli wzi\u0105\u0107 udzia\u0142 polscy przedsi\u0119biorcy, a ich udzia\u0142 w ca\u0142ym procesie ma by\u0107 kluczowy. <\/p>\n<p>Klimczak: Historyczny moment, polskie firmy wezm\u0105 udzia\u0142\t<br \/>\u2013 Planujemy kupi\u0107 high-speedy, kt\u00f3re b\u0119d\u0105 je\u017adzi\u0142y po polskich torach z pr\u0119dko\u015bci\u0105 mi\u0119dzy 320 a 350 km\/h. B\u0119d\u0105 je\u017adzi\u0142y mi\u0119dzy Warszaw\u0105, Portem Polska a \u0141odzi\u0105 w pierwszym etapie, w drugim za\u015b \u2013 do Wroc\u0142awia i do Poznania. To jest historyczny zakup, kt\u00f3rego celem jest nie tylko nabycie high-speed\u00f3w, taboru, jego utrzymanie, ale i budowa zaplecza technicznego \u2013 m\u00f3wi\u0142 minister infrastruktury Dariusz Klimczak.<\/p>\n<p>Minister podkre\u015bla\u0142 przy tym, \u017ce dzia\u0142ania te s\u0105 zsynchronizowane z budow\u0105 kolei du\u017cych pr\u0119dko\u015bci. Wczoraj sp\u00f3\u0142ka CPK og\u0142osi\u0142a bowiem r\u00f3wnie\u017c <a href=\"https:\/\/www.rynek-kolejowy.pl\/wiadomosci\/cpk-rusza-pierwsze-postepowanie-na-linie-kolei-duzych-predkosci-126139.html\" target=\"_blank\" rel=\"nofollow noopener\">pierwsze post\u0119powanie na budow\u0119 linii kolei du\u017cych pr\u0119dko\u015bci w Polsce<\/a>\u00a0(nie licz\u0105c budowanego ju\u017c <a href=\"https:\/\/www.rynek-kolejowy.pl\/wiadomosci\/tunel-kdp-w-lodzi-porr-tarcza-tbm-bedzie-gotowa--125297.html\" target=\"_blank\" rel=\"nofollow noopener\">tunelu KDP pod centrum \u0141odzi<\/a>, w kt\u00f3rym jednak pr\u0119dko\u015b\u0107 maksymalna b\u0119dzie znacznie ni\u017csza).<\/p>\n<p>\u2013 We wrze\u015bniu w Gda\u0144sku, wsp\u00f3lnie z panem premierem Donaldem Tuskiem, <a href=\"https:\/\/www.rynek-kolejowy.pl\/wiadomosci\/tusk-rzuca-wyzwanie-pesa-i-newagowi-w-przetargu-na-kdp-124865.html\" target=\"_blank\" rel=\"nofollow noopener\">zadali\u015bmy kluczowe pytanie polskim producentom poci\u0105g\u00f3w<\/a>: czy podejmiecie wyzwanie i przyst\u0105picie do przetargu na wybudowanie high-speed\u00f3w? Odpowied\u017a by\u0142a twierdz\u0105ca. Wtedy do dzia\u0142ania przesz\u0142o PKP Intercity i prowadzi\u0142o konsultacje. W wyniku tych konsultacji uzyska\u0142o potwierdzenie, \u017ce tak, polscy producenci poci\u0105g\u00f3w przyst\u0105pi\u0105 do przetargu na budow\u0119 high speed\u00f3w w partnerstwie z podmiotami, kt\u00f3re maj\u0105 odpowiedni\u0105 technologi\u0119 i do\u015bwiadczenie \u2013 m\u00f3wi\u0142 Klimczak.<\/p>\n<p>Pojedziemy ponad 300 km\/h. KDP to nie tylko kolej, to idea<br \/>\u2013 Zak\u0142adamy model mieszany: po naszych liniach du\u017cych pr\u0119dko\u015bci pojad\u0105 zar\u00f3wno poci\u0105gi rozwijaj\u0105ce pr\u0119dko\u015b\u0107 320 km\/h a mo\u017ce i wi\u0119cej oraz takie, kt\u00f3re pojad\u0105 250 km\/h. Ciesz\u0119 si\u0119 i gratuluj\u0119 prezesowi Malinowskiemu i ca\u0142emu zespo\u0142owi PKP Intercity, \u017ce to post\u0119powanie zaczynamy. Licz\u0119 na to, \u017ce dzia\u0142ania b\u0119d\u0105 tak szybkie jak w przypadku pi\u0119trus\u00f3w \u2013 m\u00f3wi\u0142 Piotr Malepszak, wiceminister infrastruktury odpowiedzialny za kolej.<\/p>\n<p>Doda\u0142 przy tym, \u017ce dobrze by by\u0142o, \u017ceby nowe sk\u0142ady pojawi\u0142y si\u0119 nieco wcze\u015bniej ni\u017c zak\u0142adane zako\u0144czenie prac na linii, tak by by\u0142o mo\u017cna je przetestowa\u0107 na CMK i upewni\u0107 si\u0119, \u017ce wszystko dobrze dzia\u0142a. \u2013 To dopiero pocz\u0105tek naszych dzia\u0142a\u0144 zwi\u0105zanych z rozwojem kolei du\u017cych pr\u0119dko\u015bci w Polsce \u2013 m\u00f3wi\u0142 Malepszak.<\/p>\n<p>\u2013 Kolej du\u017cych pr\u0119dko\u015bci to nie tylko poci\u0105gi i infrastruktura, to idea. Dzi\u0119ki tej inwestycji budujemy silny europejski organizm, kt\u00f3ry b\u0119dzie m\u00f3g\u0142 si\u0119 oprze\u0107 zewn\u0119trznym zagro\u017ceniom \u2013 m\u00f3wi\u0142 Alan Beroud, prezes zarz\u0105du PKP SA. Zwraca\u0142 przy tym uwag\u0119 nie tylko na kwestie europejskie, ale r\u00f3wnie\u017c na ogromne znaczenie tej inwestycji dla pasa\u017cer\u00f3w i poprawy ich komfortu. \u2013 Budujemy po\u0142\u0105czenia, nie tylko te krajowe, ale i europejskie. Wsp\u00f3lnie budujemy kolej przysz\u0142o\u015bci \u2013 podkre\u015bla\u0142. <\/p>\n<p>Post\u0119powanie rozpocz\u0119te!<br \/>Post\u0119powanie oficjalnie zosta\u0142o rozpocz\u0119te wczoraj (29 grudnia) publikacj\u0105 og\u0142oszenia w Dzienniku Urz\u0119dowym Unii Europejskiej.\u00a0<a href=\"https:\/\/www.rynek-kolejowy.pl\/wiadomosci\/przetarg-na-tabor-kdp-dla-pkp-intercity-ruszy-pod-koniec-grudnia-126021.html\" target=\"_blank\" rel=\"nofollow noopener\">Zgodnie z zapowiedziami<\/a>\u00a0polski pa\u0144stwowy przewo\u017anik dalekobie\u017cny og\u0142osi\u0142 przetarg na dostaw\u0119 taboru du\u017cych pr\u0119dko\u015bci. Przedmiotem zam\u00f3wienia jest dostawa 20 elektrycznych zespo\u0142\u00f3w trakcyjnych z opcj\u0105 na kolejnych 35 (przewo\u017anik nie musi wykorzystywa\u0107 prawa opcji w ca\u0142o\u015bci). Poci\u0105gi maj\u0105 si\u0119 rozp\u0119dza\u0107 do co najmniej 320 km\/h i przewozi\u0107 nie mniej ni\u017c 402 pasa\u017cer\u00f3w na miejscach siedz\u0105cych, a ich dostawca ma zapewni\u0107 utrzymanie przez 30 lat. Producent b\u0119dzie musia\u0142 tak\u017ce przeszkoli\u0107 maszynist\u00f3w oraz dostarczy\u0107 symulator. <\/p>\n<p>Dwa pierwsze EZT maj\u0105 dotrze\u0107 do PKP Intercity w ci\u0105gu 5 lat od podpisania umowy (planowanego na po\u0142ow\u0119 roku 2027), a wszystkich 20 sztuk z zam\u00f3wienia podstawowego \u2013 w ci\u0105gu 7 lat. Na dostaw\u0119 pojazd\u00f3w obj\u0119tych prawem opcji zwyci\u0119zca przetargu b\u0119dzie mia\u0142 nieco ponad 9 lat. <\/p>\n<p>Pojazdy maj\u0105 by\u0107 wykorzystywane przede wszystkim\u00a0<a href=\"https:\/\/www.rynek-kolejowy.pl\/wiadomosci\/pkp-intercity-pociagi-kdp-maja-jezdzic-do-poznania-wroclawia-szczecina-i-berlina-122736.html\" target=\"_blank\" rel=\"nofollow noopener\">na Linii Y (Warszawa \u2013 CPK \u2013 \u0141\u00f3d\u017a \u2013 Pozna\u0144\/Wroc\u0142aw)<\/a>. Na jej budow\u0119 sp\u00f3\u0142ka CPK og\u0142osi\u0142a w\u0142a\u015bnie\u00a0<a href=\"https:\/\/www.rynek-kolejowy.pl\/wiadomosci\/cpk-rusza-pierwsze-postepowanie-na-linie-kolei-duzych-predkosci-126139.html\" target=\"_blank\" rel=\"nofollow noopener\">pierwszy przetarg<\/a>. <\/p>\n<p>Harmonogram post\u0119powania. Umowa w po\u0142owie 2027 r.  <br \/>Prezes PKP Intercity Janusz Malinowski przypomnia\u0142, \u017ce po zako\u0144czeniu post\u0119powania na sk\u0142ady pi\u0119trowe uruchomione zostanie post\u0119powanie na sk\u0142ady kolei du\u017cych pr\u0119dko\u015bci. \u2013 S\u0142owa dotrzymali\u015bmy. Dla tego projektu przygotowali\u015bmy szczeg\u00f3\u0142owe analizy finansowe, analizy popytu i poda\u017cy oraz techniczne. Wszystkie pokazuj\u0105, \u017ce ten projekt si\u0119 op\u0142aci. Mamy zidentyfikowane ryzyka, wiemy, jak bardzo pozytywne b\u0119d\u0105 jego efekty dla kolei w Polsce \u2013 m\u00f3wi\u0142 Malinowski.<\/p>\n<p>Wnioski o dopuszczenie zainteresowani post\u0119powaniem PKP Intercity producenci mog\u0105 sk\u0142ada\u0107 do 29 kwietnia 2026 r. Wst\u0119pny harmonogram prac zak\u0142ada badanie z\u0142o\u017conych wniosk\u00f3w w maju i czerwcu przysz\u0142ego roku. W lipcu maj\u0105 zosta\u0107 wystosowane zaproszenia do udzia\u0142u w dialogu konkurencyjnym. Nast\u0119pnie od sierpnia do listopada ma toczy\u0107 si\u0119 dialog z wykonawcami. W grudniu ci ostatni maj\u0105 otrzyma\u0107 zaproszenie do sk\u0142adania ofert, na co b\u0119d\u0105 mieli czas do maja 2027 r. Przewidywany termin rozstrzygni\u0119cia przetargu to sierpie\u0144 2027 r. W harmonogramie nie wzi\u0119to jednak pod uwag\u0119 mo\u017cliwych zak\u0142\u00f3ce\u0144, w tym \u2013 ewentualnych procedur odwo\u0142awczych. <\/p>\n<p>Wybrany producent b\u0119dzie musia\u0142 te\u017c przez 30 lat \u015bwiadczy\u0107 us\u0142ugi utrzymania w zaprojektowanym i wybudowanym przez siebie warsztacie. Jego lokalizacji jeszcze nie wybrano, zarz\u0105d PKP Intercity m\u00f3wi jednak o wytypowaniu trzech potencjalnych miejsc. \u2013 Finalne terminy realizacji zam\u00f3wienia mog\u0105 ulec zmianie \u2013 okre\u015blone zostan\u0105 na podstawie powy\u017cszych za\u0142o\u017ce\u0144 oraz z uwzgl\u0119dnieniem wynik\u00f3w dialogu konkurencyjnego \u2013 zastrzega zamawiaj\u0105cy. Wed\u0142ug szacunk\u00f3w zamawiaj\u0105cego koszt zakupu pojedynczego EZT\u00a0<a href=\"https:\/\/www.rynek-kolejowy.pl\/wiadomosci\/klimczak-pkp-intercity-ma-zgode-na-przetarg-kdp-125752.html\" target=\"_blank\" rel=\"nofollow noopener\">ma wynie\u015b\u0107 ok. 120-125 mln z\u0142<\/a>. <\/p>\n<p>Kto mo\u017ce walczy\u0107 o zam\u00f3wienie? <br \/>Post\u0119powanie \u2013 podobnie jak rozstrzygni\u0119ty kilka miesi\u0119cy temu\u00a0<a href=\"https:\/\/www.rynek-kolejowy.pl\/wiadomosci\/pkp-intercity-wybralo-wiemy-kto-dostarczy-pietrusy-124589.html\" target=\"_blank\" rel=\"nofollow noopener\">przetarg na pi\u0119trowe EZT<\/a>\u202f\u2013 ma form\u0119 dialogu konkurencyjnego. Warunkiem udzia\u0142u jest dostarczenie w ci\u0105gu ostatnich 7 lat co najmniej 5 elektrycznych zespo\u0142\u00f3w trakcyjnych o pr\u0119dko\u015bci maksymalnej nie mniejszej ni\u017c 250 km\/h, dopuszczonych do eksploatacji w co najmniej jednym kraju UE, Szwajcarii lub Wielkiej Brytanii.  <\/p>\n<p>Zamawiaj\u0105cy oczekuje tak\u017ce, \u017ce wykonawca w okresie ostatnich 10 lat, wykona\u0142 w ramach jednej umowy, zam\u00f3wienie obejmuj\u0105ce us\u0142ug\u0119 utrzymania technicznego zgodnie z dokumentacj\u0105 systemu utrzymania (na poziomie co najmniej od P1 do P4) przez okres co najmniej 5 lat (60 miesi\u0119cy), co najmniej 10 elektrycznych zespo\u0142\u00f3w trakcyjnych (jednopok\u0142adowych lub dwupok\u0142adowych). <\/p>\n<p>W ramach planowanego kontraktu us\u0142ugi utrzymania pojazd\u00f3w b\u0119d\u0105 \u015bwiadczone w stosunku do ka\u017cdego z nich przez okres 30 lat od dnia protokolarnego odbioru ko\u0144cowego dostawy pierwszego pojazdu. PKP Intercity wymaga tak\u017ce by zamawiaj\u0105cy wykaza\u0142, \u017ce w okresie ostatnich 8 lat nale\u017cycie wykona\u0142 co najmniej jedno zam\u00f3wienie obejmuj\u0105ce roboty budowlane polegaj\u0105ce na budowie, przebudowie lub rozbudowie obiektu budowlanego s\u0142u\u017c\u0105cego utrzymaniu pojazd\u00f3w kolejowych o warto\u015bci nie mniejszej ni\u017c 50 mln z\u0142. <\/p>\n<p>Kto powalczy o przetarg? Co z PESA i NEWAG? <br \/>Kwestia pr\u0119dko\u015bci maksymalnej na polskiej sieci kolei du\u017cych pr\u0119dko\u015bci <a href=\"https:\/\/www.rynek-kolejowy.pl\/wiadomosci\/cpk-starcie-malepszak--horala-na-kongresie-kolejowym-125702.html\" target=\"_blank\" rel=\"nofollow noopener\">od miesi\u0119cy budzi ogromne kontrowersje<\/a>. Obecne w\u0142adze resortu infrastruktury oraz samego przewo\u017anika opowiadaj\u0105 si\u0119 za pr\u0119dko\u015bci\u0105 powy\u017cej 320 km\/h i wida\u0107 to w obecnym post\u0119powaniu. Przedstawiciele poprzedniego rz\u0105du uwa\u017caj\u0105, \u017ce rozs\u0105dniejsze by\u0142oby zatrzymanie si\u0119 na 250 km\/h i produkcja taboru krajowymi si\u0142ami. <\/p>\n<p>We wrze\u015bniu tego roku premier <a href=\"https:\/\/www.rynek-kolejowy.pl\/wiadomosci\/tusk-rzuca-wyzwanie-pesa-i-newagowi-w-przetargu-na-kdp-124865.html\" target=\"_blank\" rel=\"nofollow noopener\">Donald Tusk zach\u0119ca\u0142 zar\u00f3wno PES\u0118, jak i NEWAG do udzia\u0142u w post\u0119powaniu na sk\u0142ady du\u017cych pr\u0119dko\u015bci w ramach konsorcj\u00f3w<\/a>. Spo\u015br\u00f3d zagranicznych dostawc\u00f3w w post\u0119powaniu na pewno udzia\u0142 we\u017amie <a href=\"https:\/\/www.rynek-kolejowy.pl\/wiadomosci\/michael-peter-siemens-mobility-bedziemy-inwestowac-w-polsce-125144.html\" target=\"_blank\" rel=\"nofollow noopener\">Siemens Mobility, kt\u00f3rego prezes nie kry\u0142 tego w rozmowie sprzed kilku miesi\u0119cy<\/a>. <a href=\"https:\/\/www.rynek-kolejowy.pl\/wiadomosci\/alstom-polska-ma-zasoby-do-budowy-kdp-123646.html\" target=\"_blank\" rel=\"nofollow noopener\">Zainteresowany jest tak\u017ce Alstom<\/a>, kt\u00f3ry niedawno wygra\u0142 przetarg na dostaw\u0119 <a href=\"https:\/\/www.rynek-kolejowy.pl\/wiadomosci\/pkp-intercity-wybralo-wiemy-kto-dostarczy-pietrusy-124589.html\" target=\"_blank\" rel=\"nofollow noopener\">sk\u0142ad\u00f3w pi\u0119trowych<\/a> dla przewo\u017anika, oraz <a href=\"https:\/\/www.rynek-kolejowy.pl\/wiadomosci\/hitachi-zaoferujemy-w-polsce-duzo-wiecej-niz-tabor-kdp-125810.html\" target=\"_blank\" rel=\"nofollow noopener\">Hitachi ze swoj\u0105 w\u0142osk\u0105 lini\u0105 produkt\u00f3w<\/a>. Nie jest jasne, <a href=\"https:\/\/www.rynek-kolejowy.pl\/wiadomosci\/czy-stadler-wystartuje-w-przetargu-na-pociagi-kdp-dla-pkp-intercity-125403.html\" target=\"_blank\" rel=\"nofollow noopener\">czy w post\u0119powaniu udzia\u0142 we\u017amie Stadler<\/a>, kt\u00f3rego przedstawiciele opowiadali si\u0119 za 250 km\/h i kt\u00f3ry nie dysponuje obecnie gotowym produktem. <\/p>\n<p>Od miesi\u0119cy m\u00f3wi si\u0119 o wsp\u00f3\u0142pracy <a href=\"https:\/\/www.rynek-kolejowy.pl\/wiadomosci\/talgo-i-pesa-beda-wspolpracowac-przy-pociagach-kdp-porozumienie-podpisane--120661.html\" target=\"_blank\" rel=\"nofollow noopener\">PESY z hiszpa\u0144skim Talgo<\/a> \u2013 firmy podpisa\u0142y nawet list intencyjny w tym zakresie. Warto r\u00f3wnie\u017c pami\u0119ta\u0107 o tym, \u017ce <a href=\"https:\/\/www.rynek-kolejowy.pl\/wiadomosci\/polska-odpuszcza-walke-o-talgo-122182.html\" target=\"_blank\" rel=\"nofollow noopener\">Polska by\u0142a zainteresowana przej\u0119ciem<\/a> tego producenta. Nieco ciszej jest jednak o wcze\u015bniejszym porozumieniu <a href=\"https:\/\/www.rynek-kolejowy.pl\/wiadomosci\/newag-chce-budowac-pociagi-kdp-razem-z-hyundaiem-120704.html\" target=\"_blank\" rel=\"nofollow noopener\">Newagu i Hyundaia<\/a>. Udzia\u0142em zainteresowany mo\u017ce by\u0107 tak\u017ce CAF. <\/p>\n<p>Jak jednak zagwarantowa\u0107 udzia\u0142 polskich firm, o kt\u00f3rym m\u00f3wi\u0142 minister Klimczak? \u2013 <a href=\"https:\/\/www.rynek-kolejowy.pl\/wiadomosci\/alstom-coradie-max-dla-pkp-intercity-wyprodukujemy-w-polsce-124611.html\" target=\"_blank\" rel=\"nofollow noopener\">Poci\u0105gi pi\u0119trowe powstan\u0105 w 100% w Polsce<\/a> \u2013 sk\u0142ady w Chorzowie, za\u015b w\u00f3zki w Nadarzynie. Zaanga\u017cowanie polskich podmiot\u00f3w da si\u0119 zagwarantowa\u0107, umiej\u0119tnie prowadz\u0105c negocjacje \u2013 m\u00f3wi\u0142 Malinowski. <\/p>\n<p>\u2013 Zapraszamy producent\u00f3w do z\u0142o\u017cenia wniosk\u00f3w o udzia\u0142 w post\u0119powaniu. Maj\u0105 na to a\u017c 120 dni, bo chcemy zgodnie z uzgodnieniami z polskimi producentami da\u0107 czas na zawi\u0105zanie um\u00f3w konsorcj\u00f3w,  tak \u017ceby mog\u0142y one wzi\u0105\u0107 udzia\u0142 w post\u0119powaniu \u2013 wyja\u015bnia\u0142 prezes PKP Intercity. P\u00f3\u017aniej rozpocznie si\u0119 dialog techniczny zwi\u0105zany zar\u00f3wno z samym taborem, ale tak\u017ce sposobem finansowania i kwestiami utrzymaniowymi. \u2013 My\u015bl\u0119, \u017ce oko\u0142o maja 2027 r. ostateczne oferty sp\u0142yn\u0105 do PKP Intercity \u2013 zaznaczy\u0142 prezes. <\/p>\n<p>Polska KDP: Co najmniej 320 km\/h <br \/>Jak podaje PKP Intercity, pr\u0119dko\u015b\u0107 eksploatacyjna pojazdu ma wynosi\u0107 co najmniej 320 km\/h, przy dopuszczalnym nacisku na o\u015b \u2264200 kN i zasilaniu z sieci trakcyjnej w systemach DC 3kV, AC 25kV 50 Hz, AC 15 kV 16 2\/3 Hz. Budowa pojazdu ma mie\u0107 charakter modu\u0142owy, a kabina maszynisty ma by\u0107 przystosowana do obs\u0142ugi przez dw\u00f3ch pracownik\u00f3w. Oczywi\u015bcie jednostki maj\u0105 by\u0107 przystosowane do jazdy na infrastrukturze normalnotorowej i spe\u0142nia\u0107 normy krajowej skrajni. Konstrukcja i poszycie pojazdu ma zosta\u0107 wykonana z aluminium, a d\u0142ugo\u015b\u0107 sk\u0142adu nie mo\u017ce przekracza\u0107 202 m (licz\u0105c ze sprz\u0119giem). EZT maj\u0105 by\u0107 zdolne do pracy w trakcji wielokrotnej do dw\u00f3ch pojazd\u00f3w. <\/p>\n<p>Pojazdy powinny posiada\u0107 homologacj\u0119 bez ogranicze\u0144 kodowanych i dokumenty zezwalaj\u0105ce na eksploatacj\u0119 w Polsce, w Czechach, w Niemczech oraz w Austrii, a dodatkowo zmawiaj\u0105cy mo\u017ce zdecydowa\u0107 si\u0119 tak\u017ce na homologacj\u0119 w takich pa\u0144stwach jak: Belgia, Holandia, Francja, Szwajcaria, W\u0142ochy, S\u0142owacja, W\u0119gry.  <\/p>\n<p>Minimalny okres eksploatacji pojazdu ma wynie\u015b\u0107 30 lat, a minimalny okres \u017cycia 35 lat. Pojazd dla zasilania sieci 3 kV DC, w trakcji pojedynczej musi osi\u0105gn\u0105\u0107 pr\u0119dko\u015b\u0107 eksploatacyjn\u0105 200 km\/h w czasie nie d\u0142u\u017cszym ni\u017c 160 sekund.  <\/p>\n<p>Ponad 400 pasa\u017cer\u00f3w, strefy dla dzieci, WARS i miejsce dla rower\u00f3w <br \/>W nowych pojazdach znajdzie si\u0119 tak\u017ce sporo udogodnie\u0144 dla pasa\u017cer\u00f3w. PKP Intercity oczekuje wyposa\u017cenia ka\u017cdego sk\u0142adu w dynamiczn\u0105 informacj\u0119 pasa\u017cersk\u0105, system reklamowy, Wi-Fi pasa\u017cerskie z platform\u0105 multimedialn\u0105 (w tym poprzez \u0142\u0105czno\u015b\u0107 satelitarn\u0105 \u2013 to nowo\u015b\u0107!), system rezerwacji miejsc, monitoring wizyjny, wzmacniacz sygna\u0142u GSM oraz system diagnostyki pok\u0142adowej.<\/p>\n<p>W pojedzie powinny si\u0119 znale\u017a\u0107 co najmniej 402 miejsca siedz\u0105ce, nie wliczaj\u0105c miejsc usytuowanych bokiem do kierunku jazdy oraz sk\u0142adanych lub uchylnych, kt\u00f3re zostan\u0105 rozdzielone na dwie klasy podr\u00f3\u017cy rozr\u00f3\u017cnione wizualnie. W klasie pierwszej uk\u0142ad siedze\u0144 ma by\u0107 w systemie 2+1, za\u015b w klasie drugiej w systemie 2+2. Przewo\u017anik oczekuje foteli w standardzie dalekobie\u017cnym, tj. z mechanizmem wysuwu, indywidualnymi pod\u0142okietnikami, podn\u00f3\u017ckiem i o\u015bwietleniem. W przypadku foteli szeregowych tak\u017ce z indywidualnym stolikiem. <\/p>\n<p>W poci\u0105gach ma si\u0119 znale\u017a\u0107 tak\u017ce strefa restauracyjna do przygotowywania posi\u0142k\u00f3w i strefa do konsumpcji zar\u00f3wno na stoj\u0105co jak i na siedz\u0105co oraz strefa dla opiekun\u00f3w z dzie\u0107mi oraz miejsce do przewozu co najmniej o\u015bmiu rower\u00f3w w pozycji poziomej \u2013 ten zapis na pewno ucieszy ka\u017cdego podr\u00f3\u017cuj\u0105cego z jedno\u015bladem. W ka\u017cdym sk\u0142adzie ma si\u0119 tak\u017ce znale\u017a\u0107 zamykany przedzia\u0142 dla pracownik\u00f3w.<\/p>\n<p>\u2013  Mamy du\u017ce oczekiwania co do zaprojektowania strefy dla dzieci. My\u015blimy te\u017c o czym\u015b wi\u0119cej ni\u017c pierwszej klasie \u2013 m\u00f3wi\u0142 prezes PKP Intercity.<\/p>\n<p>Bezpiecze\u0144stwo <br \/>Sk\u0142ady maj\u0105 zosta\u0107 wyposa\u017cone w STM zgodnie z TSI dla co najmniej Polski, Niemiec, Czech i Austrii oraz urz\u0105dzenia czujno\u015bci zgodnie z TSI. Zapewniona ma zosta\u0107 \u0142\u0105czno\u015b\u0107 poprzez radiotelefony dualne (analogowe i GSM-R) a urz\u0105dzenie ETCS zabudowane na poziomie L1 i L2. Sk\u0142ady maj\u0105 by\u0107 przygotowane na wdro\u017cenie technologii FRMCS.  <\/p>\n<p>Ka\u017cdy z nich ma zosta\u0107 tak\u017ce wyposa\u017cony w system diagnostyki pok\u0142adowej, przeciwpo\u017carowy system alarmowy, monitoring wraz z rejestracj\u0105 pola przed pojazdem, bok\u00f3w pojazdu, obszaru pantograf\u00f3w oraz w kabinach maszynisty i przedzia\u0142ach pasa\u017cerskich, odbiorniki systemu \u0142\u0105czno\u015bci satelitarnej dla zapewnienia Internetu w bezprzewodowej sieci Wi-Fi dla pasa\u017cer\u00f3w. <\/p>\n","protected":false},"excerpt":{"rendered":"Nowe poci\u0105gi du\u017cych pr\u0119dko\u015bci maj\u0105 rozwija\u0107 od 320 do 350 km\/h, a w ich powstaniu i utrzymaniu maj\u0105&hellip;\n","protected":false},"author":2,"featured_media":178000,"comment_status":"","ping_status":"","sticky":false,"template":"","format":"standard","meta":{"footnotes":""},"categories":[16],"tags":[113,112,1201,4586,1205,4641,1203,6466,1200,1195,42,38,40,39,41,4639,1202,1204,1206,34598,4642],"class_list":{"0":"post-177999","1":"post","2":"type-post","3":"status-publish","4":"format-standard","5":"has-post-thumbnail","7":"category-biznes","8":"tag-biznes","9":"tag-business","10":"tag-intercity","11":"tag-kdp","12":"tag-kolej","13":"tag-kolej-duzych-predkosci","14":"tag-koleje-mazowieckie","15":"tag-linia-y","16":"tag-pkp","17":"tag-pkp-intercity","18":"tag-pl","19":"tag-poland","20":"tag-polish","21":"tag-polska","22":"tag-polski","23":"tag-przetargi","24":"tag-przewozy-regionalne","25":"tag-rozklady-jazdy-pkp","26":"tag-rynek-kolejowy","27":"tag-tabor-do-kdp","28":"tag-zakupy-taborowe"},"share_on_mastodon":{"url":"https:\/\/pubeurope.com\/@pl\/115808533515220643","error":""},"_links":{"self":[{"href":"https:\/\/www.europesays.com\/pl\/wp-json\/wp\/v2\/posts\/177999","targetHints":{"allow":["GET"]}}],"collection":[{"href":"https:\/\/www.europesays.com\/pl\/wp-json\/wp\/v2\/posts"}],"about":[{"href":"https:\/\/www.europesays.com\/pl\/wp-json\/wp\/v2\/types\/post"}],"author":[{"embeddable":true,"href":"https:\/\/www.europesays.com\/pl\/wp-json\/wp\/v2\/users\/2"}],"replies":[{"embeddable":true,"href":"https:\/\/www.europesays.com\/pl\/wp-json\/wp\/v2\/comments?post=177999"}],"version-history":[{"count":0,"href":"https:\/\/www.europesays.com\/pl\/wp-json\/wp\/v2\/posts\/177999\/revisions"}],"wp:featuredmedia":[{"embeddable":true,"href":"https:\/\/www.europesays.com\/pl\/wp-json\/wp\/v2\/media\/178000"}],"wp:attachment":[{"href":"https:\/\/www.europesays.com\/pl\/wp-json\/wp\/v2\/media?parent=177999"}],"wp:term":[{"taxonomy":"category","embeddable":true,"href":"https:\/\/www.europesays.com\/pl\/wp-json\/wp\/v2\/categories?post=177999"},{"taxonomy":"post_tag","embeddable":true,"href":"https:\/\/www.europesays.com\/pl\/wp-json\/wp\/v2\/tags?post=177999"}],"curies":[{"name":"wp","href":"https:\/\/api.w.org\/{rel}","templated":true}]}}