{"id":178021,"date":"2025-12-30T12:43:09","date_gmt":"2025-12-30T12:43:09","guid":{"rendered":"https:\/\/www.europesays.com\/pl\/178021\/"},"modified":"2025-12-30T12:43:09","modified_gmt":"2025-12-30T12:43:09","slug":"kozidrak-nie-sadzila-ze-piosenka-mysli-i-slowa-stanie-sie-hitem-niezle-sie-zaskoczyla","status":"publish","type":"post","link":"https:\/\/www.europesays.com\/pl\/178021\/","title":{"rendered":"Kozidrak nie s\u0105dzi\u0142a, \u017ce piosenka &#8222;My\u015bli i s\u0142owa&#8221; stanie si\u0119 hitem. Nie\u017ale si\u0119 zaskoczy\u0142a"},"content":{"rendered":"<p>Zaskoczy\u0142 j\u0105 sukces piosenki &#8222;My\u015bli i s\u0142owa&#8221;<\/p>\n<p class=\"typography ids-typeset-body ids-typeset-body--preset-large link paragraph ids-paragraph ids-paragraph--default\"><a href=\"https:\/\/www.pomponik.pl\/gwiazdy-i-produkcje-beata-kozidrak,gsbi,201\" rel=\"nofollow noopener\" target=\"_blank\">Beata Kozidrak<\/a> ostatni\u0105 noc 2025 roku sp\u0119dzi w Toruniu. Piosenkarka wraz z zespo\u0142em Bajm wyst\u0105pi podczas Sylwestrowej Mocy Przeboj\u00f3w, kt\u00f3ra b\u0119dzie transmitowana w Polsacie ju\u017c od 19:45.<\/p>\n<p class=\"typography ids-typeset-body ids-typeset-body--preset-large link paragraph ids-paragraph ids-paragraph--default\">P\u00f3ki co nie wiadomo, jakie utwory za\u015bpiewa, ale jedno jest pewne &#8211; przeboj\u00f3w w jej dyskografii nie brakuje. Artystka wyst\u0119puje na scenie ju\u017c od lat 70. i przez ten czas wylansowa\u0142a wiele hit\u00f3w.<\/p>\n<p class=\"typography ids-typeset-body ids-typeset-body--preset-large link paragraph ids-paragraph ids-paragraph--default\">Jednym z nich jest utw\u00f3r &#8222;My\u015bli i s\u0142owa&#8221; pochodz\u0105cy z wydanego w 2000 roku albumu &#8222;Szklanka wody&#8221;. Cho\u0107 piosenka dzi\u015b jest wielkim przebojem, to Beata Kozidrak przyzna\u0142a, \u017ce pocz\u0105tkowo nie wierzy\u0142a w jej sukces.<\/p>\n<p class=\"typography ids-typeset-body ids-typeset-body--preset-large link paragraph ids-paragraph ids-paragraph--default\">&#8222;Mia\u0142am tak\u0105 zaskakuj\u0105c\u0105 muzyczn\u0105 przygod\u0119, zwi\u0105zan\u0105 z wielokrotnie nagradzanym albumem &#8222;Szklanka wody&#8221;. S\u0105 na nim utwory z bardzo efektownymi partiami wokalnymi, \u015bpiewanymi z przepony, kt\u00f3re szczeg\u00f3lnie robi\u0105 wra\u017cenie w piosence tytu\u0142owej. Najmniej jednak nie spodziewa\u0142am si\u0119 sukcesu utworu &#8222;My\u015bli i s\u0142owa&#8221;.\u00a0Szczerze m\u00f3wi\u0105c, nie wierzy\u0142am w niego jako w radiowy przeb\u00f3j i chyba nie przyk\u0142ada\u0142am do niego a\u017c takiej wagi jak do innych piosenek na p\u0142ycie. Cho\u0107 tekst by\u0142 dla mnie bardzo wa\u017cny, bo powsta\u0142 w istotnym momencie mojego \u017cycia i by\u0142 niezwykle osobisty, nie by\u0142am do ko\u0144ca przekonana do tego utworu. Tymczasem okaza\u0142o si\u0119, \u017ce sta\u0142 si\u0119 on momentalnie wielkim hitem i dzi\u015b na koncertach \u015bpiewa go ca\u0142a publiczno\u015b\u0107, fani szalej\u0105&#8221; &#8211;<a href=\"https:\/\/styl.interia.pl\/ludzie\/news-beata-kozidrak-nikogo-nie-udaje-jestem-soba-od-poczatku,nId,22503290\" target=\"_blank\" rel=\"nofollow noopener\">\u00a0wyzna\u0142a w rozmowie z serwisem Styl Interia<\/a>.<\/p>\n<p>Gosia Socha ujawni\u0142a prawd\u0119 o Wieniawie. Czy \u015bwi\u0119ta zrobi cateringiem?pomponik.pl<\/p>\n<p>Nie lubi by\u0107 nazywana ikon\u0105<\/p>\n<p class=\"typography ids-typeset-body ids-typeset-body--preset-large link paragraph ids-paragraph ids-paragraph--default\">Cho\u0107 Beata Kozidrak\u00a0jest od lat uwielbiana przez publiczno\u015b\u0107, a jej piosenki &#8211; zar\u00f3wno te nagrane z zespo\u0142em Bajm, jak i pochodz\u0105ce z solowych album\u00f3w &#8211; s\u0105 \u015bpiewane przez pokolenia, to ona sama nie lubi my\u015ble\u0107 o sobie jak o legendzie polskiej sceny muzycznej. I zapowiada, \u017ce jeszcze ma jeszcze sporo do zrobienia w kwestiach muzycznych.<\/p>\n<p class=\"typography ids-typeset-body ids-typeset-body--preset-large link paragraph ids-paragraph ids-paragraph--default\">&#8222;To prawda,\u00a0nie za bardzo lubi\u0119 m\u00f3wi\u0107 o sobie ani s\u0142ucha\u0107 okre\u015ble\u0144 w rodzaju &#8222;ikona&#8221; czy &#8222;legenda&#8221;. Cz\u0119sto brzmi\u0105 one tak, jakby od artysty nie wymagano ju\u017c nic wi\u0119cej, jakby zrobi\u0142 ju\u017c wystarczaj\u0105co du\u017co dla kultury i show-biznesu i m\u00f3g\u0142 po prostu spocz\u0105\u0107 na laurach. A ja wychodz\u0119 z za\u0142o\u017cenia, \u017ce dop\u00f3ki mam co\u015b do powiedzenia i chc\u0119 \u015bpiewa\u0107, dop\u00f3ty tworz\u0119. Kocham muzyk\u0119 i wci\u0105\u017c jest ona dla mnie nieodkryta, nadal pozostaje pasj\u0105, z kt\u00f3rej rodz\u0105 si\u0119 nowe pomys\u0142y. Chcia\u0142abym, \u017ceby publiczno\u015b\u0107 w\u0142a\u015bnie tak mnie odbiera\u0142a&#8221; &#8211; powiedzia\u0142a Katarzynie Drelich w wywiadzie dla serwisu Styl Interia.<\/p>\n<p class=\"typography ids-typeset-body ids-typeset-body--preset-large link paragraph ids-paragraph ids-paragraph--default\">Jednocze\u015bnie przyzna\u0142a, \u017ce proces pisania utwor\u00f3w stopniowo w niej dojrzewa\u0142.<\/p>\n<p class=\"typography ids-typeset-body ids-typeset-body--preset-large link paragraph ids-paragraph ids-paragraph--default\">&#8222;Pisanie nie przysz\u0142o od razu z pe\u0142n\u0105 swobod\u0105 i rado\u015bci\u0105, raczej z poczuciem, \u017ce trzeba si\u0119 w tym obszarze przebi\u0107. (\u2026) Ale moje teksty nie s\u0105 wierszami pisanymi do szuflady. Zawsze powstaj\u0105 w \u015bcis\u0142ym zwi\u0105zku z melodi\u0105&#8221; &#8211; podkre\u015bli\u0142a.<\/p>\n<p class=\"typography ids-typeset-body ids-typeset-body--preset-large link paragraph ids-paragraph ids-paragraph--default\">Zobacz te\u017c:<\/p>\n<p class=\"typography ids-typeset-body ids-typeset-body--preset-large link paragraph ids-paragraph ids-paragraph--default\"><a href=\"https:\/\/www.pomponik.pl\/plotki\/news-beata-kozidrak-otworzyla-sie-podczas-wywiadu-nawiazala-do-tr,nId,22501819\" target=\"_self\" rel=\"nofollow noopener\">Beata Kozidrak nawi\u0105za\u0142a do trudnych chwil w \u017cyciu<\/a><\/p>\n<p class=\"typography ids-typeset-body ids-typeset-body--preset-large link paragraph ids-paragraph ids-paragraph--default\"><a href=\"https:\/\/www.pomponik.pl\/domy-i-majatki\/news-tak-teraz-mieszka-beata-kozidrak-otaczam-sie-tylko-zlotem,nId,22497611\" target=\"_self\" rel=\"nofollow noopener\">Tak mieszka Beata Kozidrak<\/a><\/p>\n<p class=\"typography ids-typeset-body ids-typeset-body--preset-large link paragraph ids-paragraph ids-paragraph--default\"><a href=\"https:\/\/www.pomponik.pl\/plotki\/news-plejada-gwiazd-na-sylwestrze-polsatu-juz-wiadomo-kto-wystapi,nId,22459921\" target=\"_self\" rel=\"nofollow noopener\">Plejada gwiazd na Sylwestrowej Mocy Przeboj\u00f3w<\/a><\/p>\n<p class=\"typography ids-typeset-body ids-typeset-body--preset-large link paragraph ids-paragraph ids-paragraph--default\"><a href=\"https:\/\/styl.interia.pl\/ludzie\/news-beata-kozidrak-nikogo-nie-udaje-jestem-soba-od-poczatku,nId,22503290\" target=\"_blank\" rel=\"nofollow noopener\">Beata Kozidrak: Nikogo nie udaj\u0119, jestem sob\u0105 od pocz\u0105tku<\/a><\/p>\n","protected":false},"excerpt":{"rendered":"Zaskoczy\u0142 j\u0105 sukces piosenki &#8222;My\u015bli i s\u0142owa&#8221; Beata Kozidrak ostatni\u0105 noc 2025 roku sp\u0119dzi w Toruniu. Piosenkarka wraz&hellip;\n","protected":false},"author":2,"featured_media":62639,"comment_status":"","ping_status":"","sticky":false,"template":"","format":"standard","meta":{"footnotes":""},"categories":[22],"tags":[122,42,38,40,39,41,123],"class_list":{"0":"post-178021","1":"post","2":"type-post","3":"status-publish","4":"format-standard","5":"has-post-thumbnail","7":"category-rozrywka","8":"tag-entertainment","9":"tag-pl","10":"tag-poland","11":"tag-polish","12":"tag-polska","13":"tag-polski","14":"tag-rozrywka"},"share_on_mastodon":{"url":"https:\/\/pubeurope.com\/@pl\/115808580590449462","error":""},"_links":{"self":[{"href":"https:\/\/www.europesays.com\/pl\/wp-json\/wp\/v2\/posts\/178021","targetHints":{"allow":["GET"]}}],"collection":[{"href":"https:\/\/www.europesays.com\/pl\/wp-json\/wp\/v2\/posts"}],"about":[{"href":"https:\/\/www.europesays.com\/pl\/wp-json\/wp\/v2\/types\/post"}],"author":[{"embeddable":true,"href":"https:\/\/www.europesays.com\/pl\/wp-json\/wp\/v2\/users\/2"}],"replies":[{"embeddable":true,"href":"https:\/\/www.europesays.com\/pl\/wp-json\/wp\/v2\/comments?post=178021"}],"version-history":[{"count":0,"href":"https:\/\/www.europesays.com\/pl\/wp-json\/wp\/v2\/posts\/178021\/revisions"}],"wp:featuredmedia":[{"embeddable":true,"href":"https:\/\/www.europesays.com\/pl\/wp-json\/wp\/v2\/media\/62639"}],"wp:attachment":[{"href":"https:\/\/www.europesays.com\/pl\/wp-json\/wp\/v2\/media?parent=178021"}],"wp:term":[{"taxonomy":"category","embeddable":true,"href":"https:\/\/www.europesays.com\/pl\/wp-json\/wp\/v2\/categories?post=178021"},{"taxonomy":"post_tag","embeddable":true,"href":"https:\/\/www.europesays.com\/pl\/wp-json\/wp\/v2\/tags?post=178021"}],"curies":[{"name":"wp","href":"https:\/\/api.w.org\/{rel}","templated":true}]}}