{"id":178112,"date":"2025-12-30T13:38:10","date_gmt":"2025-12-30T13:38:10","guid":{"rendered":"https:\/\/www.europesays.com\/pl\/178112\/"},"modified":"2025-12-30T13:38:10","modified_gmt":"2025-12-30T13:38:10","slug":"nawalka-zabral-glos-w-sprawie-grosickiego-sa-pewne-standardy","status":"publish","type":"post","link":"https:\/\/www.europesays.com\/pl\/178112\/","title":{"rendered":"Nawa\u0142ka zabra\u0142 g\u0142os w sprawie Grosickiego. &#8222;S\u0105 pewne standardy&#8221;"},"content":{"rendered":"<p>Kwestia negocjacji Kamila Grosickiego z\u00a0Pogoni\u0105 Szczecin w\u00a0sprawie nowego kontraktu budzi spore emocje. Teraz na\u00a0\u0142amach \u201eKuriera Szczeci\u0144skiego\u201d skomentowa\u0142 j\u0105\u00a0by\u0142y selekcjoner reprezentacji Polski, Adam Nawa\u0142ka.<\/p>\n<p>Zdaniem znanego trenera sprawa jest faktycznie skomplikowana, ale\u00a0dobry pi\u0142karz zwykle zas\u0142uguje na\u00a0dobre pieni\u0105dze. By\u0142y selekcjoner pos\u0142u\u017cy\u0142 si\u0119 nawet przyk\u0142adami\u2026 zza oceanu.<\/p>\n<p>\u2013 Wiemy jednak doskonale, \u017ce\u00a0renom\u0119, uznanie, szacunek i\u00a0sukcesy klubu buduj\u0105 legendy. Pogo\u0144 jest w\u00a0sytuacji, \u017ce\u00a0walczy o\u00a0te\u00a0sukcesy i\u00a0Kamil, kt\u00f3ry\u00a0jest jednym z\u00a0jej najlepszych pi\u0142karzy, wk\u0142ada du\u017co wysi\u0142ku i\u00a0ca\u0142e serce, \u017ceby\u00a0te\u00a0sukcesy nadesz\u0142y. W\u00a0klubach zachodnich, nie\u00a0tylko\u00a0pi\u0142karskich, legendy zawsze s\u0105\u00a0szanowane i\u00a0doceniane. W\u00a0ameryka\u0144skiej lidze pi\u0142karskiej MLS, ale\u00a0tak\u017ce innych dyscyplin jak NHL czy\u00a0NBA zawodnicy, kt\u00f3rzy\u00a0maj\u0105 w\u00a0karierze znakomite statystyki \u2013 tak\u00a0jak Kamil \u2013 w\u00a0swoich klubach s\u0105\u00a0szanowani i\u00a0doceniani poprzez najwy\u017csze kontrakty. W\u00a0takich sytuacjach wiek bywa spraw\u0105 drugorz\u0119dn\u0105, bo\u00a0je\u015bli dyspozycja fizyczna zawodnika jest \u015bwietna, to\u00a0nawet perspektywa dwuletniej umowy nie\u00a0jest przeszkod\u0105 \u2013 oceni\u0142 Adam Nawa\u0142ka.<\/p>\n<p style=\"text-align: center;\"><a href=\"https:\/\/weszlo.com\/nie-chcem-ale-muszem-czyli-swiateczne-oswiadczenie-grosickiego\/\" rel=\"nofollow noopener\" target=\"_blank\">Nie\u00a0chcem, ale\u00a0muszem, czyli \u015bwi\u0105teczne o\u015bwiadczenie Grosickiego [CZYTAJ WI\u0118CEJ]<\/a><\/p>\n<p>Kamil Grosicki zas\u0142uguje na\u00a0wysoki kontrakt? \u201eWielka szkoda\u201d<\/p>\n<p>Trener stwierdzi\u0142 r\u00f3wnie\u017c, \u017ce\u00a0nie\u00a0mo\u017ce pochwali\u0107 zagrywki w\u0142a\u015bciciela Pogoni, kt\u00f3ry\u00a0publicznie ujawni\u0142 szczeg\u00f3\u0142y negocjacji. Przypomnijmy \u2013 Alex Haditaghi podzieli\u0142 si\u0119 w\u00a0sieci dok\u0142adnymi kwotami, kt\u00f3rych\u00a0mia\u0142 oczekiwa\u0107 w\u00a0rozmowach kontraktowych Grosicki.<\/p>\n<p>\u2013 S\u0105\u00a0pewne standardy, kt\u00f3re trzeba szanowa\u0107 w\u00a0ka\u017cdych negocjacjach. Obowi\u0105zuje w\u00a0nich tajemnica, przynajmniej ja\u00a0mam takie do\u015bwiadczenia z\u00a0przesz\u0142o\u015bci. Natomiast nie\u00a0chcia\u0142bym komentowa\u0107 dzia\u0142a\u0144 szefa klubu, bo\u00a0to\u00a0jego strategia. W\u0142a\u015bciciel inwestuje i\u00a0wydaje swoje pieni\u0105dze. Wielka szkoda jednak, \u017ce\u00a0zaistnia\u0142a taka sytuacja, bo\u00a0Kamil jest jedn\u0105 z\u00a0legend Pogoni \u2013 powiedzia\u0142 Nawa\u0142ka, kt\u00f3ry\u00a0dalej komplementowa\u0142 swojego by\u0142ego podopiecznego.<\/p>\n<p>\u2013 Dzi\u0119ki takim sportowcom ro\u015bnie presti\u017c i\u00a0renoma klubu. Z\u00a0uznaniem patrz\u0119 na\u00a0transfery pi\u0142karzy dokonywane z\u00a0lig zachodnich do\u00a0Ekstraklasy, ale\u00a0kto tak\u00a0naprawd\u0119 mo\u017ce si\u0119 r\u00f3wna\u0107 pod\u00a0wzgl\u0119dem jako\u015bci pi\u0142karskiej i\u00a0swojego autorytetu z\u00a0Grosickim? \u2013 dopytywa\u0142.<\/p>\n<p>My\u015blicie, \u017ce\u00a0w\u00a0takim podej\u015bciu by\u0142y selekcjoner reprezentacji ma\u00a0troch\u0119 racji?<\/p>\n<p>CZYTAJ WI\u0118CEJ O\u00a0POGONI SZCZECIN NA\u00a0WESZ\u0141O:<\/p>\n<p>Wi\u0119cej podobnych temat\u00f3w znajdziesz w\u00a0sekcji ze\u00a0<a href=\"https:\/\/weszlo.com\/pilka-nozna\/\" rel=\"nofollow noopener\" target=\"_blank\">sportowymi wiadomo\u015bciami o\u00a0pi\u0142ce no\u017cnej<\/a>.<\/p>\n<p>Fot.\u00a0Newspix<\/p>\n","protected":false},"excerpt":{"rendered":"Kwestia negocjacji Kamila Grosickiego z\u00a0Pogoni\u0105 Szczecin w\u00a0sprawie nowego kontraktu budzi spore emocje. Teraz na\u00a0\u0142amach \u201eKuriera Szczeci\u0144skiego\u201d skomentowa\u0142 j\u0105\u00a0by\u0142y&hellip;\n","protected":false},"author":2,"featured_media":178113,"comment_status":"","ping_status":"","sticky":false,"template":"","format":"standard","meta":{"footnotes":""},"categories":[24],"tags":[8283,11249,42,1111,38,40,39,41,127,126],"class_list":{"0":"post-178112","1":"post","2":"type-post","3":"status-publish","4":"format-standard","5":"has-post-thumbnail","7":"category-sport","8":"tag-adam-nawalka","9":"tag-kamil-grosicki","10":"tag-pl","11":"tag-pogon-szczecin","12":"tag-poland","13":"tag-polish","14":"tag-polska","15":"tag-polski","16":"tag-sport","17":"tag-sports"},"share_on_mastodon":{"url":"https:\/\/pubeurope.com\/@pl\/115808796965488327","error":""},"_links":{"self":[{"href":"https:\/\/www.europesays.com\/pl\/wp-json\/wp\/v2\/posts\/178112","targetHints":{"allow":["GET"]}}],"collection":[{"href":"https:\/\/www.europesays.com\/pl\/wp-json\/wp\/v2\/posts"}],"about":[{"href":"https:\/\/www.europesays.com\/pl\/wp-json\/wp\/v2\/types\/post"}],"author":[{"embeddable":true,"href":"https:\/\/www.europesays.com\/pl\/wp-json\/wp\/v2\/users\/2"}],"replies":[{"embeddable":true,"href":"https:\/\/www.europesays.com\/pl\/wp-json\/wp\/v2\/comments?post=178112"}],"version-history":[{"count":0,"href":"https:\/\/www.europesays.com\/pl\/wp-json\/wp\/v2\/posts\/178112\/revisions"}],"wp:featuredmedia":[{"embeddable":true,"href":"https:\/\/www.europesays.com\/pl\/wp-json\/wp\/v2\/media\/178113"}],"wp:attachment":[{"href":"https:\/\/www.europesays.com\/pl\/wp-json\/wp\/v2\/media?parent=178112"}],"wp:term":[{"taxonomy":"category","embeddable":true,"href":"https:\/\/www.europesays.com\/pl\/wp-json\/wp\/v2\/categories?post=178112"},{"taxonomy":"post_tag","embeddable":true,"href":"https:\/\/www.europesays.com\/pl\/wp-json\/wp\/v2\/tags?post=178112"}],"curies":[{"name":"wp","href":"https:\/\/api.w.org\/{rel}","templated":true}]}}