{"id":178230,"date":"2025-12-30T14:45:13","date_gmt":"2025-12-30T14:45:13","guid":{"rendered":"https:\/\/www.europesays.com\/pl\/178230\/"},"modified":"2025-12-30T14:45:13","modified_gmt":"2025-12-30T14:45:13","slug":"rosjanie-po-raz-pierwszy-pokazali-oriesznika-wszedl-do-sluzby-bojowej-na-bialorusi","status":"publish","type":"post","link":"https:\/\/www.europesays.com\/pl\/178230\/","title":{"rendered":"Rosjanie po raz pierwszy pokazali Oriesznika. 'Wszed\u0142 do s\u0142u\u017cby bojowej na Bia\u0142orusi&#8217;"},"content":{"rendered":"<p> Rosja pokaza\u0142a Oriesznika<\/p>\n<p class=\"art_paragraph\">Oriesznik, kt\u00f3ry ma przenosi\u0107 g\u0142owice j\u0105drowe &#8222;wszed\u0142 do s\u0142u\u017cby bojowej na Bia\u0142orusi&#8221;. System pokazano podczas uroczystej ceremonii obj\u0119cia dy\u017curu bojowego przez rosyjsk\u0105 jednostk\u0119. Jak przekaza\u0142 resort &#8222;specjali\u015bci bojowych za\u0142\u00f3g startowych, \u0142\u0105czno\u015bci, ochrony i zabezpieczenia energetycznego, a tak\u017ce mechanicy-kierowcy element\u00f3w kompleksu rakietowego, przed rozpocz\u0119ciem dy\u017curu bojowego przeszli przekwalifikowanie na nowoczesnych \u015brodkach szkoleniowo-treningowych&#8221;.\u00a0Dodano te\u017c, \u017ce &#8222;personel jednostki opanowuje nowe rejony bojowego patrolowania&#8221;. Nagranie z wydarzenia pojawi\u0142o si\u0119 w\u00a0mediach spo\u0142eczno\u015bciowych.<\/p>\n<p> Gdzie jest Oriesznik?<\/p>\n<p class=\"art_paragraph\">Przypomnijmy,\u00a0w tym miesi\u0105cu Alaksandr \u0141ukaszenka poinformowa\u0142, \u017ce\u00a0nowy rosyjski\u00a0 hipersoniczny\u00a0system rakietowy\u00a0Oriesznik zosta\u0142 rozmieszczony na Bia\u0142orusi 17 grudnia i &#8222;pe\u0142ni s\u0142u\u017cb\u0119 bojow\u0105&#8221;.\u00a0Rosja zaprezentowa\u0142a t\u0119 bro\u0144 w ubieg\u0142ym roku po tym, jak u\u017cy\u0142a jej do ataku na ukrai\u0144skie miasto Dniepr. Natomiast 30 grudnia <a href=\"https:\/\/wiadomosci.gazeta.pl\/ministerstwo-obrony#anchorLink\" rel=\"nofollow noopener\" target=\"_blank\">Ministerstwo Obrony<\/a> Rosji poinformowa\u0142o, \u017ce &#8222;na terytorium Republiki Bia\u0142orusi z wyprzedzeniem stworzono wszystkie warunki niezb\u0119dne do pe\u0142nienia dy\u017curu bojowego oraz do zakwaterowania rosyjskich \u017co\u0142nierzy&#8221;. Bia\u0142oru\u015b, by\u0142a republika radziecka, jest kluczowym sojusznikiem Rosji. Moskwa wykorzysta\u0142a jej terytorium do rozpocz\u0119cia ofensywy przeciwko Ukrainie w lutym 2022 roku. W sierpniu Mi\u0144sk zapowiedzia\u0142, \u017ce prze\u0107wiczy rozmieszczenie pocisk\u00f3w &#8222;Oriesznik&#8221; podczas wsp\u00f3lnych \u0107wicze\u0144 Zapad-2025 w pobli\u017cu wschodniej <a href=\"https:\/\/wiadomosci.gazeta.pl\/granica#anchorLink\" rel=\"nofollow noopener\" target=\"_blank\">granicy<\/a> UE i NATO.<\/p>\n<p>\n    Zobacz wideo Strategia (nie)bezpiecze\u0144stwa narodowego Co to b\u0119dzie (ca\u0142y odcinek)\n  <\/p>\n<p> Co przeciwko Oriesznikowi?<\/p>\n<p class=\"art_paragraph\">3 grudnia w\u00a0niemieckim\u00a0Holzdorf, niedaleko\u00a0od granicy z Polsk\u0105, uruchomiono\u00a0system Arrow, kt\u00f3ry umo\u017cliwia zestrzeliwanie broni wroga na wysoko\u015bci nawet ponad\u00a0100 km.\u00a0&#8211; Niezgodna z prawem mi\u0119dzynarodowym naje\u017ad\u017acza wojna Rosji przeciw Ukrainie i wprowadzenie nowych rosyjskich rakiet, na przyk\u0142ad Oriesznika pokaza\u0142o wyra\u017anie, jak realne sta\u0142o si\u0119 abstrakcyjne dot\u0105d zagro\u017cenie. Dlatego pilnie musimy by\u0107 w stanie odpiera\u0107 ataki pociskami balistycznymi dalekiego zasi\u0119gu &#8211; wskazywa\u0142 dow\u00f3dca niemieckich wojsk powietrznych, genera\u0142 Holger Neumann. Jednostka stacjonuj\u0105ca na granicy Brandenburgii i Saksonii-Anhalt jest pierwsz\u0105 z trzech, na kt\u00f3rych b\u0119dzie opiera\u0142 si\u0119 u\u017cyty ju\u017c przez <a href=\"https:\/\/www.tokfm.pl\/swiat\/izrael-robi-co-chce-na-bliskim-wschodzie-powod-jest-jeden-i-raczej-sie-nie-zmieni#anchorLink\" rel=\"nofollow noopener\" target=\"_blank\">Izrael<\/a> system obrony. Arrow kosztowa\u0142 trzy i p\u00f3\u0142 miliarda euro. Wystaj\u0105ca 20 m nad ziemi\u0119 kopu\u0142a i stoj\u0105cy obok wojskowy w\u00f3z z wyrzutni\u0105 nie wyr\u00f3\u017cniaj\u0105 si\u0119 na tle innych militarnych obiekt\u00f3w i pojazd\u00f3w. Wed\u0142ug wiceministra obrony Niemiec, to jednak pozory. &#8211; Arrow to wi\u0119cej ni\u017c jeszcze jeden system obrony &#8211; przekaza\u0142 Nils Hilmer. &#8211; On pokazuje strategiczne mo\u017cliwo\u015bci ochrony Niemiec i innych kraj\u00f3w NATO, jakich dot\u0105d nie by\u0142o. I wzmacnia potencja\u0142 obronny European Sky Shield &#8211; doda\u0142. Do wymienionej przez Hilmera inicjatywy Sky Shield nale\u017cy te\u017c Polska. Europejskie kraje chc\u0105 razem broni\u0107 si\u0119 przed atakami z nieba, z konkretnego kierunku.<\/p>\n<p class=\"art_paragraph\">Wi\u0119cej na ten temat przeczytasz w artykule: <a href=\"https:\/\/wiadomosci.gazeta.pl\/swiat\/7,198075,32493819,bialorus-cos-dzieje-sie-na-terenie-bylej-bazy-lotniczej-sa.html\" class=\"art_link\" rel=\"dofollow noopener\" target=\"_blank\">&#8222;Bia\u0142oru\u015b. Co\u015b dzieje si\u0119 na terenie by\u0142ej bazy lotniczej. S\u0105 zdj\u0119cia satelitarne&#8221;<\/a>.\n  <\/p>\n<p>\u0179r\u00f3d\u0142a:TACC (X), IAR,\u00a0ria.ru,\u00a0Ministerstwo Obrony Rosji (Telegram)<\/p>\n","protected":false},"excerpt":{"rendered":"Rosja pokaza\u0142a Oriesznika Oriesznik, kt\u00f3ry ma przenosi\u0107 g\u0142owice j\u0105drowe &#8222;wszed\u0142 do s\u0142u\u017cby bojowej na Bia\u0142orusi&#8221;. System pokazano podczas&hellip;\n","protected":false},"author":2,"featured_media":178231,"comment_status":"","ping_status":"","sticky":false,"template":"","format":"standard","meta":{"footnotes":""},"categories":[14],"tags":[32,33,27,34,35,28,31,25,40,41,80,29,30,26,82,83,84],"class_list":{"0":"post-178230","1":"post","2":"type-post","3":"status-publish","4":"format-standard","5":"has-post-thumbnail","7":"category-swiat","8":"tag-breaking-news","9":"tag-breakingnews","10":"tag-headlines","11":"tag-latest-news","12":"tag-latestnews","13":"tag-naglowki","14":"tag-najwazniejsze-artykuly","15":"tag-news","16":"tag-polish","17":"tag-polski","18":"tag-swiat","19":"tag-top-stories","20":"tag-topstories","21":"tag-wiadomosci","22":"tag-world","23":"tag-world-news","24":"tag-worldnews"},"share_on_mastodon":{"url":"https:\/\/pubeurope.com\/@pl\/115809060375004454","error":""},"_links":{"self":[{"href":"https:\/\/www.europesays.com\/pl\/wp-json\/wp\/v2\/posts\/178230","targetHints":{"allow":["GET"]}}],"collection":[{"href":"https:\/\/www.europesays.com\/pl\/wp-json\/wp\/v2\/posts"}],"about":[{"href":"https:\/\/www.europesays.com\/pl\/wp-json\/wp\/v2\/types\/post"}],"author":[{"embeddable":true,"href":"https:\/\/www.europesays.com\/pl\/wp-json\/wp\/v2\/users\/2"}],"replies":[{"embeddable":true,"href":"https:\/\/www.europesays.com\/pl\/wp-json\/wp\/v2\/comments?post=178230"}],"version-history":[{"count":0,"href":"https:\/\/www.europesays.com\/pl\/wp-json\/wp\/v2\/posts\/178230\/revisions"}],"wp:featuredmedia":[{"embeddable":true,"href":"https:\/\/www.europesays.com\/pl\/wp-json\/wp\/v2\/media\/178231"}],"wp:attachment":[{"href":"https:\/\/www.europesays.com\/pl\/wp-json\/wp\/v2\/media?parent=178230"}],"wp:term":[{"taxonomy":"category","embeddable":true,"href":"https:\/\/www.europesays.com\/pl\/wp-json\/wp\/v2\/categories?post=178230"},{"taxonomy":"post_tag","embeddable":true,"href":"https:\/\/www.europesays.com\/pl\/wp-json\/wp\/v2\/tags?post=178230"}],"curies":[{"name":"wp","href":"https:\/\/api.w.org\/{rel}","templated":true}]}}