{"id":178543,"date":"2025-12-30T17:35:06","date_gmt":"2025-12-30T17:35:06","guid":{"rendered":"https:\/\/www.europesays.com\/pl\/178543\/"},"modified":"2025-12-30T17:35:06","modified_gmt":"2025-12-30T17:35:06","slug":"woda-z-zalewu-wislanego-zalewa-frombork-trwa-akcja-strazakow-onet","status":"publish","type":"post","link":"https:\/\/www.europesays.com\/pl\/178543\/","title":{"rendered":"Woda z Zalewu Wi\u015blanego zalewa Frombork. Trwa akcja stra\u017cak\u00f3w &#8211; Onet"},"content":{"rendered":"<ol>\n<li><a href=\"https:\/\/news.google.com\/rss\/articles\/CBMivAFBVV95cUxPX3ZNdFprUlkxTVVUd2g5STNFR2FLS3hWMkRWZzFCWkp6ZF91QXJqWkZ4OVRDWnNONVlJRUNCNjlUM19pLWtudURGOERqRk5KUjZ2OHNfaF9Dd2hCTzFsZkNlX0pYTzhsUC1kWTlNWUVFdXl2NllYR29MRXdJaGdfZ0V6UmZ3WmR4STZGY0JDUmJYR2dNcUVTUlhRWlFkWncydi15Y0M4WlM4RWlXa04yYTdEcGhMN3puM0Z4Mw?oc=5\" target=\"_blank\" rel=\"nofollow noopener\">Woda z Zalewu Wi\u015blanego zalewa Frombork. Trwa akcja stra\u017cak\u00f3w<\/a>&nbsp;&nbsp;Onet<\/li>\n<li><a href=\"https:\/\/news.google.com\/rss\/articles\/CBMimgFBVV95cUxNTV9IVkZmV2VPNEdKVWQ1SVVOTVNsNkdkQmxSUzIwV3FpbjV3aDdEQkNLWl85VjJyV25hWTlaNVlWVHZMamF6d3ZjR2xRRkdQNEFyNFozelY0LUFpQ3lST2otcDVDNmNSZVE1Y2FzQ2ZxV0VDOXJ0SGowTFBuQ1JMY1ZBNTZ5ZGd3OURrekRMeXMtMWRBQmd4cXRR?oc=5\" target=\"_blank\" rel=\"nofollow noopener\">&#8222;Odwo\u0142ujemy sylwestra&#8221;. Prezydent Elbl\u0105ga poda\u0142 powody<\/a>&nbsp;&nbsp;WP Wiadomo\u015bci<\/li>\n<li><a href=\"https:\/\/news.google.com\/rss\/articles\/CBMipgFBVV95cUxPUUgydllCU3VjempoZWxlODdyVHUxVVo4VW9MSXZzRkM4UmlXeDI5SkRjWFhnNmRHLVdXNUppSGxQM0lVeGZ1aEhKT0hmV05sNTZ0cW11U2VQY18wd2F1bTVPS1d2ajcwdkVGWWJwLTduOURyRWJ5eU54UGJGU01ZNkc2NlRycENaY2w0eWd6ZUl4WHMwVmd0UEx3a21oUzdWYjN4dTFn?oc=5\" target=\"_blank\" rel=\"nofollow noopener\">Niebezpieczna pogoda w Polsce. Wylewa Zalew Wi\u015blany, odwo\u0142any sylwester<\/a>&nbsp;&nbsp;TVN24<\/li>\n<li><a href=\"https:\/\/news.google.com\/rss\/articles\/CBMipwFBVV95cUxPczFZMUo0QmF5alFkMUd1M0QycXdvbmcxTDc0VFlTV1NPRHVmQkluQzRNeTUtc1pMMERMbV9BdjVhTHZuTzNLcHN4eEFpc29iVlMyNlpqcGg1NzZqOFU0aW1CY2QzeVY4c2FSTGZsNlRXNnRuaUEwaWdUWmZGeG5ZaGRmZXVfelNQTVBQd1VxMGdQRHcxM2k2cnB1ekxCWFB6ZXVPSUc5SQ?oc=5\" target=\"_blank\" rel=\"nofollow noopener\">Alarm przeciwpowodziowy w Elbl\u0105gu. S\u0142u\u017cby miejskie w gotowo\u015bci<\/a>&nbsp;&nbsp;Onet Wiadomo\u015bci<\/li>\n<li><a href=\"https:\/\/news.google.com\/rss\/articles\/CBMipwFBVV95cUxPWTNJc1ZFSE5lRVdtNFVTV0E0SVRMVGxEMXNiVk92ZkRrOF91cWhMTDFLUHdIUV9qX1g4OFhTZmJaVnU1a0JSWGJrTmdHTnhVYnBERmxuMVpCYUJqM2YwVlRJWVM2ZkI4cHB3bk9ISmFMN2lYTmZpVGQ4UjRPZVBzaVhYR2xEMHBwYk5JNnNWMjlaaVhzeDVXSnNiZ2hQWVpONVJEZHdNMA?oc=5\" target=\"_blank\" rel=\"nofollow noopener\">3 stopie\u0144 ostrze\u017cenia hydrologicznego i meteorologicznego dla powiatu elbl\u0105skiego<\/a>&nbsp;&nbsp;Gov.pl<\/li>\n<\/ol>\n","protected":false},"excerpt":{"rendered":"Woda z Zalewu Wi\u015blanego zalewa Frombork. Trwa akcja stra\u017cak\u00f3w&nbsp;&nbsp;Onet &#8222;Odwo\u0142ujemy sylwestra&#8221;. Prezydent Elbl\u0105ga poda\u0142 powody&nbsp;&nbsp;WP Wiadomo\u015bci Niebezpieczna pogoda&hellip;\n","protected":false},"author":2,"featured_media":178544,"comment_status":"","ping_status":"","sticky":false,"template":"","format":"standard","meta":{"footnotes":"","_share_on_mastodon":"0"},"categories":[5],"tags":[32,33,36,37,35056,27,34,35,28,31,53,25,52,68,51,55,42,38,40,39,41,47,5425,29,30,65,50,26,4392],"class_list":["post-178543","post","type-post","status-publish","format-standard","has-post-thumbnail","category-naglowki","tag-breaking-news","tag-breakingnews","tag-featured-news","tag-featurednews","tag-frombork","tag-headlines","tag-latest-news","tag-latestnews","tag-naglowki","tag-najwazniejsze-artykuly","tag-new_header","tag-news","tag-onet3","tag-onet3d","tag-onet3d_2i","tag-phx","tag-pl","tag-poland","tag-polish","tag-polska","tag-polski","tag-screening_general","tag-straz_pozarna_strazak_strazacy_osp_psp","tag-top-stories","tag-topstories","tag-update_me","tag-v2021","tag-wiadomosci","tag-zalew_wislany"],"share_on_mastodon":{"url":"https:\/\/pubeurope.com\/@pl\/115809728965207081","error":""},"_links":{"self":[{"href":"https:\/\/www.europesays.com\/pl\/wp-json\/wp\/v2\/posts\/178543","targetHints":{"allow":["GET"]}}],"collection":[{"href":"https:\/\/www.europesays.com\/pl\/wp-json\/wp\/v2\/posts"}],"about":[{"href":"https:\/\/www.europesays.com\/pl\/wp-json\/wp\/v2\/types\/post"}],"author":[{"embeddable":true,"href":"https:\/\/www.europesays.com\/pl\/wp-json\/wp\/v2\/users\/2"}],"replies":[{"embeddable":true,"href":"https:\/\/www.europesays.com\/pl\/wp-json\/wp\/v2\/comments?post=178543"}],"version-history":[{"count":0,"href":"https:\/\/www.europesays.com\/pl\/wp-json\/wp\/v2\/posts\/178543\/revisions"}],"wp:featuredmedia":[{"embeddable":true,"href":"https:\/\/www.europesays.com\/pl\/wp-json\/wp\/v2\/media\/178544"}],"wp:attachment":[{"href":"https:\/\/www.europesays.com\/pl\/wp-json\/wp\/v2\/media?parent=178543"}],"wp:term":[{"taxonomy":"category","embeddable":true,"href":"https:\/\/www.europesays.com\/pl\/wp-json\/wp\/v2\/categories?post=178543"},{"taxonomy":"post_tag","embeddable":true,"href":"https:\/\/www.europesays.com\/pl\/wp-json\/wp\/v2\/tags?post=178543"}],"curies":[{"name":"wp","href":"https:\/\/api.w.org\/{rel}","templated":true}]}}