{"id":178547,"date":"2025-12-30T17:37:09","date_gmt":"2025-12-30T17:37:09","guid":{"rendered":"https:\/\/www.europesays.com\/pl\/178547\/"},"modified":"2025-12-30T17:37:09","modified_gmt":"2025-12-30T17:37:09","slug":"reklama-z-udzialem-tomasza-karolaka-wywolala-burze-wlasciciel-marki-odpowiada","status":"publish","type":"post","link":"https:\/\/www.europesays.com\/pl\/178547\/","title":{"rendered":"Reklama z udzia\u0142em Tomasza Karolaka wywo\u0142a\u0142a burz\u0119. W\u0142a\u015bciciel marki odpowiada"},"content":{"rendered":"<p class=\"Paragraph_desktopParagraph__U31Gm\">Reklama piwa \u0141om\u017ca, emitowana od pocz\u0105tku grudnia, wywo\u0142a\u0142a gor\u0105c\u0105 debat\u0119 jeszcze przed \u015bwi\u0119tami. W telewizyjnym spocie \u015bw. Miko\u0142aj, w kt\u00f3rego rol\u0119 wciela si\u0119 <a href=\"https:\/\/plejada.pl\/temat\/tomasz-karolak\/ekr06h0\" id=\"43af7370-e237-4a38-8eda-1641078c1a5f\" rel=\"nofollow noopener\" target=\"_blank\">Tomasz Karolak<\/a>, ustawia obok choinki butelki z piwem. Otwieraj\u0105c jedn\u0105 z nich, m\u00f3wi: &#8222;pierwszy raz w \u017cyciu mam ochot\u0119 pobawi\u0107 si\u0119 prezentami, co je sam przynios\u0142em&#8221;. Dla jednych to humorystyczna konwencja, dla innych \u2013 uderzenie w tradycyjne warto\u015bci.<\/p>\n<p class=\"Paragraph_desktopParagraph__U31Gm\">W odpowiedzi na pytania PAP stanowisko przedstawi\u0142a firma Van Pur SA, w\u0142a\u015bciciel marki \u0141om\u017ca. Sp\u00f3\u0142ka zapewnia, \u017ce kampania by\u0142a przygotowana zgodnie z prawem i z my\u015bl\u0105 o doros\u0142ych odbiorcach. Jak czytamy:<\/p>\n<blockquote>\n<p class=\"Paragraph_desktopParagraph__U31Gm\">Spot reklamowy pozytywnie przeszed\u0142 standardowy proces kolaudacji w stacjach TV przed dopuszczeniem do emisji, nie budz\u0105c zastrze\u017ce\u0144 natury etycznej lub prawnej<\/p>\n<\/blockquote>\n<ul class=\"OchatFollowUps_wrapper__1ry7X\">\n<li class=\"OchatFollowUps_item__Dhyly OchatFollowUps_itemDesktop__R6aBv\">Jakie kontrowersje wywo\u0142a\u0142a reklama piwa \u0141om\u017ca?<\/li>\n<li class=\"OchatFollowUps_item__Dhyly OchatFollowUps_itemDesktop__R6aBv\">Kto wyst\u0119puje w reklamie piwa \u0141om\u017ca?<\/li>\n<li class=\"OchatFollowUps_item__Dhyly OchatFollowUps_itemDesktop__R6aBv\">Jakie dzia\u0142ania podj\u0119\u0142a KRRiT w zwi\u0105zku z reklam\u0105?<\/li>\n<li class=\"OchatFollowUps_item__Dhyly OchatFollowUps_itemDesktop__R6aBv\">Co powiedzia\u0142 w\u0142a\u015bciciel marki \u0141om\u017ca na temat reklamy?<\/li>\n<\/ul>\n<p>Reklama piwa z udzia\u0142em Tomasza Karolaka wywo\u0142a\u0142a burz\u0119. W\u0142a\u015bciciel marki si\u0119 t\u0142umaczy <\/p>\n<p class=\"Paragraph_desktopParagraph__U31Gm\">Firma zaznaczy\u0142a r\u00f3wnie\u017c, \u017ce &#8222;intencj\u0105 marki \u0141om\u017ca nie by\u0142o i nie jest promowanie si\u0119 poprzez wywo\u0142ywanie kontrowersji&#8221;. W o\u015bwiadczeniu podkre\u015blono ponadto, \u017ce &#8222;kampania z udzia\u0142em Tomasza Karolaka zosta\u0142a przygotowana z my\u015bl\u0105 o pe\u0142noletnich odbiorcach, zgodnie z obowi\u0105zuj\u0105cymi przepisami prawa&#8221; a &#8222;telewizyjne spoty by\u0142y emitowane wy\u0142\u0105cznie w pa\u015bmie wieczornym, nieprzeznaczonym dla widz\u00f3w ma\u0142oletnich&#8221;. <\/p>\n<p class=\"Paragraph_desktopParagraph__U31Gm\">Van Pur t\u0142umaczy dalej tak\u017ce sam\u0105 koncepcj\u0119 reklamy. <\/p>\n<blockquote>\n<p class=\"Paragraph_desktopParagraph__U31Gm\">W reklamie \u015bwiadomie wykorzystano konwencj\u0119 postaci w stylu &#8222;bad Santa&#8221;, kt\u00f3rej znaczenie i forma s\u0105 czytelne dla doros\u0142ych odbiorc\u00f3w<\/p>\n<\/blockquote>\n<p class=\"Paragraph_desktopParagraph__U31Gm\">\u2013 wskaza\u0142a firma. Jednocze\u015bnie doda\u0142a: <\/p>\n<blockquote>\n<p class=\"Paragraph_desktopParagraph__U31Gm\">Reklama w \u017caden spos\u00f3b nie sugeruje, \u017ce wykreowany przez Tomasza Karolaka bohater nadu\u017cy\u0142 alkoholu<\/p>\n<\/blockquote>\n<p class=\"Paragraph_desktopParagraph__U31Gm\">Mimo tych wyja\u015bnie\u0144 sprawa nabra\u0142a oficjalnego charakteru. Przewodnicz\u0105ca Krajowej Rady Radiofonii i Telewizji Agnieszka Glapiak zleci\u0142a kontrol\u0119 \u015bwi\u0105tecznej reklamy piwa z udzia\u0142em \u015bw. Miko\u0142aja i wezwa\u0142a wszystkich nadawc\u00f3w do natychmiastowego zaprzestania jej emitowania. KRRiT poinformowa\u0142a, \u017ce otrzyma\u0142a ponad 20 skarg od widz\u00f3w, kt\u00f3rzy zwracali uwag\u0119 m.in. na to, \u017ce reklama godzi w tradycyjne warto\u015bci i pozytywne skojarzenia, zast\u0119puj\u0105c je \u2013 ich zdaniem \u2013 nieuprawnionym i zdeformowanym wizerunkiem \u015bw. Miko\u0142aja.<\/p>\n<p class=\"Paragraph_desktopParagraph__U31Gm\">Na tym jednak nie koniec. Z\u0142o\u017cenie zawiadomienia do prokuratury zapowiedzia\u0142a dyrektorka Krajowego Centrum Przeciwdzia\u0142ania Uzale\u017cnieniom dr n. med. Bogus\u0142awa Bukowska. Przypomnia\u0142a ona, \u017ce zgodnie z ustaw\u0105 o wychowaniu w trze\u017awo\u015bci i przeciwdzia\u0142aniu alkoholizmowi &#8222;reklama napoj\u00f3w alkoholowych w Polsce nie mo\u017ce by\u0107 kierowana do ma\u0142oletnich, wywo\u0142ywa\u0107 skojarze\u0144 z relaksem lub wypoczynkiem, nauk\u0105 lub prac\u0105 oraz sukcesem zawodowym lub \u017cyciowym&#8221;. Jak oceni\u0142a, warunki te nie zosta\u0142y spe\u0142nione w \u015bwi\u0105tecznej reklamie piwa.<\/p>\n<p class=\"Paragraph_desktopParagraph__U31Gm\">Dr Bukowska podkre\u015bli\u0142a r\u00f3wnie\u017c, \u017ce w reklamie alkoholu wykorzystanie symboli \u015bwi\u0105tecznych, w tym postaci \u015bwi\u0119tego Miko\u0142aja \u2013 wa\u017cnej postaci dla dzieci \u2013 jest formu\u0142owaniem przekazu, na kt\u00f3ry w szczeg\u00f3lno\u015bci wra\u017cliwe s\u0105 dzieci.<\/p>\n<p><img decoding=\"async\" class=\"Image_image__0tuHp Image_autoHeight__f2n87 \" height=\"587\" width=\"880\" src=\"https:\/\/www.europesays.com\/pl\/wp-content\/uploads\/2025\/12\/jG0k9kpTURBXy85NzJhMTVlYmY1N2FkMDYxMDI2ZDgzYmZlZDE1MmJhMS5qcGeSlQLNA6wAwsOVAgDNAkvCw94AA6EwAaExAaEzw.jpeg\" alt=\"Tomasz Karolak\" loading=\"lazy\" \/>Niemiec \/ AKPA<\/p>\n<p>Tomasz Karolak<\/p>\n<p class=\"Paragraph_desktopParagraph__U31Gm\">Dzi\u0119kujemy, \u017ce przeczyta\u0142a\u015b\/e\u015b nasz artyku\u0142 do ko\u0144ca. W serwisie Plejada.pl ka\u017cdego dnia piszemy o najwa\u017cniejszych wydarzeniach show-biznesowych. B\u0105d\u017a na bie\u017c\u0105co! <a rel=\"nofollow noopener\" href=\"https:\/\/profile.google.com\/cp\/Cg0vZy8xMWJ6X19wdHBx\" id=\"75d7740a-15db-419e-8510-3c059e9d3fcf\" target=\"_blank\">Obserwuj<\/a> Plejad\u0119 w Google. Odwied\u017a nas tak\u017ce na <a rel=\"nofollow noopener\" href=\"https:\/\/www.facebook.com\/plejadapl\" id=\"cecac768-fc2e-479f-bd64-627b08a08a6f\" target=\"_blank\">Facebooku<\/a>, <a rel=\"nofollow noopener\" href=\"https:\/\/www.instagram.com\/plejadapl\/\" id=\"c371f20b-3f34-452d-bc39-c008542f6a23\" target=\"_blank\">Instagramie<\/a>, <a rel=\"nofollow noopener\" href=\"https:\/\/www.youtube.com\/c\/plejada\" id=\"36cad4ef-388e-42de-aacf-56ae7e60f70f\" target=\"_blank\">YouTubie<\/a> oraz <a rel=\"nofollow noopener\" href=\"https:\/\/www.tiktok.com\/@plejada_pl\" id=\"db15a3e3-e7c9-4c5c-931f-956c7aede870\" target=\"_blank\">TikToku<\/a>.<\/p>\n<p class=\"Paragraph_desktopParagraph__U31Gm\">Chcesz podzieli\u0107 si\u0119 ciekawym newsem lub zaproponowa\u0107 temat? Skontaktuj si\u0119 z nami, pisz\u0105c maila na adres: <a href=\"https:\/\/www.onet.pl\/styl-zycia\/plejada\/reklama-z-udzialem-tomasza-karolaka-wywolala-burze-wlasciciel-marki-odpowiada\/mailto:plejada@redakcjaonet.pl\" id=\"05490915-4db5-408b-8d81-203b8b070e55\" rel=\"nofollow noopener\" target=\"_blank\">plejada@redakcjaon<\/a><a rel=\"nofollow noopener\" href=\"http:\/\/et.pl\" id=\"1aaab1d3-b08d-40f1-9f42-afae9123cfca\" target=\"_blank\">et.pl<\/a>.<\/p>\n<p><script async src=\"\/\/www.instagram.com\/embed.js\"><\/script><script async src=\"\/\/www.tiktok.com\/embed.js\"><\/script><\/p>\n","protected":false},"excerpt":{"rendered":"Reklama piwa \u0141om\u017ca, emitowana od pocz\u0105tku grudnia, wywo\u0142a\u0142a gor\u0105c\u0105 debat\u0119 jeszcze przed \u015bwi\u0119tami. W telewizyjnym spocie \u015bw. Miko\u0142aj,&hellip;\n","protected":false},"author":2,"featured_media":178548,"comment_status":"","ping_status":"","sticky":false,"template":"","format":"standard","meta":{"footnotes":""},"categories":[22],"tags":[122,67,261,8679,53,52,68,51,55,4607,42,38,40,39,41,3824,123,47,3423,65,50],"class_list":{"0":"post-178547","1":"post","2":"type-post","3":"status-publish","4":"format-standard","5":"has-post-thumbnail","7":"category-rozrywka","8":"tag-entertainment","9":"tag-intextvideo_splayer","10":"tag-kultura","11":"tag-lomza","12":"tag-new_header","13":"tag-onet3","14":"tag-onet3d","15":"tag-onet3d_2i","16":"tag-phx","17":"tag-piwo","18":"tag-pl","19":"tag-poland","20":"tag-polish","21":"tag-polska","22":"tag-polski","23":"tag-reklama_reklamy","24":"tag-rozrywka","25":"tag-screening_general","26":"tag-tomasz_karolak_aktor","27":"tag-update_me","28":"tag-v2021"},"share_on_mastodon":{"url":"https:\/\/pubeurope.com\/@pl\/115809736652514680","error":""},"_links":{"self":[{"href":"https:\/\/www.europesays.com\/pl\/wp-json\/wp\/v2\/posts\/178547","targetHints":{"allow":["GET"]}}],"collection":[{"href":"https:\/\/www.europesays.com\/pl\/wp-json\/wp\/v2\/posts"}],"about":[{"href":"https:\/\/www.europesays.com\/pl\/wp-json\/wp\/v2\/types\/post"}],"author":[{"embeddable":true,"href":"https:\/\/www.europesays.com\/pl\/wp-json\/wp\/v2\/users\/2"}],"replies":[{"embeddable":true,"href":"https:\/\/www.europesays.com\/pl\/wp-json\/wp\/v2\/comments?post=178547"}],"version-history":[{"count":0,"href":"https:\/\/www.europesays.com\/pl\/wp-json\/wp\/v2\/posts\/178547\/revisions"}],"wp:featuredmedia":[{"embeddable":true,"href":"https:\/\/www.europesays.com\/pl\/wp-json\/wp\/v2\/media\/178548"}],"wp:attachment":[{"href":"https:\/\/www.europesays.com\/pl\/wp-json\/wp\/v2\/media?parent=178547"}],"wp:term":[{"taxonomy":"category","embeddable":true,"href":"https:\/\/www.europesays.com\/pl\/wp-json\/wp\/v2\/categories?post=178547"},{"taxonomy":"post_tag","embeddable":true,"href":"https:\/\/www.europesays.com\/pl\/wp-json\/wp\/v2\/tags?post=178547"}],"curies":[{"name":"wp","href":"https:\/\/api.w.org\/{rel}","templated":true}]}}