{"id":178611,"date":"2025-12-30T18:30:09","date_gmt":"2025-12-30T18:30:09","guid":{"rendered":"https:\/\/www.europesays.com\/pl\/178611\/"},"modified":"2025-12-30T18:30:09","modified_gmt":"2025-12-30T18:30:09","slug":"pilna-narada-donald-tusk-reaguje-na-atak-zimy-w-polsce","status":"publish","type":"post","link":"https:\/\/www.europesays.com\/pl\/178611\/","title":{"rendered":"Pilna narada. Donald Tusk reaguje na atak zimy w Polsce"},"content":{"rendered":"<ul class=\"UnorderedList_container__nmfSl\">\n<li class=\"UnorderedList_listElement__Py7xi\" data-id=\"ai-summary-link\">Du\u017co czytania, a ma\u0142o czasu? Sprawd\u017a\u00a0skr\u00f3t\u00a0artyku\u0142u<\/li>\n<\/ul>\n<p class=\"Paragraph_desktopParagraph__U31Gm\">O swojej decyzji Donald Tusk poinformowa\u0142 we wtorek wieczorem w mediach spo\u0142eczno\u015bciowych. Jak podkre\u015bli\u0142, narada wojewod\u00f3w rozpocznie si\u0119 o godz. 19.<\/p>\n<p class=\"Paragraph_desktopParagraph__U31Gm\">&#8222;Poleci\u0142em szefowi MSWiA zwo\u0142anie na godzin\u0119 19 narady wojewod\u00f3w i pilne przedstawienie raportu o sytuacji na drogach, na terenach zagro\u017conych tzw. cofk\u0105 i innych zdarzeniach zwi\u0105zanych z pogod\u0105&#8221; \u2014 pisze premier na platformie X.<\/p>\n<p>Atak zimy w Polsce <\/p>\n<p class=\"Paragraph_desktopParagraph__U31Gm\">Wtorek stoi pod znakiem trudnych warunk\u00f3w pogodowych w ca\u0142ym kraju. Zimowa pogoda nie ma zamiaru ust\u0105pi\u0107 przede wszystkim na p\u00f3\u0142nocy Polski. <a href=\"https:\/\/pogoda.onet.pl\/artykuly\/atak-zimy-w-czesci-polski-tak-wygladaja-ulice-po-przejsciu-sniezycy\/te06wde\" id=\"13638710-7169-4c4f-a907-c597293b9741\" rel=\"nofollow noopener\" target=\"_blank\">Co wi\u0119cej, w nadchodz\u0105cych godzinach sytuacja mo\u017ce si\u0119 jeszcze pogorszy\u0107<\/a>.<\/p>\n<ul class=\"OchatFollowUps_wrapper__1ry7X\">\n<li class=\"OchatFollowUps_item__Dhyly OchatFollowUps_itemDesktop__R6aBv\">O kt\u00f3rej godzinie rozpocznie si\u0119 narada wojewod\u00f3w?<\/li>\n<li class=\"OchatFollowUps_item__Dhyly OchatFollowUps_itemDesktop__R6aBv\">Jakie s\u0105 prognozowane opady \u015bniegu na Warmii i Mazurach?<\/li>\n<li class=\"OchatFollowUps_item__Dhyly OchatFollowUps_itemDesktop__R6aBv\">Jakie alerty wyda\u0142o IMGW?<\/li>\n<li class=\"OchatFollowUps_item__Dhyly OchatFollowUps_itemDesktop__R6aBv\">Gdzie mo\u017ce wyst\u0105pi\u0107 silny wiatr i zawieje \u015bnie\u017cne?<\/li>\n<\/ul>\n<p class=\"Paragraph_desktopParagraph__U31Gm\">IMGW wyda\u0142 alerty przed intensywnymi opadami \u015bniegu. Najgorzej ma by\u0107 na Warmii, Mazurach i w rejonie Zatoki Gda\u0144skiej, gdzie obowi\u0105zuje trzeci, najwy\u017cszy stopie\u0144 ostrze\u017cenia. Synoptycy przewiduj\u0105, \u017ce mo\u017ce tam spa\u015b\u0107 ok. 20-40 cm \u015bniegu, a lokalnie nawet ok. 60 cm. Alertami pierwszego stopnia obj\u0119te zosta\u0142o r\u00f3wnie\u017c p\u00f3\u0142nocne Mazowsze \u0142\u0105cznie z Warszaw\u0105. Tam mo\u017ce spa\u015b\u0107 ok. 20 cm \u015bniegu. Ostrze\u017cenia zacz\u0119\u0142y obowi\u0105zywa\u0107 we wtorek o godz. 10, a wygasn\u0105 w \u015brod\u0119 o godz. 12.<\/p>\n<p class=\"Paragraph_desktopParagraph__U31Gm\">IMGW wyda\u0142 tak\u017ce ostrze\u017cenia przed silnym wiatrem, kt\u00f3re obowi\u0105zuj\u0105 na Wybrze\u017cu oraz w pasie od Warmii i Mazur, przez Mazowsze po Lubelszczyzn\u0119. Na tym obszarze wiatr osi\u0105gnie w porywach ok. 80 km na godz. W strefie opad\u00f3w \u015bniegu b\u0119dzie powodowa\u0142 zawieje i zamiecie \u015bnie\u017cne.<\/p>\n<p class=\"Paragraph_desktopParagraph__U31Gm\">Przed tym zjawiskiem ostrzega r\u00f3wnie\u017c Rz\u0105dowe Centrum Bezpiecze\u0144stwa. &#8222;Uwaga! Dzi\u015b i jutro (30\/31.12) prognozowane zawieje, zamiecie \u015bnie\u017cne i silny wiatr. Trudne warunki drogowe, mo\u017cliwe przerwy w dostawie pr\u0105du. \u015aled\u017a komunikaty&#8221;. Alert RCB o takiej tre\u015bci zosta\u0142 skierowany do mieszka\u0144c\u00f3w na terenie woj. warmi\u0144sko-mazurskiego oraz cz\u0119\u015bci woj. pomorskiego, podlaskiego, kujawsko-pomorskiego i mazowieckiego.<\/p>\n","protected":false},"excerpt":{"rendered":"Du\u017co czytania, a ma\u0142o czasu? Sprawd\u017a\u00a0skr\u00f3t\u00a0artyku\u0142u O swojej decyzji Donald Tusk poinformowa\u0142 we wtorek wieczorem w mediach spo\u0142eczno\u015bciowych.&hellip;\n","protected":false},"author":2,"featured_media":178612,"comment_status":"","ping_status":"","sticky":false,"template":"","format":"standard","meta":{"footnotes":""},"categories":[12],"tags":[32,33,200,36,37,27,34,35,28,31,53,25,52,68,51,55,42,78,38,40,39,41,47,7312,591,29,30,65,50,26,7441],"class_list":{"0":"post-178611","1":"post","2":"type-post","3":"status-publish","4":"format-standard","5":"has-post-thumbnail","7":"category-polska","8":"tag-breaking-news","9":"tag-breakingnews","10":"tag-donald_tusk_polityk","11":"tag-featured-news","12":"tag-featurednews","13":"tag-headlines","14":"tag-latest-news","15":"tag-latestnews","16":"tag-naglowki","17":"tag-najwazniejsze-artykuly","18":"tag-new_header","19":"tag-news","20":"tag-onet3","21":"tag-onet3d","22":"tag-onet3d_2i","23":"tag-phx","24":"tag-pl","25":"tag-pogoda","26":"tag-poland","27":"tag-polish","28":"tag-polska","29":"tag-polski","30":"tag-screening_general","31":"tag-snieg","32":"tag-srodowisko","33":"tag-top-stories","34":"tag-topstories","35":"tag-update_me","36":"tag-v2021","37":"tag-wiadomosci","38":"tag-zima"},"share_on_mastodon":{"url":"https:\/\/pubeurope.com\/@pl\/115809945212140800","error":""},"_links":{"self":[{"href":"https:\/\/www.europesays.com\/pl\/wp-json\/wp\/v2\/posts\/178611","targetHints":{"allow":["GET"]}}],"collection":[{"href":"https:\/\/www.europesays.com\/pl\/wp-json\/wp\/v2\/posts"}],"about":[{"href":"https:\/\/www.europesays.com\/pl\/wp-json\/wp\/v2\/types\/post"}],"author":[{"embeddable":true,"href":"https:\/\/www.europesays.com\/pl\/wp-json\/wp\/v2\/users\/2"}],"replies":[{"embeddable":true,"href":"https:\/\/www.europesays.com\/pl\/wp-json\/wp\/v2\/comments?post=178611"}],"version-history":[{"count":0,"href":"https:\/\/www.europesays.com\/pl\/wp-json\/wp\/v2\/posts\/178611\/revisions"}],"wp:featuredmedia":[{"embeddable":true,"href":"https:\/\/www.europesays.com\/pl\/wp-json\/wp\/v2\/media\/178612"}],"wp:attachment":[{"href":"https:\/\/www.europesays.com\/pl\/wp-json\/wp\/v2\/media?parent=178611"}],"wp:term":[{"taxonomy":"category","embeddable":true,"href":"https:\/\/www.europesays.com\/pl\/wp-json\/wp\/v2\/categories?post=178611"},{"taxonomy":"post_tag","embeddable":true,"href":"https:\/\/www.europesays.com\/pl\/wp-json\/wp\/v2\/tags?post=178611"}],"curies":[{"name":"wp","href":"https:\/\/api.w.org\/{rel}","templated":true}]}}