{"id":178812,"date":"2025-12-30T20:49:10","date_gmt":"2025-12-30T20:49:10","guid":{"rendered":"https:\/\/www.europesays.com\/pl\/178812\/"},"modified":"2025-12-30T20:49:10","modified_gmt":"2025-12-30T20:49:10","slug":"nie-zyje-erica-fox-tragiczny-final-poszukiwan","status":"publish","type":"post","link":"https:\/\/www.europesays.com\/pl\/178812\/","title":{"rendered":"Nie \u017cyje Erica Fox. Tragiczny fina\u0142 poszukiwa\u0144"},"content":{"rendered":"<p class=\"article-p\" data-section=\"detail-body\">Erica Fox znikn\u0119\u0142a 21 grudnia podczas cotygodniowego treningu w wodach zatoki Monterey. P\u0142ywa\u0142a w grupie 16 sportowc\u00f3w, gdy nagle dosz\u0142o do tragedii.<\/p>\n<p class=\"article-p\" data-section=\"detail-body\"><a href=\"https:\/\/sport.fakt.pl\/lekkoatletyka\/olimpijczyk-robert-wolski-walcz-o-zycie-artur-partyka-mial-wypadek\/4t2c0dp\" id=\"88988972-1a91-4c52-90ce-90fb697b7639\" rel=\"nofollow noopener\" target=\"_blank\">Artur Partyka wspiera Roberta Wolskiego. Lekkoatletyka jednoczy si\u0119 po tragedii<\/a><\/p>\n<p>        Nie \u017cyje Erica Fox. Tragiczny fina\u0142 poszukiwa\u0144<\/p>\n<p class=\"article-p\" data-section=\"detail-body\">&#8222;New York Post&#8221; poinformowa\u0142, \u017ce cia\u0142o kobiety zosta\u0142o znalezione w sobot\u0119 28 grudnia na pla\u017cy w pobli\u017cu Davenport w hrabstwie Santa Cruz, ok. 48 km na p\u00f3\u0142noc od miejsca zagini\u0119cia.<\/p>\n<p class=\"article-p\" data-section=\"detail-body\">Akcja wydobycia cia\u0142a by\u0142a wyj\u0105tkowo trudna. Ratownicy musieli dzia\u0142a\u0107 pod klifami, w trudnych warunkach. Wcze\u015bniej \u015bwiadkowie zdarzenia alarmowali, \u017ce widzieli w wodzie rekina. Jeden z nich twierdzi\u0142, \u017ce &#8222;zobaczy\u0142 rekina wyskakuj\u0105cego z wody z czym\u015b, co wygl\u0105da\u0142o na cia\u0142o w pysku&#8221;. Inny m\u00f3wi\u0142 o scenie przypominaj\u0105cej atak na jednego z p\u0142ywak\u00f3w. Na razie jednak nie ma oficjalnego potwierdzenia, \u017ce \u015bmier\u0107 Fox by\u0142a wynikiem ataku rekina.<\/p>\n<p class=\"article-p\" data-section=\"detail-body\">Poszukiwania, w kt\u00f3re zaanga\u017cowano samoloty, \u0142odzie i nurkowie trwa\u0142y intensywne 15 godzin. Stra\u017c Przybrze\u017cna i lokalne s\u0142u\u017cby przeszukiwa\u0142y zatok\u0119, ale akcj\u0119 zawieszono 22 grudnia. Dopiero tydzie\u0144 p\u00f3\u017aniej cia\u0142o zosta\u0142o odnalezione.<\/p>\n<p class=\"article-p\" data-section=\"detail-body\">Fox by\u0142a do\u015bwiadczon\u0105 zawodniczk\u0105. Od lat startowa\u0142a w zawodach triathlonowych. Na swoim koncie ma m.in. dwie &#8222;po\u0142\u00f3wki&#8221; Ironmana. Od 20 lat bra\u0142a udzia\u0142 w presti\u017cowym wy\u015bcigu &#8222;Escape From Alcatraz&#8221;.<\/p>\n<p>        \/4<\/p>\n<p>                    <img decoding=\"async\" class=\"article-image-img\" loading=\"lazy\" alt=\"\" src=\"https:\/\/www.europesays.com\/pl\/wp-content\/uploads\/2025\/12\/-Ezk9kuTURBXy8wYjYzNzNlYS1jOWQzLTRjNmItYWJlMy0wZmU5ZDlkYjc1Y2EuanBlZ5GTAs0DSM0CMN4AAqEwAaExAQ.jpeg\" width=\"840\" height=\"560\"\/><\/p>\n<p>                  &#8211; \/ Facebook<\/p>\n<p class=\"article-gallery-p\">\n        Nie \u017cyje Erica Fox.\n    <\/p>\n<p>        \/4<\/p>\n<p>                    <img decoding=\"async\" class=\"article-image-img\" loading=\"lazy\" alt=\"\" src=\"https:\/\/www.europesays.com\/pl\/wp-content\/uploads\/2025\/12\/bzAk9kuTURBXy8xNTVjYmFhNS0xYjJmLTQ4ZDQtOWRjZi00MWVhZGMwYTAyMjcuanBlZ5GTAs0DSM0Cm94AAqEwAaExAQ.jpeg\" width=\"840\" height=\"667\"\/><\/p>\n<p>                  Monterey County Sheriff&#8217;s Office \/ Materia\u0142y policyjne<\/p>\n<p class=\"article-gallery-p\">\n        W poszukiwania zaanga\u017cowani byli nurkowie.\n    <\/p>\n","protected":false},"excerpt":{"rendered":"Erica Fox znikn\u0119\u0142a 21 grudnia podczas cotygodniowego treningu w wodach zatoki Monterey. P\u0142ywa\u0142a w grupie 16 sportowc\u00f3w, gdy&hellip;\n","protected":false},"author":2,"featured_media":178813,"comment_status":"","ping_status":"","sticky":false,"template":"","format":"standard","meta":{"footnotes":""},"categories":[14],"tags":[32,33,27,34,35,28,31,25,40,41,80,29,30,26,82,83,84],"class_list":{"0":"post-178812","1":"post","2":"type-post","3":"status-publish","4":"format-standard","5":"has-post-thumbnail","7":"category-swiat","8":"tag-breaking-news","9":"tag-breakingnews","10":"tag-headlines","11":"tag-latest-news","12":"tag-latestnews","13":"tag-naglowki","14":"tag-najwazniejsze-artykuly","15":"tag-news","16":"tag-polish","17":"tag-polski","18":"tag-swiat","19":"tag-top-stories","20":"tag-topstories","21":"tag-wiadomosci","22":"tag-world","23":"tag-world-news","24":"tag-worldnews"},"share_on_mastodon":{"url":"https:\/\/pubeurope.com\/@pl\/115810491639132714","error":""},"_links":{"self":[{"href":"https:\/\/www.europesays.com\/pl\/wp-json\/wp\/v2\/posts\/178812","targetHints":{"allow":["GET"]}}],"collection":[{"href":"https:\/\/www.europesays.com\/pl\/wp-json\/wp\/v2\/posts"}],"about":[{"href":"https:\/\/www.europesays.com\/pl\/wp-json\/wp\/v2\/types\/post"}],"author":[{"embeddable":true,"href":"https:\/\/www.europesays.com\/pl\/wp-json\/wp\/v2\/users\/2"}],"replies":[{"embeddable":true,"href":"https:\/\/www.europesays.com\/pl\/wp-json\/wp\/v2\/comments?post=178812"}],"version-history":[{"count":0,"href":"https:\/\/www.europesays.com\/pl\/wp-json\/wp\/v2\/posts\/178812\/revisions"}],"wp:featuredmedia":[{"embeddable":true,"href":"https:\/\/www.europesays.com\/pl\/wp-json\/wp\/v2\/media\/178813"}],"wp:attachment":[{"href":"https:\/\/www.europesays.com\/pl\/wp-json\/wp\/v2\/media?parent=178812"}],"wp:term":[{"taxonomy":"category","embeddable":true,"href":"https:\/\/www.europesays.com\/pl\/wp-json\/wp\/v2\/categories?post=178812"},{"taxonomy":"post_tag","embeddable":true,"href":"https:\/\/www.europesays.com\/pl\/wp-json\/wp\/v2\/tags?post=178812"}],"curies":[{"name":"wp","href":"https:\/\/api.w.org\/{rel}","templated":true}]}}