{"id":178814,"date":"2025-12-30T20:51:12","date_gmt":"2025-12-30T20:51:12","guid":{"rendered":"https:\/\/www.europesays.com\/pl\/178814\/"},"modified":"2025-12-30T20:51:12","modified_gmt":"2025-12-30T20:51:12","slug":"drugi-akt-oskarzenia-w-sprawie-afery-wizowej-prokuratura-krajowa","status":"publish","type":"post","link":"https:\/\/www.europesays.com\/pl\/178814\/","title":{"rendered":"Drugi akt oskar\u017cenia w sprawie afery wizowej &#8211; Prokuratura Krajowa"},"content":{"rendered":"<p>Prokurator z Lubelskiego Wydzia\u0142u Zamiejscowego Departamentu do Spraw Przest\u0119pczo\u015bci Zorganizowanej i Korupcji Prokuratury Krajowej w Lublinie skierowa\u0142 w dniu 30 grudnia 2025 r. do S\u0105du Rejonowego dla Warszawy-\u015ar\u00f3dmie\u015bcia w Warszawie akt oskar\u017cenia w \u015bledztwie dotycz\u0105cym tzw. <a href=\"https:\/\/www.gov.pl\/web\/prokuratura-krajowa\/aw\/\" rel=\"nofollow noopener\" target=\"_blank\">afery wizowej<\/a>.<\/p>\n<p>Akt oskar\u017cenia obj\u0105\u0142 4 osoby: Edgara K., Piotra W. (by\u0142ego wiceministra MSZ), Marcina J. (by\u0142ego dyrektora Departamentu Konsularnego MSZ) oraz Beat\u0119 B. (by\u0142\u0105 zast\u0119pczyni\u0119 dyrektora Departamentu Konsularnego MSZ).<\/p>\n<p>Edgar K.<\/p>\n<p>Edgar K. zosta\u0142 oskar\u017cony o pope\u0142nienie 9 przest\u0119pstw p\u0142atnej protekcji (art. 230 \u00a7 1 k.k.) w latach 2022-2023.<\/p>\n<p>Zarzucane czyny polega\u0142y na wielokrotnym powo\u0142ywaniu si\u0119 na wp\u0142ywy w Ministerstwie Spraw Zagranicznych oraz w polskich plac\u00f3wkach dyplomatycznych i konsularnych, a nast\u0119pnie podejmowaniu si\u0119 po\u015brednictwa w uzyskiwaniu wiz lub przyspieszaniu procedur wizowych dla cudzoziemc\u00f3w, w zamian za korzy\u015bci maj\u0105tkowe lub ich obietnice.<\/p>\n<p>Wed\u0142ug aktu oskar\u017cenia Edgar K. podj\u0105\u0142 si\u0119 po\u015brednictwa w sprawach wizowych co najmniej kilkuset cudzoziemc\u00f3w (ponad 600 os\u00f3b), w szczeg\u00f3lno\u015bci obywateli Indii, Nepalu, Tajlandii i Filipin, za co przyj\u0105\u0142 korzy\u015bci maj\u0105tkowe o \u0142\u0105cznej wysoko\u015bci kilkuset tysi\u0119cy z\u0142otych, w tym w walutach obcych.<\/p>\n<p>Piotr W.<\/p>\n<p>Piotr W., wiceminister spraw zagranicznych w latach 2018-2023, zosta\u0142 oskar\u017cony o pope\u0142nienie jednego przest\u0119pstwa polegaj\u0105cego na przekroczeniu\u00a0uprawnie\u0144\u00a0w okresie od lutego 2022 r. do maja 2023 r. oraz ujawnieniu osobie nieuprawnionej informacji s\u0142u\u017cbowych (art. 231 \u00a7 2 k.k. i art. 266 \u00a7 2 k.k.).<\/p>\n<p>Przekroczenie uprawnie\u0144 polega\u0142o na naruszeniu obowi\u0105zuj\u0105cych w ministerstwie procedur zwi\u0105zanych z rejestracj\u0105 i obiegiem dokument\u00f3w, podejmowaniu nieuzasadnionych interwencji dotycz\u0105cych przyspieszania procedur wizowych w zakresie cudzoziemc\u00f3w, kt\u00f3rych dane otrzymywa\u0142 od Edgara K., wp\u0142ywaniu w poszczeg\u00f3lnych przypadkach na tre\u015b\u0107 decyzji wizowych wydawanych w polskich plac\u00f3wkach konsularnych oraz udost\u0119pnieniu osobie nieuprawnionej informacji uzyskanych w zwi\u0105zku z pe\u0142nion\u0105 funkcj\u0105.<\/p>\n<p>Dzia\u0142ania te polega\u0142y m.in. na przyjmowaniu i przekazywaniu poza oficjalnym obiegiem list cudzoziemc\u00f3w, wydawaniu polece\u0144 przyjmowania wniosk\u00f3w wizowych poza kolejno\u015bci\u0105, \u017c\u0105daniu informacji o przebiegu post\u0119powa\u0144 i powodach odm\u00f3w oraz przekazywaniu Edgarowi K. danych i dokument\u00f3w pochodz\u0105cych z system\u00f3w wykorzystywanych w post\u0119powaniach wizowych.<\/p>\n<p>Piotr W. za dzia\u0142ania te nie otrzymywa\u0142 korzy\u015bci maj\u0105tkowej. Wed\u0142ug zarzutu dzia\u0142a\u0142 natomiast w celu osi\u0105gni\u0119cia przez Edgara K. korzy\u015bci maj\u0105tkowych (w kwocie 400-500 z\u0142 za ka\u017cdego sprowadzonego cudzoziemca) oraz w celu osi\u0105gni\u0119cia przez cudzoziemc\u00f3w korzy\u015bci osobistych zwi\u0105zanych z uzyskaniem wiz.<\/p>\n<p>Marcin J. i Beata B.<\/p>\n<p>Marcin J., by\u0142y dyrektor Departamentu Konsularnego MSZ, oraz Beata B., pe\u0142ni\u0105ca funkcj\u0119 jego zast\u0119pcy, zostali oskar\u017ceni o przekroczenie uprawnie\u0144 w okresie od 7 lutego 2022 r. do 4 maja 2023 r. (art. 231 \u00a7 2 k.k.).<\/p>\n<p>Przekroczenie uprawnie\u0144 polega\u0142o na naruszeniu obowi\u0105zuj\u0105cych w ministerstwie procedur zwi\u0105zanych z rejestracj\u0105 i obiegiem dokument\u00f3w, wywieraniu w spos\u00f3b niezgodny z prawem nacisk\u00f3w na czynno\u015bci w sprawach wizowych wykonywane przez konsul\u00f3w oraz podejmowaniu nieuzasadnionych interwencji dotycz\u0105cych przyspieszania procedur wizowych.<\/p>\n<p>Dzia\u0142ania te, podejmowane na polecenie sekretarza stanu Piotra W., obejmowa\u0142y m.in. nieformalne procedowanie wykaz\u00f3w cudzoziemc\u00f3w przekazywanych z MSZ do plac\u00f3wek konsularnych, polecanie przyjmowania wniosk\u00f3w poza kolejno\u015bci\u0105 oraz udzia\u0142 w czynno\u015bciach prowadz\u0105cych do zmiany decyzji wizowych wobec cz\u0119\u015bci cudzoziemc\u00f3w.<\/p>\n<p>By\u0142ym funkcjonariuszom MSZ (Piotrowi W., Marcinowi J. i Beacie B.) zarzuca si\u0119, i\u017c przekraczaj\u0105c uprawnienia dzia\u0142ali na szkod\u0119 interesu publicznego polegaj\u0105cego na \u00a0prawid\u0142owym funkcjonowaniu organ\u00f3w pa\u0144stwa, tj. Ministerstwa Spraw Zagranicznych oraz polskich plac\u00f3wek dyplomatycznych, a nadto spowodowaniu zagro\u017cenia nielegaln\u0105 migracj\u0105 bezpiecze\u0144stwa Rzeczypospolitej Polskiej oraz innych pa\u0144stw obszaru Schengen.<\/p>\n<p>Wyja\u015bnienia i \u015brodki<\/p>\n<p>Edgar K. przyzna\u0142 si\u0119 do pope\u0142nienia zarzucanych mu czyn\u00f3w i z\u0142o\u017cy\u0142 obszerne wyja\u015bnienia, ujawniaj\u0105c okoliczno\u015bci czyn\u00f3w obj\u0119tych zarzutami, kt\u00f3re pozostaj\u0105 w bezpo\u015brednim zwi\u0105zku z zarzutami przedstawionymi pozosta\u0142ym oskar\u017conym.<\/p>\n<p>Oskar\u017ceni Piotr W., Marcin J. i Beata B. nie przyznali si\u0119 do pope\u0142nienia zarzucanych im przest\u0119pstw i z\u0142o\u017cyli wyja\u015bnienia.<\/p>\n<p>Piotr W. wyja\u015bni\u0142, i\u017c jego dzia\u0142ania mie\u015bci\u0142y si\u0119 w zakresie nadzoru nad pionem konsularnym i mia\u0142y charakter informacyjny lub organizacyjny.<\/p>\n<p>Marcin J. wyja\u015bni\u0142, \u017ce dzia\u0142a\u0142 na polecenie ministra Piotra W., nie ingerowa\u0142 w merytoryczne decyzje konsul\u00f3w, a jego dzia\u0142ania mia\u0142y na celu zapewnienie jednolito\u015bci praktyki wizowej. Podkre\u015bla\u0142, \u017ce ostateczne decyzje zawsze nale\u017ca\u0142y do konsul\u00f3w.<\/p>\n<p>Beata B. wyja\u015bnia\u0142a, \u017ce realizowa\u0142a polecenia s\u0142u\u017cbowe przekazywane przez Piotra W. (bezpo\u015brednio lub za po\u015brednictwem prze\u0142o\u017conych) oraz \u017ce nie mia\u0142a wp\u0142ywu na rozstrzygni\u0119cia wizowe.<\/p>\n<p>Wobec oskar\u017conych stosowane s\u0105 \u015brodki zapobiegawcze o charakterze wolno\u015bciowym (przede wszystkim por\u0119czenie maj\u0105tkowe).<\/p>\n<p>\u017baden z oskar\u017conych nie by\u0142 dotychczas karany.\u00a0<\/p>\n<p>Przest\u0119pstwo z art. 230 \u00a7 1 k.k. (Edgar K.) zagro\u017cone jest kar\u0105 pozbawienia wolno\u015bci do 8 lat. Przest\u0119pstwo z art. 231 \u00a7 2 k.k. (pozostali oskar\u017ceni) zagro\u017cone jest kar\u0105 pozbawienia wolno\u015bci do 10 lat.<\/p>\n<p>\u015aledztwo<\/p>\n<p>\u015aledztwo w sprawie tzw. afery wizowej wszcz\u0119to 7 marca 2023 r. na podstawie materia\u0142\u00f3w nades\u0142anych z Centralnego Biura Antykorupcyjnego. \u015aledztwo jest wielow\u0105tkowe.<\/p>\n<p>W oparciu o dotychczas zgromadzony materia\u0142 dowodowy, w tym zeznania kilkudziesi\u0119ciu \u015bwiadk\u00f3w, obszern\u0105 dokumentacj\u0119 oraz dane z elektronicznych no\u015bnik\u00f3w, zarzuty pope\u0142nienia \u0142\u0105cznie 27 przest\u0119pstw przedstawiono 11 osobom. Po skierowaniu niniejszego aktu oskar\u017cenia w sprawie status podejrzanego posiada jedna osoba (poszukiwana listem go\u0144czym).<\/p>\n<p>\u015aledztwo jest kontynuowane i dotyczy przede wszystkim w\u0105tku odnosz\u0105cego si\u0119 do przebiegu prac legislacyjnych zwi\u0105zanych ze zmianami ustawy o cudzoziemcach, a nast\u0119pnie prowadzonych na podstawie tej ustawy prac dotycz\u0105cych wydania lub projektowania rozporz\u0105dze\u0144 wykonawczych, jak r\u00f3wnie\u017c utworzenia Centrum Decyzji Wizowych w \u0141odzi oraz Centrum Informacji Konsularnej w Kielcach.<\/p>\n<p><a href=\"https:\/\/www.gov.pl\/web\/prokuratura-krajowa\/pierwszy-akt-oskarzenia-afera-wizowa\" rel=\"nofollow noopener\" target=\"_blank\">Pierwszy akt oskar\u017cenia<\/a> w niniejszej sprawie zosta\u0142 sporz\u0105dzony w dniu 14 sierpnia 2025 r. i obejmowa\u0142 sze\u015b\u0107 os\u00f3b podejrzanych o pope\u0142nienie w sumie 14 przest\u0119pstw dotycz\u0105cych p\u0142atnej protekcji polegaj\u0105cych na przekazaniu Edgarowi K. korzy\u015bci maj\u0105tkowych w zamian za po\u015brednictwo w za\u0142atwieniu spraw wizowych w polskich plac\u00f3wkach konsularnych.<\/p>\n<p>\u015aledztwo prowadzi trzyosobowy zesp\u00f3\u0142 prokurator\u00f3w z Lubelskiego Wydzia\u0142u Zamiejscowego Departamentu do Spraw Przest\u0119pczo\u015bci Zorganizowanej i Korupcji w Lublinie wsp\u00f3lnie z funkcjonariuszami CBA.<\/p>\n<p>prok. Przemys\u0142aw Nowak<br \/>Rzecznik Prasowy<br \/>Prokuratury Krajowej<br \/>\u00a0<\/p>\n","protected":false},"excerpt":{"rendered":"Prokurator z Lubelskiego Wydzia\u0142u Zamiejscowego Departamentu do Spraw Przest\u0119pczo\u015bci Zorganizowanej i Korupcji Prokuratury Krajowej w Lublinie skierowa\u0142 w&hellip;\n","protected":false},"author":2,"featured_media":178815,"comment_status":"","ping_status":"","sticky":false,"template":"","format":"standard","meta":{"footnotes":""},"categories":[5],"tags":[32,33,36,37,27,34,35,28,31,25,42,38,40,39,41,29,30,26],"class_list":{"0":"post-178814","1":"post","2":"type-post","3":"status-publish","4":"format-standard","5":"has-post-thumbnail","7":"category-naglowki","8":"tag-breaking-news","9":"tag-breakingnews","10":"tag-featured-news","11":"tag-featurednews","12":"tag-headlines","13":"tag-latest-news","14":"tag-latestnews","15":"tag-naglowki","16":"tag-najwazniejsze-artykuly","17":"tag-news","18":"tag-pl","19":"tag-poland","20":"tag-polish","21":"tag-polska","22":"tag-polski","23":"tag-top-stories","24":"tag-topstories","25":"tag-wiadomosci"},"share_on_mastodon":{"url":"https:\/\/pubeurope.com\/@pl\/115810499575628870","error":""},"_links":{"self":[{"href":"https:\/\/www.europesays.com\/pl\/wp-json\/wp\/v2\/posts\/178814","targetHints":{"allow":["GET"]}}],"collection":[{"href":"https:\/\/www.europesays.com\/pl\/wp-json\/wp\/v2\/posts"}],"about":[{"href":"https:\/\/www.europesays.com\/pl\/wp-json\/wp\/v2\/types\/post"}],"author":[{"embeddable":true,"href":"https:\/\/www.europesays.com\/pl\/wp-json\/wp\/v2\/users\/2"}],"replies":[{"embeddable":true,"href":"https:\/\/www.europesays.com\/pl\/wp-json\/wp\/v2\/comments?post=178814"}],"version-history":[{"count":0,"href":"https:\/\/www.europesays.com\/pl\/wp-json\/wp\/v2\/posts\/178814\/revisions"}],"wp:featuredmedia":[{"embeddable":true,"href":"https:\/\/www.europesays.com\/pl\/wp-json\/wp\/v2\/media\/178815"}],"wp:attachment":[{"href":"https:\/\/www.europesays.com\/pl\/wp-json\/wp\/v2\/media?parent=178814"}],"wp:term":[{"taxonomy":"category","embeddable":true,"href":"https:\/\/www.europesays.com\/pl\/wp-json\/wp\/v2\/categories?post=178814"},{"taxonomy":"post_tag","embeddable":true,"href":"https:\/\/www.europesays.com\/pl\/wp-json\/wp\/v2\/tags?post=178814"}],"curies":[{"name":"wp","href":"https:\/\/api.w.org\/{rel}","templated":true}]}}