{"id":178840,"date":"2025-12-30T21:05:20","date_gmt":"2025-12-30T21:05:20","guid":{"rendered":"https:\/\/www.europesays.com\/pl\/178840\/"},"modified":"2025-12-30T21:05:20","modified_gmt":"2025-12-30T21:05:20","slug":"zmiany-w-zasadach-skladania-wnioskow-o-zasilek-opiekunczy-pacjentow-czeka-ogromne-ulatwienie","status":"publish","type":"post","link":"https:\/\/www.europesays.com\/pl\/178840\/","title":{"rendered":"Zmiany w zasadach sk\u0142adania wniosk\u00f3w o zasi\u0142ek opieku\u0144czy. Pacjent\u00f3w czeka ogromne u\u0142atwienie"},"content":{"rendered":"<p>SPIS TRE\u015aCI<\/p>\n<ol class=\"ods-a-table-of-content__items\">\n<li class=\"ods-a-table-of-content__item\"><a href=\"#toc-zasilek-opiekunczy-po-nowemu-uproszczenia-dla-pracownikow\" class=\"ods-a-table-of-content__link\">Zasi\u0142ek opieku\u0144czy po nowemu. Uproszczenia dla pracownik\u00f3w<\/a><\/li>\n<li class=\"ods-a-table-of-content__item\"><a href=\"#toc-nowe-zasady-skladania-wnioskow-o-zasilek-opiekunczy\" class=\"ods-a-table-of-content__link\">Nowe zasady sk\u0142adania wniosk\u00f3w o zasi\u0142ek opieku\u0144czy<\/a><\/li>\n<li class=\"ods-a-table-of-content__item\"><a href=\"#toc-faq-zasilek-opiekunczy-czego-dotycza-zmiany\" class=\"ods-a-table-of-content__link\">FAQ: Zasi\u0142ek opieku\u0144czy \u2013 czego dotycz\u0105 zmiany?<\/a><\/li>\n<\/ol>\n<p>Zasi\u0142ek opieku\u0144czy po nowemu. Uproszczenia dla pracownik\u00f3w<\/p>\n<p class=\"ods-c-paragraph \">Obecnie, aby uzyska\u0107 <a href=\"https:\/\/www.medonet.pl\/t\/zasilek-opiekunczy\/19106\" id=\"9d090faa-d58b-4962-bc18-2b6daa87fb23\" rel=\"nofollow noopener\" target=\"_blank\">zasi\u0142ek opieku\u0144czy<\/a>, trzeba z\u0142o\u017cy\u0107 odpowiedni wniosek do ZUS w formie pisemnej lub elektronicznej, jednak wymagany jest kwalifikowany podpis elektroniczny, podpis zaufany lub osobisty. Do wniosku nale\u017cy do\u0142\u0105czy\u0107 niezb\u0119dne dokumenty potwierdzaj\u0105ce prawo do \u015bwiadczenia. Zasady te s\u0105 szczeg\u00f3lnie uci\u0105\u017cliwe dla p\u0142atnik\u00f3w sk\u0142adek, kt\u00f3rzy musz\u0105 przekazywa\u0107 dokumenty osobno, a nie jako jeden komplet.<\/p>\n<p class=\"ods-c-paragraph \">Wed\u0142ug rz\u0105dowej informacji obecnie za\u015bwiadczenie p\u0142atnika sk\u0142adek mo\u017cna przes\u0142a\u0107 przez PUE ZUS w formie elektronicznej, jednak sam wniosek pracownika o zasi\u0142ek opieku\u0144czy musi zosta\u0107 z\u0142o\u017cony w oryginale, czyli w wersji papierowej, bezpo\u015brednio w jednostce ZUS lub przes\u0142any poczt\u0105. Co wi\u0119cej, w przypadku du\u017cych p\u0142atnik\u00f3w, kt\u00f3rzy zg\u0142aszaj\u0105 ponad 20 ubezpieczonych, pracownicy nie mog\u0105 przekazywa\u0107 wniosk\u00f3w elektronicznie, a jedynie w formie papierowej z w\u0142asnor\u0119cznym podpisem.<\/p>\n<p>Dalszy ci\u0105g artyku\u0142u pod materia\u0142em wideo<\/p>\n<p> Jakie zmiany wprowadzi nowelizacja ustawy o zasi\u0142ku opieku\u0144czym? <\/p>\n<p> Co b\u0119dzie mo\u017cna przesy\u0142a\u0107 do ZUS w formie elektronicznej? <\/p>\n<p> Dlaczego obecny system jest uci\u0105\u017cliwy dla p\u0142atnik\u00f3w sk\u0142adek? <\/p>\n<p> Kto zyska na nowych zasadach dotycz\u0105cych zasi\u0142ku opieku\u0144czego? <\/p>\n<p>  Nowe zasady sk\u0142adania wniosk\u00f3w o zasi\u0142ek opieku\u0144czy<\/p>\n<p class=\"ods-c-paragraph \">Projekt nowelizacji ustawy o \u015bwiadczeniach pieni\u0119\u017cnych z ubezpieczenia spo\u0142ecznego w razie choroby i macierzy\u0144stwa przewiduje uproszczenie obecnych procedur. Autorzy projektu podkre\u015blili, \u017ce obecne przepisy nie pozwalaj\u0105 na sk\u0142adanie wniosk\u00f3w o zasi\u0142ek opieku\u0144czy w formie elektronicznej jako skanu, poniewa\u017c taki dokument nie jest uznawany za orygina\u0142.<\/p>\n<p class=\"ods-c-paragraph \">Rz\u0105d proponuje, aby p\u0142atnicy sk\u0142adek i biura rachunkowe mogli przesy\u0142a\u0107 wnioski o zasi\u0142ek opieku\u0144czy do ZUS w formie elektronicznej. Przewidziano tak\u017ce zmiany dotycz\u0105ce przekazywania dokument\u00f3w niezb\u0119dnych do przyznania \u015bwiadczenia bezpo\u015brednio do p\u0142atnik\u00f3w sk\u0142adek.<\/p>\n<p class=\"ods-c-paragraph \">&#8222;Konieczne jest wprowadzenie elektronizacji w tym zakresie, gdy\u017c obecny tryb jest postrzegany jako nieprzystaj\u0105cy do obecnej rzeczywisto\u015bci i nieefektywny&#8221; \u2013 podkre\u015blono w rz\u0105dowej informacji.<\/p>\n<p class=\"ods-c-paragraph \">Zmiany maj\u0105 na celu dostosowanie przepis\u00f3w do wsp\u00f3\u0142czesnych reali\u00f3w oraz zwi\u0119kszenie efektywno\u015bci procesu przyznawania zasi\u0142ku opieku\u0144czego. Skorzystaj\u0105 na tym zar\u00f3wno pracodawcy, jak i pracownicy, kt\u00f3rzy ubiegaj\u0105 si\u0119 o \u015bwiadczenie.<\/p>\n<p>FAQ: Zasi\u0142ek opieku\u0144czy \u2013 czego dotycz\u0105 zmiany?<\/p>\n<p class=\"ods-c-paragraph \">1. Co si\u0119 zmieni w zasadach sk\u0142adania wniosku o zasi\u0142ek opieku\u0144czy?<\/p>\n<p class=\"ods-c-paragraph \">Projekt ustawy zak\u0142ada uproszczenie procedur i wi\u0119ksz\u0105 elektronizacj\u0119. P\u0142atnicy sk\u0142adek oraz biura rachunkowe b\u0119d\u0105 mog\u0142y przesy\u0142a\u0107 wnioski i dokumenty do ZUS w formie elektronicznej, bez konieczno\u015bci dostarczania papierowych orygina\u0142\u00f3w. Ma to zlikwidowa\u0107 obowi\u0105zek sk\u0142adania cz\u0119\u015bci dokument\u00f3w wy\u0142\u0105cznie w wersji papierowej. Zmiany maj\u0105 przyspieszy\u0107 i u\u0142atwi\u0107 ca\u0142y proces.<\/p>\n<p class=\"ods-c-paragraph \">2. Dlaczego obecne przepisy s\u0105 problematyczne dla pracownik\u00f3w i pracodawc\u00f3w?<\/p>\n<p class=\"ods-c-paragraph \">Obecnie wniosek o zasi\u0142ek opieku\u0144czy cz\u0119sto musi by\u0107 sk\u0142adany w oryginale, czyli papierowo, nawet je\u015bli inne dokumenty trafiaj\u0105 do ZUS elektronicznie. Jest to szczeg\u00f3lnie uci\u0105\u017cliwe dla du\u017cych pracodawc\u00f3w zg\u0142aszaj\u0105cych ponad 20 ubezpieczonych, gdzie pracownicy nie mog\u0105 korzysta\u0107 z formy elektronicznej. Konieczno\u015b\u0107 osobnego przekazywania dokument\u00f3w wyd\u0142u\u017ca procedur\u0119 i zwi\u0119ksza formalno\u015bci. Rz\u0105d uzna\u0142 te rozwi\u0105zania za nieefektywne i niedostosowane do reali\u00f3w.<\/p>\n<p class=\"ods-c-paragraph \">3. Kto skorzysta na nowych zasadach dotycz\u0105cych zasi\u0142ku opieku\u0144czego?<\/p>\n<p class=\"ods-c-paragraph \">Na zmianach skorzystaj\u0105 zar\u00f3wno pracownicy ubiegaj\u0105cy si\u0119 o zasi\u0142ek opieku\u0144czy, jak i pracodawcy oraz biura rachunkowe. Elektroniczne przekazywanie wniosk\u00f3w ma przyspieszy\u0107 ich rozpatrywanie w ZUS. Uproszczenie procedur mo\u017ce u\u0142atwi\u0107 uzyskanie \u015bwiadczenia osobom sprawuj\u0105cym opiek\u0119 nad chorym dzieckiem lub innym cz\u0142onkiem rodziny. Celem zmian jest wi\u0119ksza dost\u0119pno\u015b\u0107 i sprawniejsze przyznawanie zasi\u0142ku.<\/p>\n<p><a href=\"https:\/\/csr.onet.pl\/1746213\/trk\/adclick\/das,1824309,0?CS=tracking\" title=\"MedonetPRO OnetPremium\" data-astro-prefetch=\"tap\" rel=\"nofollow noopener\" target=\"_blank\"> <img decoding=\"async\" src=\"https:\/\/www.europesays.com\/pl\/wp-content\/uploads\/2025\/10\/1760947870_673_9xOk9lBaHR0cHM6Ly9vY2RuLmV1L3B1bHNjbXMvTURBXy9hMGY5NWNmMDcwYzA5MjFiZDc2NTFlYzU4MDEzNGIzNy5wbmeSlQMAA.jpeg\" height=\"200\" width=\"840\" alt=\"MedonetPRO OnetPremium\" loading=\"lazy\" class=\"ods-c-image__img ods-c-image__img--viewport-width\"\/> <\/a><\/p>\n<p>MedonetPRO OnetPremiumMedonet<\/p>\n<p>  Tre\u015bci z serwisu Medonet maj\u0105 na celu polepszenie, a nie zast\u0105pienie, kontaktu pomi\u0119dzy U\u017cytkownikiem a jego lekarzem. Serwis ma charakter wy\u0142\u0105cznie informacyjno-edukacyjny. Przed zastosowaniem si\u0119 do porad z zakresu wiedzy specjalistycznej, w szczeg\u00f3lno\u015bci medycznych, zawartych w Serwisie nale\u017cy bezwzgl\u0119dnie skonsultowa\u0107 si\u0119 z lekarzem. <\/p>\n","protected":false},"excerpt":{"rendered":"SPIS TRE\u015aCI Zasi\u0142ek opieku\u0144czy po nowemu. Uproszczenia dla pracownik\u00f3w Nowe zasady sk\u0142adania wniosk\u00f3w o zasi\u0142ek opieku\u0144czy FAQ: Zasi\u0142ek&hellip;\n","protected":false},"author":2,"featured_media":178841,"comment_status":"","ping_status":"","sticky":false,"template":"","format":"standard","meta":{"footnotes":""},"categories":[5],"tags":[32,33,36,37,27,34,35,28,31,48,25,46,17742,42,38,40,39,41,47,35080,29,30,26,7839,35081],"class_list":{"0":"post-178840","1":"post","2":"type-post","3":"status-publish","4":"format-standard","5":"has-post-thumbnail","7":"category-naglowki","8":"tag-breaking-news","9":"tag-breakingnews","10":"tag-featured-news","11":"tag-featurednews","12":"tag-headlines","13":"tag-latest-news","14":"tag-latestnews","15":"tag-naglowki","16":"tag-najwazniejsze-artykuly","17":"tag-nat_styl","18":"tag-news","19":"tag-omp","20":"tag-opieka_nad_pacjentem","21":"tag-pl","22":"tag-poland","23":"tag-polish","24":"tag-polska","25":"tag-polski","26":"tag-screening_general","27":"tag-swiadczenia_pielegnacyjne","28":"tag-top-stories","29":"tag-topstories","30":"tag-wiadomosci","31":"tag-zasilek","32":"tag-zasilek_chorobowy"},"share_on_mastodon":{"url":"https:\/\/pubeurope.com\/@pl\/115810554697906594","error":""},"_links":{"self":[{"href":"https:\/\/www.europesays.com\/pl\/wp-json\/wp\/v2\/posts\/178840","targetHints":{"allow":["GET"]}}],"collection":[{"href":"https:\/\/www.europesays.com\/pl\/wp-json\/wp\/v2\/posts"}],"about":[{"href":"https:\/\/www.europesays.com\/pl\/wp-json\/wp\/v2\/types\/post"}],"author":[{"embeddable":true,"href":"https:\/\/www.europesays.com\/pl\/wp-json\/wp\/v2\/users\/2"}],"replies":[{"embeddable":true,"href":"https:\/\/www.europesays.com\/pl\/wp-json\/wp\/v2\/comments?post=178840"}],"version-history":[{"count":0,"href":"https:\/\/www.europesays.com\/pl\/wp-json\/wp\/v2\/posts\/178840\/revisions"}],"wp:featuredmedia":[{"embeddable":true,"href":"https:\/\/www.europesays.com\/pl\/wp-json\/wp\/v2\/media\/178841"}],"wp:attachment":[{"href":"https:\/\/www.europesays.com\/pl\/wp-json\/wp\/v2\/media?parent=178840"}],"wp:term":[{"taxonomy":"category","embeddable":true,"href":"https:\/\/www.europesays.com\/pl\/wp-json\/wp\/v2\/categories?post=178840"},{"taxonomy":"post_tag","embeddable":true,"href":"https:\/\/www.europesays.com\/pl\/wp-json\/wp\/v2\/tags?post=178840"}],"curies":[{"name":"wp","href":"https:\/\/api.w.org\/{rel}","templated":true}]}}